{"id":792,"date":"2018-04-05T15:18:00","date_gmt":"2018-04-05T18:18:00","guid":{"rendered":"http:\/\/cdmf.org.br\/difusao\/?p=792"},"modified":"2018-04-05T15:18:00","modified_gmt":"2018-04-05T18:18:00","slug":"ufscar-realiza-simposio-sobre-difusao-e-divulgacao-cientifica","status":"publish","type":"post","link":"http:\/\/cdmf.org.br\/difusao\/ufscar-realiza-simposio-sobre-difusao-e-divulgacao-cientifica\/","title":{"rendered":"UFSCar realiza simp\u00f3sio sobre difus\u00e3o e divulga\u00e7\u00e3o cient\u00edfica"},"content":{"rendered":"<p>Uma promo\u00e7\u00e3o do\u00a0Centro de Desenvolvimento de Materiais Funcionais (CDMF), em parceria com o\u00a0Laborat\u00f3rio Aberto de Interatividade para a Dissemina\u00e7\u00e3o do Conhecimento Cient\u00edfico e Tecnol\u00f3gico (LAbI)\u00a0da UFSCar.<\/p>\n<p><!--more--><\/p>\n<p><em>Mariana Pezzo &#8211; Publicado em 03-04-2018 15:00<\/em><\/p>\n<p>De 17 a 19 de abril, acontece na UFSCar o\u00a0<u><a href=\"http:\/\/cdmf.org.br\/difusao\/\" target=\"_blank\" rel=\"noopener\">I Simp\u00f3sio de Difus\u00e3o e Divulga\u00e7\u00e3o Cient\u00edfica em Cepids<\/a><\/u>\u00a0(Centros de Pesquisa, Inova\u00e7\u00e3o e Difus\u00e3o), que pretende reunir pesquisadores de diferentes \u00e1reas do conhecimento, comunicadores e outros profissionais envolvidos e\/ou interessados na tem\u00e1tica para refletir sobre desafios e planejar a\u00e7\u00f5es voltadas \u00e0 dissemina\u00e7\u00e3o cada vez mais ampla do conhecimento cient\u00edfico. O evento, gratuito e aberto a todas as pessoas interessadas, \u00e9 uma promo\u00e7\u00e3o do\u00a0<u><a href=\"http:\/\/cdmf.org.br\/\" target=\"_blank\" rel=\"noopener\">Centro de Desenvolvimento de Materiais Funcionais (CDMF)<\/a><\/u>, um dos Cepids apoiados pela Funda\u00e7\u00e3o de Amparo \u00e0 Pesquisa do Estado de S\u00e3o Paulo (Fapesp), em parceria com o\u00a0<u><a href=\"http:\/\/www.labi.ufscar.br\/\" target=\"_blank\" rel=\"noopener\">Laborat\u00f3rio Aberto de Interatividade para a Dissemina\u00e7\u00e3o do Conhecimento Cient\u00edfico e Tecnol\u00f3gico (LAbI)<\/a><\/u>\u00a0da UFSCar.<\/p>\n<p>&#8220;Os Cepids, j\u00e1 na sua constitui\u00e7\u00e3o, t\u00eam a miss\u00e3o de difundir o conhecimento que produzem. Apesar de cada vez mais se falar na relev\u00e2ncia da divulga\u00e7\u00e3o cient\u00edfica, sabemos que ainda temos muitos desafios para encontrar as melhores estrat\u00e9gias e avaliar os impactos das pr\u00e1ticas. Assim, entendendo que os Cepids, justamente por seu modelo de atua\u00e7\u00e3o, podem ser considerados uma refer\u00eancia, propusemos o evento como uma oportunidade de conhecermos o que est\u00e1 sendo realizado nesses centros&#8221;, conta o Coordenador do LAbI e respons\u00e1vel pela \u00e1rea de difus\u00e3o no CDMF, Adilson de Oliveira, docente no Departamento de F\u00edsica (DF) da UFSCar. &#8220;A atividade de divulga\u00e7\u00e3o cient\u00edfica ainda \u00e9 uma novidade para grande parte dos pesquisadores. Por isso, um dos objetivos do evento \u00e9 que possamos compartilhar boas pr\u00e1ticas e, tamb\u00e9m, as dificuldades encontradas, n\u00e3o s\u00f3 para aprendermos uns com os outros, mas tamb\u00e9m para planejarmos juntos poss\u00edveis solu\u00e7\u00f5es&#8221;, complementa a jornalista Mariana Pezzo, Coordenadora Executiva do LAbI.<\/p>\n<p>Al\u00e9m da apresenta\u00e7\u00e3o das atividades dos Cepids (15 dos 17 Centros j\u00e1 confirmaram participa\u00e7\u00e3o), haver\u00e1 debates mais amplos sobre a divulga\u00e7\u00e3o do conhecimento. Para isso, um dos convidados \u00e9 Ildeu de Castro Moreira, Presidente da Sociedade Brasileira para o Progresso da Ci\u00eancia (SBPC) e um dos precursores e grande refer\u00eancia da divulga\u00e7\u00e3o cient\u00edfica no Brasil. Uma outra mesa reunir\u00e1 profissionais que se destacam na \u00e1rea: Reinaldo Jos\u00e9 Lopes, jornalista de Ci\u00eancia que colabora com a\u00a0<em>Folha de S. Paulo<\/em>\u00a0e tem v\u00e1rios livros de divulga\u00e7\u00e3o publicados; Nathan Fernandes, editor da revista\u00a0<em>Galileu<\/em>; Alexandra Oz\u00f3rio de Almeida, Diretora de Reda\u00e7\u00e3o da revista\u00a0<em>Pesquisa<\/em>, da Fapesp; e Marina Gomes, editora da revista\u00a0<em>ComCi\u00eancia<\/em>, publica\u00e7\u00e3o do Laborat\u00f3rio de Estudos Avan\u00e7ados em Jornalismo (Labjor) da Universidade Estadual de Campinas (Unicamp).<\/p>\n<p>A programa\u00e7\u00e3o completa est\u00e1 no\u00a0<u><a href=\"http:\/\/cdmf.org.br\/difusao\/\" target=\"_blank\" rel=\"noopener\">site do Simp\u00f3sio<\/a><\/u>. As inscri\u00e7\u00f5es &#8211; gratuitas e abertas a todas as pessoas interessadas &#8211; tamb\u00e9m s\u00e3o realizadas no site. O evento acontece no audit\u00f3rio do Centro de Pesquisas em Materiais Avan\u00e7ados e Energia (CPQMAE), na \u00e1rea Norte do Campus S\u00e3o Carlos da UFSCar.<\/p>\n","protected":false},"excerpt":{"rendered":"<p>Uma promo\u00e7\u00e3o do\u00a0Centro de Desenvolvimento de Materiais Funcionais (CDMF), em parceria com o\u00a0Laborat\u00f3rio Aberto de Interatividade para a Dissemina\u00e7\u00e3o do Conhecimento Cient\u00edfico e Tecnol\u00f3gico (LAbI)\u00a0da&hellip;<\/p>\n<p><a href=\"http:\/\/cdmf.org.br\/difusao\/ufscar-realiza-simposio-sobre-difusao-e-divulgacao-cientifica\/\" class=\"read-more-link\"><span class=\"read-more-icon\"><\/span>Leia mais<\/a><\/p>\n","protected":false},"author":1,"featured_media":618,"comment_status":"open","ping_status":"open","sticky":false,"template":"","format":"standard","meta":{"_exactmetrics_skip_tracking":false,"_exactmetrics_sitenote_active":false,"_exactmetrics_sitenote_note":"","_exactmetrics_sitenote_category":0,"footnotes":""},"categories":[2],"tags":[],"class_list":["post-792","post","type-post","status-publish","format-standard","has-post-thumbnail","hentry","category-noticias"],"yoast_head":"<!-- This site is optimized with the Yoast SEO plugin v26.9 - https:\/\/yoast.com\/product\/yoast-seo-wordpress\/ -->\n<title>UFSCar realiza simp\u00f3sio sobre difus\u00e3o e divulga\u00e7\u00e3o cient\u00edfica<\/title>\n<meta name=\"description\" content=\"Uma promo\u00e7\u00e3o do\u00a0Centro de Desenvolvimento de Materiais Funcionais (CDMF), em parceria com o\u00a0Laborat\u00f3rio Aberto de Interatividade para a Dissemina\u00e7\u00e3o do Conhecimento Cient\u00edfico e Tecnol\u00f3gico (LAbI)\u00a0da UFSCar.\" \/>\n<meta name=\"robots\" content=\"index, follow, max-snippet:-1, max-image-preview:large, max-video-preview:-1\" \/>\n<link rel=\"canonical\" href=\"https:\/\/cdmf.org.br\/difusao\/ufscar-realiza-simposio-sobre-difusao-e-divulgacao-cientifica\/\" \/>\n<meta property=\"og:locale\" content=\"pt_BR\" \/>\n<meta property=\"og:type\" content=\"article\" \/>\n<meta property=\"og:title\" content=\"UFSCar realiza simp\u00f3sio sobre difus\u00e3o e divulga\u00e7\u00e3o cient\u00edfica\" \/>\n<meta property=\"og:description\" content=\"Uma promo\u00e7\u00e3o do\u00a0Centro de Desenvolvimento de Materiais Funcionais (CDMF), em parceria com o\u00a0Laborat\u00f3rio Aberto de Interatividade para a Dissemina\u00e7\u00e3o do Conhecimento Cient\u00edfico e Tecnol\u00f3gico (LAbI)\u00a0da UFSCar.\" \/>\n<meta property=\"og:url\" content=\"https:\/\/cdmf.org.br\/difusao\/ufscar-realiza-simposio-sobre-difusao-e-divulgacao-cientifica\/\" \/>\n<meta property=\"og:site_name\" content=\"I Simp\u00f3sio de Difus\u00e3o e Divulga\u00e7\u00e3o Cient\u00edfica em CEPIDs\" \/>\n<meta property=\"article:publisher\" content=\"https:\/\/www.facebook.com\/labiufscar\/\" \/>\n<meta property=\"article:published_time\" content=\"2018-04-05T18:18:00+00:00\" \/>\n<meta property=\"og:image\" content=\"https:\/\/cdmf.org.br\/difusao\/wp-content\/uploads\/2018\/03\/cpqmae.jpg\" \/>\n\t<meta property=\"og:image:width\" content=\"1168\" \/>\n\t<meta property=\"og:image:height\" content=\"783\" \/>\n\t<meta property=\"og:image:type\" content=\"image\/jpeg\" \/>\n<meta name=\"author\" content=\"LAbI UFSCar\" \/>\n<meta name=\"twitter:card\" content=\"summary_large_image\" \/>\n<meta name=\"twitter:label1\" content=\"Escrito por\" \/>\n\t<meta name=\"twitter:data1\" content=\"LAbI UFSCar\" \/>\n\t<meta name=\"twitter:label2\" content=\"Est. tempo de leitura\" \/>\n\t<meta name=\"twitter:data2\" content=\"3 minutos\" \/>\n<script type=\"application\/ld+json\" class=\"yoast-schema-graph\">{\"@context\":\"https:\/\/schema.org\",\"@graph\":[{\"@type\":\"Article\",\"@id\":\"https:\/\/cdmf.org.br\/difusao\/ufscar-realiza-simposio-sobre-difusao-e-divulgacao-cientifica\/#article\",\"isPartOf\":{\"@id\":\"https:\/\/cdmf.org.br\/difusao\/ufscar-realiza-simposio-sobre-difusao-e-divulgacao-cientifica\/\"},\"author\":{\"name\":\"LAbI UFSCar\",\"@id\":\"http:\/\/cdmf.org.br\/difusao\/#\/schema\/person\/b80fafef8317310f8cfbe7e23d4da309\"},\"headline\":\"UFSCar realiza simp\u00f3sio sobre difus\u00e3o e divulga\u00e7\u00e3o cient\u00edfica\",\"datePublished\":\"2018-04-05T18:18:00+00:00\",\"mainEntityOfPage\":{\"@id\":\"https:\/\/cdmf.org.br\/difusao\/ufscar-realiza-simposio-sobre-difusao-e-divulgacao-cientifica\/\"},\"wordCount\":553,\"commentCount\":0,\"image\":{\"@id\":\"https:\/\/cdmf.org.br\/difusao\/ufscar-realiza-simposio-sobre-difusao-e-divulgacao-cientifica\/#primaryimage\"},\"thumbnailUrl\":\"http:\/\/cdmf.org.br\/difusao\/wp-content\/uploads\/2018\/03\/cpqmae.jpg\",\"articleSection\":[\"Not\u00edcias\"],\"inLanguage\":\"pt-BR\",\"potentialAction\":[{\"@type\":\"CommentAction\",\"name\":\"Comment\",\"target\":[\"https:\/\/cdmf.org.br\/difusao\/ufscar-realiza-simposio-sobre-difusao-e-divulgacao-cientifica\/#respond\"]}]},{\"@type\":\"WebPage\",\"@id\":\"https:\/\/cdmf.org.br\/difusao\/ufscar-realiza-simposio-sobre-difusao-e-divulgacao-cientifica\/\",\"url\":\"https:\/\/cdmf.org.br\/difusao\/ufscar-realiza-simposio-sobre-difusao-e-divulgacao-cientifica\/\",\"name\":\"UFSCar realiza simp\u00f3sio sobre difus\u00e3o e divulga\u00e7\u00e3o cient\u00edfica\",\"isPartOf\":{\"@id\":\"http:\/\/cdmf.org.br\/difusao\/#website\"},\"primaryImageOfPage\":{\"@id\":\"https:\/\/cdmf.org.br\/difusao\/ufscar-realiza-simposio-sobre-difusao-e-divulgacao-cientifica\/#primaryimage\"},\"image\":{\"@id\":\"https:\/\/cdmf.org.br\/difusao\/ufscar-realiza-simposio-sobre-difusao-e-divulgacao-cientifica\/#primaryimage\"},\"thumbnailUrl\":\"http:\/\/cdmf.org.br\/difusao\/wp-content\/uploads\/2018\/03\/cpqmae.jpg\",\"datePublished\":\"2018-04-05T18:18:00+00:00\",\"author\":{\"@id\":\"http:\/\/cdmf.org.br\/difusao\/#\/schema\/person\/b80fafef8317310f8cfbe7e23d4da309\"},\"description\":\"Uma promo\u00e7\u00e3o do\u00a0Centro de Desenvolvimento de Materiais Funcionais (CDMF), em parceria com o\u00a0Laborat\u00f3rio Aberto de Interatividade para a Dissemina\u00e7\u00e3o do Conhecimento Cient\u00edfico e Tecnol\u00f3gico (LAbI)\u00a0da UFSCar.\",\"breadcrumb\":{\"@id\":\"https:\/\/cdmf.org.br\/difusao\/ufscar-realiza-simposio-sobre-difusao-e-divulgacao-cientifica\/#breadcrumb\"},\"inLanguage\":\"pt-BR\",\"potentialAction\":[{\"@type\":\"ReadAction\",\"target\":[\"https:\/\/cdmf.org.br\/difusao\/ufscar-realiza-simposio-sobre-difusao-e-divulgacao-cientifica\/\"]}]},{\"@type\":\"ImageObject\",\"inLanguage\":\"pt-BR\",\"@id\":\"https:\/\/cdmf.org.br\/difusao\/ufscar-realiza-simposio-sobre-difusao-e-divulgacao-cientifica\/#primaryimage\",\"url\":\"http:\/\/cdmf.org.br\/difusao\/wp-content\/uploads\/2018\/03\/cpqmae.jpg\",\"contentUrl\":\"http:\/\/cdmf.org.br\/difusao\/wp-content\/uploads\/2018\/03\/cpqmae.jpg\",\"width\":1168,\"height\":783,\"caption\":\"simp\u00f3sio difus\u00e3o cient\u00edfica\"},{\"@type\":\"BreadcrumbList\",\"@id\":\"https:\/\/cdmf.org.br\/difusao\/ufscar-realiza-simposio-sobre-difusao-e-divulgacao-cientifica\/#breadcrumb\",\"itemListElement\":[{\"@type\":\"ListItem\",\"position\":1,\"name\":\"In\u00edcio\",\"item\":\"http:\/\/cdmf.org.br\/difusao\/\"},{\"@type\":\"ListItem\",\"position\":2,\"name\":\"UFSCar realiza simp\u00f3sio sobre difus\u00e3o e divulga\u00e7\u00e3o cient\u00edfica\"}]},{\"@type\":\"WebSite\",\"@id\":\"http:\/\/cdmf.org.br\/difusao\/#website\",\"url\":\"http:\/\/cdmf.org.br\/difusao\/\",\"name\":\"I Simp\u00f3sio de Difus\u00e3o e Divulga\u00e7\u00e3o Cient\u00edfica em CEPIDs\",\"description\":\"LAbI - UFSCar\",\"potentialAction\":[{\"@type\":\"SearchAction\",\"target\":{\"@type\":\"EntryPoint\",\"urlTemplate\":\"http:\/\/cdmf.org.br\/difusao\/?s={search_term_string}\"},\"query-input\":{\"@type\":\"PropertyValueSpecification\",\"valueRequired\":true,\"valueName\":\"search_term_string\"}}],\"inLanguage\":\"pt-BR\"},{\"@type\":\"Person\",\"@id\":\"http:\/\/cdmf.org.br\/difusao\/#\/schema\/person\/b80fafef8317310f8cfbe7e23d4da309\",\"name\":\"LAbI UFSCar\",\"image\":{\"@type\":\"ImageObject\",\"inLanguage\":\"pt-BR\",\"@id\":\"http:\/\/cdmf.org.br\/difusao\/#\/schema\/person\/image\/\",\"url\":\"https:\/\/secure.gravatar.com\/avatar\/12a7eca69d80041ba1ec4d8a982f14f38d7ebc5ec1d6e844decf3c74fc0f27bb?s=96&d=mm&r=g\",\"contentUrl\":\"https:\/\/secure.gravatar.com\/avatar\/12a7eca69d80041ba1ec4d8a982f14f38d7ebc5ec1d6e844decf3c74fc0f27bb?s=96&d=mm&r=g\",\"caption\":\"LAbI UFSCar\"},\"url\":\"http:\/\/cdmf.org.br\/difusao\/author\/labi-ufscar\/\"}]}<\/script>\n<!-- \/ Yoast SEO plugin. -->","yoast_head_json":{"title":"UFSCar realiza simp\u00f3sio sobre difus\u00e3o e divulga\u00e7\u00e3o cient\u00edfica","description":"Uma promo\u00e7\u00e3o do\u00a0Centro de Desenvolvimento de Materiais Funcionais (CDMF), em parceria com o\u00a0Laborat\u00f3rio Aberto de Interatividade para a Dissemina\u00e7\u00e3o do Conhecimento Cient\u00edfico e Tecnol\u00f3gico (LAbI)\u00a0da UFSCar.","robots":{"index":"index","follow":"follow","max-snippet":"max-snippet:-1","max-image-preview":"max-image-preview:large","max-video-preview":"max-video-preview:-1"},"canonical":"https:\/\/cdmf.org.br\/difusao\/ufscar-realiza-simposio-sobre-difusao-e-divulgacao-cientifica\/","og_locale":"pt_BR","og_type":"article","og_title":"UFSCar realiza simp\u00f3sio sobre difus\u00e3o e divulga\u00e7\u00e3o cient\u00edfica","og_description":"Uma promo\u00e7\u00e3o do\u00a0Centro de Desenvolvimento de Materiais Funcionais (CDMF), em parceria com o\u00a0Laborat\u00f3rio Aberto de Interatividade para a Dissemina\u00e7\u00e3o do Conhecimento Cient\u00edfico e Tecnol\u00f3gico (LAbI)\u00a0da UFSCar.","og_url":"https:\/\/cdmf.org.br\/difusao\/ufscar-realiza-simposio-sobre-difusao-e-divulgacao-cientifica\/","og_site_name":"I Simp\u00f3sio de Difus\u00e3o e Divulga\u00e7\u00e3o Cient\u00edfica em CEPIDs","article_publisher":"https:\/\/www.facebook.com\/labiufscar\/","article_published_time":"2018-04-05T18:18:00+00:00","og_image":[{"width":1168,"height":783,"url":"https:\/\/cdmf.org.br\/difusao\/wp-content\/uploads\/2018\/03\/cpqmae.jpg","type":"image\/jpeg"}],"author":"LAbI UFSCar","twitter_card":"summary_large_image","twitter_misc":{"Escrito por":"LAbI UFSCar","Est. tempo de leitura":"3 minutos"},"schema":{"@context":"https:\/\/schema.org","@graph":[{"@type":"Article","@id":"https:\/\/cdmf.org.br\/difusao\/ufscar-realiza-simposio-sobre-difusao-e-divulgacao-cientifica\/#article","isPartOf":{"@id":"https:\/\/cdmf.org.br\/difusao\/ufscar-realiza-simposio-sobre-difusao-e-divulgacao-cientifica\/"},"author":{"name":"LAbI UFSCar","@id":"http:\/\/cdmf.org.br\/difusao\/#\/schema\/person\/b80fafef8317310f8cfbe7e23d4da309"},"headline":"UFSCar realiza simp\u00f3sio sobre difus\u00e3o e divulga\u00e7\u00e3o cient\u00edfica","datePublished":"2018-04-05T18:18:00+00:00","mainEntityOfPage":{"@id":"https:\/\/cdmf.org.br\/difusao\/ufscar-realiza-simposio-sobre-difusao-e-divulgacao-cientifica\/"},"wordCount":553,"commentCount":0,"image":{"@id":"https:\/\/cdmf.org.br\/difusao\/ufscar-realiza-simposio-sobre-difusao-e-divulgacao-cientifica\/#primaryimage"},"thumbnailUrl":"http:\/\/cdmf.org.br\/difusao\/wp-content\/uploads\/2018\/03\/cpqmae.jpg","articleSection":["Not\u00edcias"],"inLanguage":"pt-BR","potentialAction":[{"@type":"CommentAction","name":"Comment","target":["https:\/\/cdmf.org.br\/difusao\/ufscar-realiza-simposio-sobre-difusao-e-divulgacao-cientifica\/#respond"]}]},{"@type":"WebPage","@id":"https:\/\/cdmf.org.br\/difusao\/ufscar-realiza-simposio-sobre-difusao-e-divulgacao-cientifica\/","url":"https:\/\/cdmf.org.br\/difusao\/ufscar-realiza-simposio-sobre-difusao-e-divulgacao-cientifica\/","name":"UFSCar realiza simp\u00f3sio sobre difus\u00e3o e divulga\u00e7\u00e3o cient\u00edfica","isPartOf":{"@id":"http:\/\/cdmf.org.br\/difusao\/#website"},"primaryImageOfPage":{"@id":"https:\/\/cdmf.org.br\/difusao\/ufscar-realiza-simposio-sobre-difusao-e-divulgacao-cientifica\/#primaryimage"},"image":{"@id":"https:\/\/cdmf.org.br\/difusao\/ufscar-realiza-simposio-sobre-difusao-e-divulgacao-cientifica\/#primaryimage"},"thumbnailUrl":"http:\/\/cdmf.org.br\/difusao\/wp-content\/uploads\/2018\/03\/cpqmae.jpg","datePublished":"2018-04-05T18:18:00+00:00","author":{"@id":"http:\/\/cdmf.org.br\/difusao\/#\/schema\/person\/b80fafef8317310f8cfbe7e23d4da309"},"description":"Uma promo\u00e7\u00e3o do\u00a0Centro de Desenvolvimento de Materiais Funcionais (CDMF), em parceria com o\u00a0Laborat\u00f3rio Aberto de Interatividade para a Dissemina\u00e7\u00e3o do Conhecimento Cient\u00edfico e Tecnol\u00f3gico (LAbI)\u00a0da UFSCar.","breadcrumb":{"@id":"https:\/\/cdmf.org.br\/difusao\/ufscar-realiza-simposio-sobre-difusao-e-divulgacao-cientifica\/#breadcrumb"},"inLanguage":"pt-BR","potentialAction":[{"@type":"ReadAction","target":["https:\/\/cdmf.org.br\/difusao\/ufscar-realiza-simposio-sobre-difusao-e-divulgacao-cientifica\/"]}]},{"@type":"ImageObject","inLanguage":"pt-BR","@id":"https:\/\/cdmf.org.br\/difusao\/ufscar-realiza-simposio-sobre-difusao-e-divulgacao-cientifica\/#primaryimage","url":"http:\/\/cdmf.org.br\/difusao\/wp-content\/uploads\/2018\/03\/cpqmae.jpg","contentUrl":"http:\/\/cdmf.org.br\/difusao\/wp-content\/uploads\/2018\/03\/cpqmae.jpg","width":1168,"height":783,"caption":"simp\u00f3sio difus\u00e3o cient\u00edfica"},{"@type":"BreadcrumbList","@id":"https:\/\/cdmf.org.br\/difusao\/ufscar-realiza-simposio-sobre-difusao-e-divulgacao-cientifica\/#breadcrumb","itemListElement":[{"@type":"ListItem","position":1,"name":"In\u00edcio","item":"http:\/\/cdmf.org.br\/difusao\/"},{"@type":"ListItem","position":2,"name":"UFSCar realiza simp\u00f3sio sobre difus\u00e3o e divulga\u00e7\u00e3o cient\u00edfica"}]},{"@type":"WebSite","@id":"http:\/\/cdmf.org.br\/difusao\/#website","url":"http:\/\/cdmf.org.br\/difusao\/","name":"I Simp\u00f3sio de Difus\u00e3o e Divulga\u00e7\u00e3o Cient\u00edfica em CEPIDs","description":"LAbI - UFSCar","potentialAction":[{"@type":"SearchAction","target":{"@type":"EntryPoint","urlTemplate":"http:\/\/cdmf.org.br\/difusao\/?s={search_term_string}"},"query-input":{"@type":"PropertyValueSpecification","valueRequired":true,"valueName":"search_term_string"}}],"inLanguage":"pt-BR"},{"@type":"Person","@id":"http:\/\/cdmf.org.br\/difusao\/#\/schema\/person\/b80fafef8317310f8cfbe7e23d4da309","name":"LAbI UFSCar","image":{"@type":"ImageObject","inLanguage":"pt-BR","@id":"http:\/\/cdmf.org.br\/difusao\/#\/schema\/person\/image\/","url":"https:\/\/secure.gravatar.com\/avatar\/12a7eca69d80041ba1ec4d8a982f14f38d7ebc5ec1d6e844decf3c74fc0f27bb?s=96&d=mm&r=g","contentUrl":"https:\/\/secure.gravatar.com\/avatar\/12a7eca69d80041ba1ec4d8a982f14f38d7ebc5ec1d6e844decf3c74fc0f27bb?s=96&d=mm&r=g","caption":"LAbI UFSCar"},"url":"http:\/\/cdmf.org.br\/difusao\/author\/labi-ufscar\/"}]}},"_links":{"self":[{"href":"http:\/\/cdmf.org.br\/difusao\/wp-json\/wp\/v2\/posts\/792","targetHints":{"allow":["GET"]}}],"collection":[{"href":"http:\/\/cdmf.org.br\/difusao\/wp-json\/wp\/v2\/posts"}],"about":[{"href":"http:\/\/cdmf.org.br\/difusao\/wp-json\/wp\/v2\/types\/post"}],"author":[{"embeddable":true,"href":"http:\/\/cdmf.org.br\/difusao\/wp-json\/wp\/v2\/users\/1"}],"replies":[{"embeddable":true,"href":"http:\/\/cdmf.org.br\/difusao\/wp-json\/wp\/v2\/comments?post=792"}],"version-history":[{"count":2,"href":"http:\/\/cdmf.org.br\/difusao\/wp-json\/wp\/v2\/posts\/792\/revisions"}],"predecessor-version":[{"id":794,"href":"http:\/\/cdmf.org.br\/difusao\/wp-json\/wp\/v2\/posts\/792\/revisions\/794"}],"wp:featuredmedia":[{"embeddable":true,"href":"http:\/\/cdmf.org.br\/difusao\/wp-json\/wp\/v2\/media\/618"}],"wp:attachment":[{"href":"http:\/\/cdmf.org.br\/difusao\/wp-json\/wp\/v2\/media?parent=792"}],"wp:term":[{"taxonomy":"category","embeddable":true,"href":"http:\/\/cdmf.org.br\/difusao\/wp-json\/wp\/v2\/categories?post=792"},{"taxonomy":"post_tag","embeddable":true,"href":"http:\/\/cdmf.org.br\/difusao\/wp-json\/wp\/v2\/tags?post=792"}],"curies":[{"name":"wp","href":"https:\/\/api.w.org\/{rel}","templated":true}]}}