{"id":862,"date":"2018-04-23T17:20:09","date_gmt":"2018-04-23T20:20:09","guid":{"rendered":"http:\/\/cdmf.org.br\/difusao\/?p=862"},"modified":"2018-05-14T10:57:34","modified_gmt":"2018-05-14T13:57:34","slug":"tv-unicamp-apresentou-reportagem-sobre-isddcc","status":"publish","type":"post","link":"http:\/\/cdmf.org.br\/difusao\/tv-unicamp-apresentou-reportagem-sobre-isddcc\/","title":{"rendered":"TV Unicamp apresentou reportagem sobre I Simp\u00f3sio de Difus\u00e3o e Divulga\u00e7\u00e3o Cient\u00edfica em Cepids"},"content":{"rendered":"<p>O Laborat\u00f3rio de Estudos Avan\u00e7ados em Jornalismo da Unicamp, o #Labjor, fez parte do debate e relatos de experi\u00eancias. Confira!<\/p>\n<p><!--more--><\/p>\n<p>Confira a reportagem da R\u00e1dio e TV Unicamp \u2013 Secretaria de Comunica\u00e7\u00e3o sobre o I Simp\u00f3sio de Difus\u00e3o e Divulga\u00e7\u00e3o Cient\u00edfica em Cepids promovido pelo LAbI UFSCar e pelo CDMF na UFSCar.<\/p>\n<p><iframe loading=\"lazy\" style=\"border: none; overflow: hidden;\" src=\"https:\/\/www.facebook.com\/plugins\/video.php?href=https%3A%2F%2Fwww.facebook.com%2FRtvUnicamp%2Fvideos%2F1891280734216513%2F&amp;show_text=1&amp;width=560\" width=\"560\" height=\"588\" frameborder=\"0\" scrolling=\"no\" allowfullscreen=\"allowfullscreen\"><\/iframe><\/p>\n","protected":false},"excerpt":{"rendered":"<p>O Laborat\u00f3rio de Estudos Avan\u00e7ados em Jornalismo da Unicamp, o #Labjor, fez parte do debate e relatos de experi\u00eancias. Confira!<\/p>\n","protected":false},"author":1,"featured_media":863,"comment_status":"closed","ping_status":"open","sticky":false,"template":"","format":"video","meta":{"_exactmetrics_skip_tracking":false,"_exactmetrics_sitenote_active":false,"_exactmetrics_sitenote_note":"","_exactmetrics_sitenote_category":0,"footnotes":""},"categories":[2,23],"tags":[],"class_list":["post-862","post","type-post","status-publish","format-video","has-post-thumbnail","hentry","category-noticias","category-videos","post_format-post-format-video"],"yoast_head":"<!-- This site is optimized with the Yoast SEO plugin v26.9 - https:\/\/yoast.com\/product\/yoast-seo-wordpress\/ -->\n<title>TV Unicamp apresentou reportagem sobre o ISDDCC<\/title>\n<meta name=\"description\" content=\"Confira a reportagem da R\u00e1dio e TV Unicamp \u2013 Secretaria de Comunica\u00e7\u00e3o sobre o I Simp\u00f3sio de Difus\u00e3o e Divulga\u00e7\u00e3o Cient\u00edfica em Cepids promovido pelo LAbI UFSCar e pelo CDMF na UFSCar.\" \/>\n<meta name=\"robots\" content=\"index, follow, max-snippet:-1, max-image-preview:large, max-video-preview:-1\" \/>\n<link rel=\"canonical\" href=\"http:\/\/cdmf.org.br\/difusao\/tv-unicamp-apresentou-reportagem-sobre-isddcc\/\" \/>\n<meta property=\"og:locale\" content=\"pt_BR\" \/>\n<meta property=\"og:type\" content=\"article\" \/>\n<meta property=\"og:title\" content=\"TV Unicamp apresentou reportagem sobre o ISDDCC\" \/>\n<meta property=\"og:description\" content=\"Confira a reportagem da R\u00e1dio e TV Unicamp \u2013 Secretaria de Comunica\u00e7\u00e3o sobre o I Simp\u00f3sio de Difus\u00e3o e Divulga\u00e7\u00e3o Cient\u00edfica em Cepids promovido pelo LAbI UFSCar e pelo CDMF na UFSCar.\" \/>\n<meta property=\"og:url\" content=\"http:\/\/cdmf.org.br\/difusao\/tv-unicamp-apresentou-reportagem-sobre-isddcc\/\" \/>\n<meta property=\"og:site_name\" content=\"I Simp\u00f3sio de Difus\u00e3o e Divulga\u00e7\u00e3o Cient\u00edfica em CEPIDs\" \/>\n<meta property=\"article:publisher\" content=\"https:\/\/www.facebook.com\/labiufscar\/\" \/>\n<meta property=\"article:published_time\" content=\"2018-04-23T20:20:09+00:00\" \/>\n<meta property=\"article:modified_time\" content=\"2018-05-14T13:57:34+00:00\" \/>\n<meta property=\"og:image\" content=\"http:\/\/cdmf.org.br\/difusao\/wp-content\/uploads\/2018\/05\/unicamp-tv-simposio.jpg\" \/>\n\t<meta property=\"og:image:width\" content=\"678\" \/>\n\t<meta property=\"og:image:height\" content=\"381\" \/>\n\t<meta property=\"og:image:type\" content=\"image\/jpeg\" \/>\n<meta name=\"author\" content=\"LAbI UFSCar\" \/>\n<meta name=\"twitter:card\" content=\"summary_large_image\" \/>\n<meta name=\"twitter:label1\" content=\"Escrito por\" \/>\n\t<meta name=\"twitter:data1\" content=\"LAbI UFSCar\" \/>\n<script type=\"application\/ld+json\" class=\"yoast-schema-graph\">{\"@context\":\"https:\/\/schema.org\",\"@graph\":[{\"@type\":\"Article\",\"@id\":\"http:\/\/cdmf.org.br\/difusao\/tv-unicamp-apresentou-reportagem-sobre-isddcc\/#article\",\"isPartOf\":{\"@id\":\"http:\/\/cdmf.org.br\/difusao\/tv-unicamp-apresentou-reportagem-sobre-isddcc\/\"},\"author\":{\"name\":\"LAbI UFSCar\",\"@id\":\"http:\/\/cdmf.org.br\/difusao\/#\/schema\/person\/b80fafef8317310f8cfbe7e23d4da309\"},\"headline\":\"TV Unicamp apresentou reportagem sobre I Simp\u00f3sio de Difus\u00e3o e Divulga\u00e7\u00e3o Cient\u00edfica em Cepids\",\"datePublished\":\"2018-04-23T20:20:09+00:00\",\"dateModified\":\"2018-05-14T13:57:34+00:00\",\"mainEntityOfPage\":{\"@id\":\"http:\/\/cdmf.org.br\/difusao\/tv-unicamp-apresentou-reportagem-sobre-isddcc\/\"},\"wordCount\":78,\"image\":{\"@id\":\"http:\/\/cdmf.org.br\/difusao\/tv-unicamp-apresentou-reportagem-sobre-isddcc\/#primaryimage\"},\"thumbnailUrl\":\"http:\/\/cdmf.org.br\/difusao\/wp-content\/uploads\/2018\/05\/unicamp-tv-simposio.jpg\",\"articleSection\":[\"Not\u00edcias\",\"V\u00eddeos\"],\"inLanguage\":\"pt-BR\"},{\"@type\":\"WebPage\",\"@id\":\"http:\/\/cdmf.org.br\/difusao\/tv-unicamp-apresentou-reportagem-sobre-isddcc\/\",\"url\":\"http:\/\/cdmf.org.br\/difusao\/tv-unicamp-apresentou-reportagem-sobre-isddcc\/\",\"name\":\"TV Unicamp apresentou reportagem sobre o ISDDCC\",\"isPartOf\":{\"@id\":\"http:\/\/cdmf.org.br\/difusao\/#website\"},\"primaryImageOfPage\":{\"@id\":\"http:\/\/cdmf.org.br\/difusao\/tv-unicamp-apresentou-reportagem-sobre-isddcc\/#primaryimage\"},\"image\":{\"@id\":\"http:\/\/cdmf.org.br\/difusao\/tv-unicamp-apresentou-reportagem-sobre-isddcc\/#primaryimage\"},\"thumbnailUrl\":\"http:\/\/cdmf.org.br\/difusao\/wp-content\/uploads\/2018\/05\/unicamp-tv-simposio.jpg\",\"datePublished\":\"2018-04-23T20:20:09+00:00\",\"dateModified\":\"2018-05-14T13:57:34+00:00\",\"author\":{\"@id\":\"http:\/\/cdmf.org.br\/difusao\/#\/schema\/person\/b80fafef8317310f8cfbe7e23d4da309\"},\"description\":\"Confira a reportagem da R\u00e1dio e TV Unicamp \u2013 Secretaria de Comunica\u00e7\u00e3o sobre o I Simp\u00f3sio de Difus\u00e3o e Divulga\u00e7\u00e3o Cient\u00edfica em Cepids promovido pelo LAbI UFSCar e pelo CDMF na UFSCar.\",\"breadcrumb\":{\"@id\":\"http:\/\/cdmf.org.br\/difusao\/tv-unicamp-apresentou-reportagem-sobre-isddcc\/#breadcrumb\"},\"inLanguage\":\"pt-BR\",\"potentialAction\":[{\"@type\":\"ReadAction\",\"target\":[\"http:\/\/cdmf.org.br\/difusao\/tv-unicamp-apresentou-reportagem-sobre-isddcc\/\"]}]},{\"@type\":\"ImageObject\",\"inLanguage\":\"pt-BR\",\"@id\":\"http:\/\/cdmf.org.br\/difusao\/tv-unicamp-apresentou-reportagem-sobre-isddcc\/#primaryimage\",\"url\":\"http:\/\/cdmf.org.br\/difusao\/wp-content\/uploads\/2018\/05\/unicamp-tv-simposio.jpg\",\"contentUrl\":\"http:\/\/cdmf.org.br\/difusao\/wp-content\/uploads\/2018\/05\/unicamp-tv-simposio.jpg\",\"width\":678,\"height\":381,\"caption\":\"reportagem tv unicamp\"},{\"@type\":\"BreadcrumbList\",\"@id\":\"http:\/\/cdmf.org.br\/difusao\/tv-unicamp-apresentou-reportagem-sobre-isddcc\/#breadcrumb\",\"itemListElement\":[{\"@type\":\"ListItem\",\"position\":1,\"name\":\"In\u00edcio\",\"item\":\"http:\/\/cdmf.org.br\/difusao\/\"},{\"@type\":\"ListItem\",\"position\":2,\"name\":\"TV Unicamp apresentou reportagem sobre I Simp\u00f3sio de Difus\u00e3o e Divulga\u00e7\u00e3o Cient\u00edfica em Cepids\"}]},{\"@type\":\"WebSite\",\"@id\":\"http:\/\/cdmf.org.br\/difusao\/#website\",\"url\":\"http:\/\/cdmf.org.br\/difusao\/\",\"name\":\"I Simp\u00f3sio de Difus\u00e3o e Divulga\u00e7\u00e3o Cient\u00edfica em CEPIDs\",\"description\":\"LAbI - UFSCar\",\"potentialAction\":[{\"@type\":\"SearchAction\",\"target\":{\"@type\":\"EntryPoint\",\"urlTemplate\":\"http:\/\/cdmf.org.br\/difusao\/?s={search_term_string}\"},\"query-input\":{\"@type\":\"PropertyValueSpecification\",\"valueRequired\":true,\"valueName\":\"search_term_string\"}}],\"inLanguage\":\"pt-BR\"},{\"@type\":\"Person\",\"@id\":\"http:\/\/cdmf.org.br\/difusao\/#\/schema\/person\/b80fafef8317310f8cfbe7e23d4da309\",\"name\":\"LAbI UFSCar\",\"image\":{\"@type\":\"ImageObject\",\"inLanguage\":\"pt-BR\",\"@id\":\"http:\/\/cdmf.org.br\/difusao\/#\/schema\/person\/image\/\",\"url\":\"https:\/\/secure.gravatar.com\/avatar\/12a7eca69d80041ba1ec4d8a982f14f38d7ebc5ec1d6e844decf3c74fc0f27bb?s=96&d=mm&r=g\",\"contentUrl\":\"https:\/\/secure.gravatar.com\/avatar\/12a7eca69d80041ba1ec4d8a982f14f38d7ebc5ec1d6e844decf3c74fc0f27bb?s=96&d=mm&r=g\",\"caption\":\"LAbI UFSCar\"},\"url\":\"http:\/\/cdmf.org.br\/difusao\/author\/labi-ufscar\/\"}]}<\/script>\n<!-- \/ Yoast SEO plugin. -->","yoast_head_json":{"title":"TV Unicamp apresentou reportagem sobre o ISDDCC","description":"Confira a reportagem da R\u00e1dio e TV Unicamp \u2013 Secretaria de Comunica\u00e7\u00e3o sobre o I Simp\u00f3sio de Difus\u00e3o e Divulga\u00e7\u00e3o Cient\u00edfica em Cepids promovido pelo LAbI UFSCar e pelo CDMF na UFSCar.","robots":{"index":"index","follow":"follow","max-snippet":"max-snippet:-1","max-image-preview":"max-image-preview:large","max-video-preview":"max-video-preview:-1"},"canonical":"http:\/\/cdmf.org.br\/difusao\/tv-unicamp-apresentou-reportagem-sobre-isddcc\/","og_locale":"pt_BR","og_type":"article","og_title":"TV Unicamp apresentou reportagem sobre o ISDDCC","og_description":"Confira a reportagem da R\u00e1dio e TV Unicamp \u2013 Secretaria de Comunica\u00e7\u00e3o sobre o I Simp\u00f3sio de Difus\u00e3o e Divulga\u00e7\u00e3o Cient\u00edfica em Cepids promovido pelo LAbI UFSCar e pelo CDMF na UFSCar.","og_url":"http:\/\/cdmf.org.br\/difusao\/tv-unicamp-apresentou-reportagem-sobre-isddcc\/","og_site_name":"I Simp\u00f3sio de Difus\u00e3o e Divulga\u00e7\u00e3o Cient\u00edfica em CEPIDs","article_publisher":"https:\/\/www.facebook.com\/labiufscar\/","article_published_time":"2018-04-23T20:20:09+00:00","article_modified_time":"2018-05-14T13:57:34+00:00","og_image":[{"width":678,"height":381,"url":"http:\/\/cdmf.org.br\/difusao\/wp-content\/uploads\/2018\/05\/unicamp-tv-simposio.jpg","type":"image\/jpeg"}],"author":"LAbI UFSCar","twitter_card":"summary_large_image","twitter_misc":{"Escrito por":"LAbI UFSCar"},"schema":{"@context":"https:\/\/schema.org","@graph":[{"@type":"Article","@id":"http:\/\/cdmf.org.br\/difusao\/tv-unicamp-apresentou-reportagem-sobre-isddcc\/#article","isPartOf":{"@id":"http:\/\/cdmf.org.br\/difusao\/tv-unicamp-apresentou-reportagem-sobre-isddcc\/"},"author":{"name":"LAbI UFSCar","@id":"http:\/\/cdmf.org.br\/difusao\/#\/schema\/person\/b80fafef8317310f8cfbe7e23d4da309"},"headline":"TV Unicamp apresentou reportagem sobre I Simp\u00f3sio de Difus\u00e3o e Divulga\u00e7\u00e3o Cient\u00edfica em Cepids","datePublished":"2018-04-23T20:20:09+00:00","dateModified":"2018-05-14T13:57:34+00:00","mainEntityOfPage":{"@id":"http:\/\/cdmf.org.br\/difusao\/tv-unicamp-apresentou-reportagem-sobre-isddcc\/"},"wordCount":78,"image":{"@id":"http:\/\/cdmf.org.br\/difusao\/tv-unicamp-apresentou-reportagem-sobre-isddcc\/#primaryimage"},"thumbnailUrl":"http:\/\/cdmf.org.br\/difusao\/wp-content\/uploads\/2018\/05\/unicamp-tv-simposio.jpg","articleSection":["Not\u00edcias","V\u00eddeos"],"inLanguage":"pt-BR"},{"@type":"WebPage","@id":"http:\/\/cdmf.org.br\/difusao\/tv-unicamp-apresentou-reportagem-sobre-isddcc\/","url":"http:\/\/cdmf.org.br\/difusao\/tv-unicamp-apresentou-reportagem-sobre-isddcc\/","name":"TV Unicamp apresentou reportagem sobre o ISDDCC","isPartOf":{"@id":"http:\/\/cdmf.org.br\/difusao\/#website"},"primaryImageOfPage":{"@id":"http:\/\/cdmf.org.br\/difusao\/tv-unicamp-apresentou-reportagem-sobre-isddcc\/#primaryimage"},"image":{"@id":"http:\/\/cdmf.org.br\/difusao\/tv-unicamp-apresentou-reportagem-sobre-isddcc\/#primaryimage"},"thumbnailUrl":"http:\/\/cdmf.org.br\/difusao\/wp-content\/uploads\/2018\/05\/unicamp-tv-simposio.jpg","datePublished":"2018-04-23T20:20:09+00:00","dateModified":"2018-05-14T13:57:34+00:00","author":{"@id":"http:\/\/cdmf.org.br\/difusao\/#\/schema\/person\/b80fafef8317310f8cfbe7e23d4da309"},"description":"Confira a reportagem da R\u00e1dio e TV Unicamp \u2013 Secretaria de Comunica\u00e7\u00e3o sobre o I Simp\u00f3sio de Difus\u00e3o e Divulga\u00e7\u00e3o Cient\u00edfica em Cepids promovido pelo LAbI UFSCar e pelo CDMF na UFSCar.","breadcrumb":{"@id":"http:\/\/cdmf.org.br\/difusao\/tv-unicamp-apresentou-reportagem-sobre-isddcc\/#breadcrumb"},"inLanguage":"pt-BR","potentialAction":[{"@type":"ReadAction","target":["http:\/\/cdmf.org.br\/difusao\/tv-unicamp-apresentou-reportagem-sobre-isddcc\/"]}]},{"@type":"ImageObject","inLanguage":"pt-BR","@id":"http:\/\/cdmf.org.br\/difusao\/tv-unicamp-apresentou-reportagem-sobre-isddcc\/#primaryimage","url":"http:\/\/cdmf.org.br\/difusao\/wp-content\/uploads\/2018\/05\/unicamp-tv-simposio.jpg","contentUrl":"http:\/\/cdmf.org.br\/difusao\/wp-content\/uploads\/2018\/05\/unicamp-tv-simposio.jpg","width":678,"height":381,"caption":"reportagem tv unicamp"},{"@type":"BreadcrumbList","@id":"http:\/\/cdmf.org.br\/difusao\/tv-unicamp-apresentou-reportagem-sobre-isddcc\/#breadcrumb","itemListElement":[{"@type":"ListItem","position":1,"name":"In\u00edcio","item":"http:\/\/cdmf.org.br\/difusao\/"},{"@type":"ListItem","position":2,"name":"TV Unicamp apresentou reportagem sobre I Simp\u00f3sio de Difus\u00e3o e Divulga\u00e7\u00e3o Cient\u00edfica em Cepids"}]},{"@type":"WebSite","@id":"http:\/\/cdmf.org.br\/difusao\/#website","url":"http:\/\/cdmf.org.br\/difusao\/","name":"I Simp\u00f3sio de Difus\u00e3o e Divulga\u00e7\u00e3o Cient\u00edfica em CEPIDs","description":"LAbI - UFSCar","potentialAction":[{"@type":"SearchAction","target":{"@type":"EntryPoint","urlTemplate":"http:\/\/cdmf.org.br\/difusao\/?s={search_term_string}"},"query-input":{"@type":"PropertyValueSpecification","valueRequired":true,"valueName":"search_term_string"}}],"inLanguage":"pt-BR"},{"@type":"Person","@id":"http:\/\/cdmf.org.br\/difusao\/#\/schema\/person\/b80fafef8317310f8cfbe7e23d4da309","name":"LAbI UFSCar","image":{"@type":"ImageObject","inLanguage":"pt-BR","@id":"http:\/\/cdmf.org.br\/difusao\/#\/schema\/person\/image\/","url":"https:\/\/secure.gravatar.com\/avatar\/12a7eca69d80041ba1ec4d8a982f14f38d7ebc5ec1d6e844decf3c74fc0f27bb?s=96&d=mm&r=g","contentUrl":"https:\/\/secure.gravatar.com\/avatar\/12a7eca69d80041ba1ec4d8a982f14f38d7ebc5ec1d6e844decf3c74fc0f27bb?s=96&d=mm&r=g","caption":"LAbI UFSCar"},"url":"http:\/\/cdmf.org.br\/difusao\/author\/labi-ufscar\/"}]}},"_links":{"self":[{"href":"http:\/\/cdmf.org.br\/difusao\/wp-json\/wp\/v2\/posts\/862","targetHints":{"allow":["GET"]}}],"collection":[{"href":"http:\/\/cdmf.org.br\/difusao\/wp-json\/wp\/v2\/posts"}],"about":[{"href":"http:\/\/cdmf.org.br\/difusao\/wp-json\/wp\/v2\/types\/post"}],"author":[{"embeddable":true,"href":"http:\/\/cdmf.org.br\/difusao\/wp-json\/wp\/v2\/users\/1"}],"replies":[{"embeddable":true,"href":"http:\/\/cdmf.org.br\/difusao\/wp-json\/wp\/v2\/comments?post=862"}],"version-history":[{"count":1,"href":"http:\/\/cdmf.org.br\/difusao\/wp-json\/wp\/v2\/posts\/862\/revisions"}],"predecessor-version":[{"id":864,"href":"http:\/\/cdmf.org.br\/difusao\/wp-json\/wp\/v2\/posts\/862\/revisions\/864"}],"wp:featuredmedia":[{"embeddable":true,"href":"http:\/\/cdmf.org.br\/difusao\/wp-json\/wp\/v2\/media\/863"}],"wp:attachment":[{"href":"http:\/\/cdmf.org.br\/difusao\/wp-json\/wp\/v2\/media?parent=862"}],"wp:term":[{"taxonomy":"category","embeddable":true,"href":"http:\/\/cdmf.org.br\/difusao\/wp-json\/wp\/v2\/categories?post=862"},{"taxonomy":"post_tag","embeddable":true,"href":"http:\/\/cdmf.org.br\/difusao\/wp-json\/wp\/v2\/tags?post=862"}],"curies":[{"name":"wp","href":"https:\/\/api.w.org\/{rel}","templated":true}]}}