{"id":865,"date":"2018-04-25T17:27:11","date_gmt":"2018-04-25T20:27:11","guid":{"rendered":"http:\/\/cdmf.org.br\/difusao\/?p=865"},"modified":"2018-09-03T16:50:21","modified_gmt":"2018-09-03T19:50:21","slug":"presidente-da-sbpc-fala-sobre-comunicacao-publica-da-ciencia","status":"publish","type":"post","link":"http:\/\/cdmf.org.br\/difusao\/presidente-da-sbpc-fala-sobre-comunicacao-publica-da-ciencia\/","title":{"rendered":"Presidente da SBPC fala sobre comunica\u00e7\u00e3o p\u00fablica da Ci\u00eancia em evento do CDMF"},"content":{"rendered":"<p>Ildeu de Castro Moreira fez a confer\u00eancia de abertura do I Simp\u00f3sio de Difus\u00e3o e Divulga\u00e7\u00e3o Cient\u00edfica em Cepids.<\/p>\n<p><!--more--><\/p>\n<h3>Presidente da SBPC fala sobre comunica\u00e7\u00e3o p\u00fablica da Ci\u00eancia em evento do CDMF<\/h3>\n<p>Os Centros de Pesquisa, Inova\u00e7\u00e3o e Difus\u00e3o (Cepids), centros de excel\u00eancia apoiados pela Funda\u00e7\u00e3o de Amparo \u00e0 Pesquisa do Estado de S\u00e3o Paulo (Fapesp), est\u00e3o configurados para a a\u00e7\u00e3o fundada nos tr\u00eas pilares destacados em sua denomina\u00e7\u00e3o: pesquisa, inova\u00e7\u00e3o e educa\u00e7\u00e3o e difus\u00e3o do conhecimento. Visando qualificar a atividade de difus\u00e3o, especialmente por meio da troca de experi\u00eancias e boas pr\u00e1ticas e da busca conjunta de solu\u00e7\u00f5es para problemas comuns, a Universidade Federal de S\u00e3o Carlos (UFSCar) realizou, nesta semana (de 17 a 19 de abril), o\u00a0<a href=\"http:\/\/cdmf.org.br\/difusao\/\">I Semin\u00e1rio de Difus\u00e3o e Divulga\u00e7\u00e3o Cient\u00edfica em Cepids<\/a>, do qual participaram 15 dos 17 Cepids existentes no momento. A organiza\u00e7\u00e3o do evento foi do Centro de Desenvolvimento de Materiais Funcionais (CDMF), um desses Cepids, e do\u00a0<a href=\"http:\/\/www.labi.ufscar.br\/\">Laborat\u00f3rio Aberto de Interatividade para a Dissemina\u00e7\u00e3o do Conhecimento Cient\u00edfico e Tecnol\u00f3gico (LAbI)<\/a>\u00a0da UFSCar.<\/p>\n<p>Na noite da ter\u00e7a-feira (17\/4), a abertura do evento foi marcada por confer\u00eancia de Ildeu de Castro Moreira, Presidente da Sociedade Brasileira para o Progresso da Ci\u00eancia (SBPC) e uma das principais refer\u00eancias na \u00e1rea da divulga\u00e7\u00e3o cient\u00edfica e da comunica\u00e7\u00e3o p\u00fablica da Ci\u00eancia no Pa\u00eds. Em sua apresenta\u00e7\u00e3o, Moreira elencou e comentou seis grandes desafios para a Ci\u00eancia brasileira, especialmente no cen\u00e1rio de crise atual: educa\u00e7\u00e3o de qualidade; disponibilidade de recursos para C&amp;T; a inova\u00e7\u00e3o tecnol\u00f3gica e social; desburocratiza\u00e7\u00e3o e novos marcos legais; a exist\u00eancia de um projeto para a Na\u00e7\u00e3o e de programas nacionais mobilizadores; e, por fim, a comunica\u00e7\u00e3o p\u00fablica. A fala sobre comunica\u00e7\u00e3o p\u00fablica partiu de pesquisa divulgada recentemente, realizada pelo Instituto 3M em 14 pa\u00edses, incluindo o Brasil, que mostra grande interesse mas pouco conhecimento das pessoas sobre Ci\u00eancia e Tecnologia e, particularmente, sobre seus impactos no cotidiano. O Presidente da SBPC lembrou como este resultado \u00e9 semelhante aos obtidos em pesquisas anteriores de percep\u00e7\u00e3o p\u00fablica da Ci\u00eancia e, neste sentido, destacou a import\u00e2ncia de ampliar a circula\u00e7\u00e3o de informa\u00e7\u00e3o cient\u00edfica de qualidade nos meios de comunica\u00e7\u00e3o e, mais uma vez, da educa\u00e7\u00e3o de qualidade, al\u00e9m de ressaltar especificamente a necessidade de ampliar o conhecimento sobre a hist\u00f3ria da Ci\u00eancia no Brasil.<\/p>\n<p>Em outro momento do evento, jornalistas e outros profissionais com grande experi\u00eancia na \u00e1rea de divulga\u00e7\u00e3o cient\u00edfica conversaram com o p\u00fablico presente sobre os objetivos e as rotinas de produ\u00e7\u00e3o em diferentes contextos: o jornalismo di\u00e1rio, representado por Reinaldo Jos\u00e9 Lopes, colaborador da\u00a0<em>Folha de S. Paulo<\/em>; uma revista voltada principalmente para o p\u00fablico jovem, com apresenta\u00e7\u00e3o de Nathan Fernandes, Editor da\u00a0<em>Galileu<\/em>; uma publica\u00e7\u00e3o experimental, com o relato de Marina Gomes, Editora da revista eletr\u00f4nica\u00a0<em>ComCi\u00eancia<\/em>, do Laborat\u00f3rio de Estudos Avan\u00e7ados em Jornalismo (Labjor) da Universidade Estadual de Campinas (Unicamp); e, por fim, a revista\u00a0<em>Pesquisa<\/em>, da Fapesp, cuja Diretora de Reda\u00e7\u00e3o, Alexandra Oz\u00f3rio de Almeida, tamb\u00e9m participou do evento. O debate estabeleceu diferen\u00e7as entre as atividades de divulga\u00e7\u00e3o e o jornalismo cient\u00edfico, mas tamb\u00e9m permitiu a reflex\u00e3o sobre objetivos comuns e possibilidades de colabora\u00e7\u00e3o.<\/p>\n<p>Durante o Simp\u00f3sio, todos os Cepids puderam apresentar as atividades de difus\u00e3o realizadas nos \u00faltimos anos, o que permitiu a avalia\u00e7\u00e3o de que houve grande desenvolvimento em todos os Centros, bem o delineamento de um quadro de grande diversidade no que diz respeito aos tipos de atividades concretizadas, que v\u00e3o desde a forma\u00e7\u00e3o de professores e a intera\u00e7\u00e3o com as escolas em diferentes n\u00edveis de ensino, at\u00e9 a produ\u00e7\u00e3o de materiais espec\u00edficos e a busca de visibilidade nas redes sociais. Esse mapeamento, por sua vez, levou \u00e0 avalia\u00e7\u00e3o de que j\u00e1 existe uma maturidade dessas pr\u00e1ticas no \u00e2mbito dos Cepids, abrindo a possibilidade de aprofundamento em reflex\u00f5es espec\u00edficas e, tamb\u00e9m, de fortalecimento de projetos em colabora\u00e7\u00e3o. Nos pr\u00f3ximos dias, os v\u00eddeos com todos os debates dever\u00e3o estar dispon\u00edveis no\u00a0<a href=\"http:\/\/cdmf.org.br\/difusao\/\">site do Simp\u00f3sio<\/a>, e um livro deve ser lan\u00e7ado at\u00e9 o final do ano.<\/p>\n<div class=\"responsive-embed\"><iframe loading=\"lazy\" width=\"1168\" height=\"657\" src=\"https:\/\/www.youtube.com\/embed\/ojsQqKWnyLo?feature=oembed\" frameborder=\"0\" allow=\"autoplay; encrypted-media\" allowfullscreen><\/iframe><\/div>\n","protected":false},"excerpt":{"rendered":"<p>Ildeu de Castro Moreira fez a confer\u00eancia de abertura do I Simp\u00f3sio de Difus\u00e3o e Divulga\u00e7\u00e3o Cient\u00edfica em Cepids.<\/p>\n","protected":false},"author":1,"featured_media":962,"comment_status":"closed","ping_status":"open","sticky":false,"template":"","format":"video","meta":{"_exactmetrics_skip_tracking":false,"_exactmetrics_sitenote_active":false,"_exactmetrics_sitenote_note":"","_exactmetrics_sitenote_category":0,"footnotes":""},"categories":[2,23],"tags":[],"class_list":["post-865","post","type-post","status-publish","format-video","has-post-thumbnail","hentry","category-noticias","category-videos","post_format-post-format-video"],"yoast_head":"<!-- This site is optimized with the Yoast SEO plugin v26.9 - https:\/\/yoast.com\/product\/yoast-seo-wordpress\/ -->\n<title>Presidente da SBPC fala sobre comunica\u00e7\u00e3o p\u00fablica da Ci\u00eancia<\/title>\n<meta name=\"description\" content=\"Presidente da SBPC fala sobre comunica\u00e7\u00e3o p\u00fablica da Ci\u00eancia em evento do CDMF. Ildeu de Castro Moreira fez a confer\u00eancia de abertura do I Simp\u00f3sio de Difus\u00e3o e Divulga\u00e7\u00e3o Cient\u00edfica em Cepids.\" \/>\n<meta name=\"robots\" content=\"index, follow, max-snippet:-1, max-image-preview:large, max-video-preview:-1\" \/>\n<link rel=\"canonical\" href=\"http:\/\/cdmf.org.br\/difusao\/presidente-da-sbpc-fala-sobre-comunicacao-publica-da-ciencia\/\" \/>\n<meta property=\"og:locale\" content=\"pt_BR\" \/>\n<meta property=\"og:type\" content=\"article\" \/>\n<meta property=\"og:title\" content=\"Presidente da SBPC fala sobre comunica\u00e7\u00e3o p\u00fablica da Ci\u00eancia\" \/>\n<meta property=\"og:description\" content=\"Presidente da SBPC fala sobre comunica\u00e7\u00e3o p\u00fablica da Ci\u00eancia em evento do CDMF. Ildeu de Castro Moreira fez a confer\u00eancia de abertura do I Simp\u00f3sio de Difus\u00e3o e Divulga\u00e7\u00e3o Cient\u00edfica em Cepids.\" \/>\n<meta property=\"og:url\" content=\"http:\/\/cdmf.org.br\/difusao\/presidente-da-sbpc-fala-sobre-comunicacao-publica-da-ciencia\/\" \/>\n<meta property=\"og:site_name\" content=\"I Simp\u00f3sio de Difus\u00e3o e Divulga\u00e7\u00e3o Cient\u00edfica em CEPIDs\" \/>\n<meta property=\"article:publisher\" content=\"https:\/\/www.facebook.com\/labiufscar\/\" \/>\n<meta property=\"article:published_time\" content=\"2018-04-25T20:27:11+00:00\" \/>\n<meta property=\"article:modified_time\" content=\"2018-09-03T19:50:21+00:00\" \/>\n<meta property=\"og:image\" content=\"http:\/\/cdmf.org.br\/difusao\/wp-content\/uploads\/2018\/04\/presidente-da-sbpc-fala-sobre-comunicacao-publica-da-ciencia.jpg\" \/>\n\t<meta property=\"og:image:width\" content=\"1280\" \/>\n\t<meta property=\"og:image:height\" content=\"720\" \/>\n\t<meta property=\"og:image:type\" content=\"image\/jpeg\" \/>\n<meta name=\"author\" content=\"LAbI UFSCar\" \/>\n<meta name=\"twitter:card\" content=\"summary_large_image\" \/>\n<meta name=\"twitter:label1\" content=\"Escrito por\" \/>\n\t<meta name=\"twitter:data1\" content=\"LAbI UFSCar\" \/>\n\t<meta name=\"twitter:label2\" content=\"Est. tempo de leitura\" \/>\n\t<meta name=\"twitter:data2\" content=\"4 minutos\" \/>\n<script type=\"application\/ld+json\" class=\"yoast-schema-graph\">{\"@context\":\"https:\/\/schema.org\",\"@graph\":[{\"@type\":\"Article\",\"@id\":\"http:\/\/cdmf.org.br\/difusao\/presidente-da-sbpc-fala-sobre-comunicacao-publica-da-ciencia\/#article\",\"isPartOf\":{\"@id\":\"http:\/\/cdmf.org.br\/difusao\/presidente-da-sbpc-fala-sobre-comunicacao-publica-da-ciencia\/\"},\"author\":{\"name\":\"LAbI UFSCar\",\"@id\":\"http:\/\/cdmf.org.br\/difusao\/#\/schema\/person\/b80fafef8317310f8cfbe7e23d4da309\"},\"headline\":\"Presidente da SBPC fala sobre comunica\u00e7\u00e3o p\u00fablica da Ci\u00eancia em evento do CDMF\",\"datePublished\":\"2018-04-25T20:27:11+00:00\",\"dateModified\":\"2018-09-03T19:50:21+00:00\",\"mainEntityOfPage\":{\"@id\":\"http:\/\/cdmf.org.br\/difusao\/presidente-da-sbpc-fala-sobre-comunicacao-publica-da-ciencia\/\"},\"wordCount\":787,\"image\":{\"@id\":\"http:\/\/cdmf.org.br\/difusao\/presidente-da-sbpc-fala-sobre-comunicacao-publica-da-ciencia\/#primaryimage\"},\"thumbnailUrl\":\"http:\/\/cdmf.org.br\/difusao\/wp-content\/uploads\/2018\/04\/presidente-da-sbpc-fala-sobre-comunicacao-publica-da-ciencia.jpg\",\"articleSection\":[\"Not\u00edcias\",\"V\u00eddeos\"],\"inLanguage\":\"pt-BR\"},{\"@type\":\"WebPage\",\"@id\":\"http:\/\/cdmf.org.br\/difusao\/presidente-da-sbpc-fala-sobre-comunicacao-publica-da-ciencia\/\",\"url\":\"http:\/\/cdmf.org.br\/difusao\/presidente-da-sbpc-fala-sobre-comunicacao-publica-da-ciencia\/\",\"name\":\"Presidente da SBPC fala sobre comunica\u00e7\u00e3o p\u00fablica da Ci\u00eancia\",\"isPartOf\":{\"@id\":\"http:\/\/cdmf.org.br\/difusao\/#website\"},\"primaryImageOfPage\":{\"@id\":\"http:\/\/cdmf.org.br\/difusao\/presidente-da-sbpc-fala-sobre-comunicacao-publica-da-ciencia\/#primaryimage\"},\"image\":{\"@id\":\"http:\/\/cdmf.org.br\/difusao\/presidente-da-sbpc-fala-sobre-comunicacao-publica-da-ciencia\/#primaryimage\"},\"thumbnailUrl\":\"http:\/\/cdmf.org.br\/difusao\/wp-content\/uploads\/2018\/04\/presidente-da-sbpc-fala-sobre-comunicacao-publica-da-ciencia.jpg\",\"datePublished\":\"2018-04-25T20:27:11+00:00\",\"dateModified\":\"2018-09-03T19:50:21+00:00\",\"author\":{\"@id\":\"http:\/\/cdmf.org.br\/difusao\/#\/schema\/person\/b80fafef8317310f8cfbe7e23d4da309\"},\"description\":\"Presidente da SBPC fala sobre comunica\u00e7\u00e3o p\u00fablica da Ci\u00eancia em evento do CDMF. Ildeu de Castro Moreira fez a confer\u00eancia de abertura do I Simp\u00f3sio de Difus\u00e3o e Divulga\u00e7\u00e3o Cient\u00edfica em Cepids.\",\"breadcrumb\":{\"@id\":\"http:\/\/cdmf.org.br\/difusao\/presidente-da-sbpc-fala-sobre-comunicacao-publica-da-ciencia\/#breadcrumb\"},\"inLanguage\":\"pt-BR\",\"potentialAction\":[{\"@type\":\"ReadAction\",\"target\":[\"http:\/\/cdmf.org.br\/difusao\/presidente-da-sbpc-fala-sobre-comunicacao-publica-da-ciencia\/\"]}]},{\"@type\":\"ImageObject\",\"inLanguage\":\"pt-BR\",\"@id\":\"http:\/\/cdmf.org.br\/difusao\/presidente-da-sbpc-fala-sobre-comunicacao-publica-da-ciencia\/#primaryimage\",\"url\":\"http:\/\/cdmf.org.br\/difusao\/wp-content\/uploads\/2018\/04\/presidente-da-sbpc-fala-sobre-comunicacao-publica-da-ciencia.jpg\",\"contentUrl\":\"http:\/\/cdmf.org.br\/difusao\/wp-content\/uploads\/2018\/04\/presidente-da-sbpc-fala-sobre-comunicacao-publica-da-ciencia.jpg\",\"width\":1280,\"height\":720,\"caption\":\"Presidente da SBPC fala sobre comunica\u00e7\u00e3o p\u00fablica da Ci\u00eancia\"},{\"@type\":\"BreadcrumbList\",\"@id\":\"http:\/\/cdmf.org.br\/difusao\/presidente-da-sbpc-fala-sobre-comunicacao-publica-da-ciencia\/#breadcrumb\",\"itemListElement\":[{\"@type\":\"ListItem\",\"position\":1,\"name\":\"In\u00edcio\",\"item\":\"http:\/\/cdmf.org.br\/difusao\/\"},{\"@type\":\"ListItem\",\"position\":2,\"name\":\"Presidente da SBPC fala sobre comunica\u00e7\u00e3o p\u00fablica da Ci\u00eancia em evento do CDMF\"}]},{\"@type\":\"WebSite\",\"@id\":\"http:\/\/cdmf.org.br\/difusao\/#website\",\"url\":\"http:\/\/cdmf.org.br\/difusao\/\",\"name\":\"I Simp\u00f3sio de Difus\u00e3o e Divulga\u00e7\u00e3o Cient\u00edfica em CEPIDs\",\"description\":\"LAbI - UFSCar\",\"potentialAction\":[{\"@type\":\"SearchAction\",\"target\":{\"@type\":\"EntryPoint\",\"urlTemplate\":\"http:\/\/cdmf.org.br\/difusao\/?s={search_term_string}\"},\"query-input\":{\"@type\":\"PropertyValueSpecification\",\"valueRequired\":true,\"valueName\":\"search_term_string\"}}],\"inLanguage\":\"pt-BR\"},{\"@type\":\"Person\",\"@id\":\"http:\/\/cdmf.org.br\/difusao\/#\/schema\/person\/b80fafef8317310f8cfbe7e23d4da309\",\"name\":\"LAbI UFSCar\",\"image\":{\"@type\":\"ImageObject\",\"inLanguage\":\"pt-BR\",\"@id\":\"http:\/\/cdmf.org.br\/difusao\/#\/schema\/person\/image\/\",\"url\":\"https:\/\/secure.gravatar.com\/avatar\/12a7eca69d80041ba1ec4d8a982f14f38d7ebc5ec1d6e844decf3c74fc0f27bb?s=96&d=mm&r=g\",\"contentUrl\":\"https:\/\/secure.gravatar.com\/avatar\/12a7eca69d80041ba1ec4d8a982f14f38d7ebc5ec1d6e844decf3c74fc0f27bb?s=96&d=mm&r=g\",\"caption\":\"LAbI UFSCar\"},\"url\":\"http:\/\/cdmf.org.br\/difusao\/author\/labi-ufscar\/\"}]}<\/script>\n<!-- \/ Yoast SEO plugin. -->","yoast_head_json":{"title":"Presidente da SBPC fala sobre comunica\u00e7\u00e3o p\u00fablica da Ci\u00eancia","description":"Presidente da SBPC fala sobre comunica\u00e7\u00e3o p\u00fablica da Ci\u00eancia em evento do CDMF. Ildeu de Castro Moreira fez a confer\u00eancia de abertura do I Simp\u00f3sio de Difus\u00e3o e Divulga\u00e7\u00e3o Cient\u00edfica em Cepids.","robots":{"index":"index","follow":"follow","max-snippet":"max-snippet:-1","max-image-preview":"max-image-preview:large","max-video-preview":"max-video-preview:-1"},"canonical":"http:\/\/cdmf.org.br\/difusao\/presidente-da-sbpc-fala-sobre-comunicacao-publica-da-ciencia\/","og_locale":"pt_BR","og_type":"article","og_title":"Presidente da SBPC fala sobre comunica\u00e7\u00e3o p\u00fablica da Ci\u00eancia","og_description":"Presidente da SBPC fala sobre comunica\u00e7\u00e3o p\u00fablica da Ci\u00eancia em evento do CDMF. Ildeu de Castro Moreira fez a confer\u00eancia de abertura do I Simp\u00f3sio de Difus\u00e3o e Divulga\u00e7\u00e3o Cient\u00edfica em Cepids.","og_url":"http:\/\/cdmf.org.br\/difusao\/presidente-da-sbpc-fala-sobre-comunicacao-publica-da-ciencia\/","og_site_name":"I Simp\u00f3sio de Difus\u00e3o e Divulga\u00e7\u00e3o Cient\u00edfica em CEPIDs","article_publisher":"https:\/\/www.facebook.com\/labiufscar\/","article_published_time":"2018-04-25T20:27:11+00:00","article_modified_time":"2018-09-03T19:50:21+00:00","og_image":[{"width":1280,"height":720,"url":"http:\/\/cdmf.org.br\/difusao\/wp-content\/uploads\/2018\/04\/presidente-da-sbpc-fala-sobre-comunicacao-publica-da-ciencia.jpg","type":"image\/jpeg"}],"author":"LAbI UFSCar","twitter_card":"summary_large_image","twitter_misc":{"Escrito por":"LAbI UFSCar","Est. tempo de leitura":"4 minutos"},"schema":{"@context":"https:\/\/schema.org","@graph":[{"@type":"Article","@id":"http:\/\/cdmf.org.br\/difusao\/presidente-da-sbpc-fala-sobre-comunicacao-publica-da-ciencia\/#article","isPartOf":{"@id":"http:\/\/cdmf.org.br\/difusao\/presidente-da-sbpc-fala-sobre-comunicacao-publica-da-ciencia\/"},"author":{"name":"LAbI UFSCar","@id":"http:\/\/cdmf.org.br\/difusao\/#\/schema\/person\/b80fafef8317310f8cfbe7e23d4da309"},"headline":"Presidente da SBPC fala sobre comunica\u00e7\u00e3o p\u00fablica da Ci\u00eancia em evento do CDMF","datePublished":"2018-04-25T20:27:11+00:00","dateModified":"2018-09-03T19:50:21+00:00","mainEntityOfPage":{"@id":"http:\/\/cdmf.org.br\/difusao\/presidente-da-sbpc-fala-sobre-comunicacao-publica-da-ciencia\/"},"wordCount":787,"image":{"@id":"http:\/\/cdmf.org.br\/difusao\/presidente-da-sbpc-fala-sobre-comunicacao-publica-da-ciencia\/#primaryimage"},"thumbnailUrl":"http:\/\/cdmf.org.br\/difusao\/wp-content\/uploads\/2018\/04\/presidente-da-sbpc-fala-sobre-comunicacao-publica-da-ciencia.jpg","articleSection":["Not\u00edcias","V\u00eddeos"],"inLanguage":"pt-BR"},{"@type":"WebPage","@id":"http:\/\/cdmf.org.br\/difusao\/presidente-da-sbpc-fala-sobre-comunicacao-publica-da-ciencia\/","url":"http:\/\/cdmf.org.br\/difusao\/presidente-da-sbpc-fala-sobre-comunicacao-publica-da-ciencia\/","name":"Presidente da SBPC fala sobre comunica\u00e7\u00e3o p\u00fablica da Ci\u00eancia","isPartOf":{"@id":"http:\/\/cdmf.org.br\/difusao\/#website"},"primaryImageOfPage":{"@id":"http:\/\/cdmf.org.br\/difusao\/presidente-da-sbpc-fala-sobre-comunicacao-publica-da-ciencia\/#primaryimage"},"image":{"@id":"http:\/\/cdmf.org.br\/difusao\/presidente-da-sbpc-fala-sobre-comunicacao-publica-da-ciencia\/#primaryimage"},"thumbnailUrl":"http:\/\/cdmf.org.br\/difusao\/wp-content\/uploads\/2018\/04\/presidente-da-sbpc-fala-sobre-comunicacao-publica-da-ciencia.jpg","datePublished":"2018-04-25T20:27:11+00:00","dateModified":"2018-09-03T19:50:21+00:00","author":{"@id":"http:\/\/cdmf.org.br\/difusao\/#\/schema\/person\/b80fafef8317310f8cfbe7e23d4da309"},"description":"Presidente da SBPC fala sobre comunica\u00e7\u00e3o p\u00fablica da Ci\u00eancia em evento do CDMF. Ildeu de Castro Moreira fez a confer\u00eancia de abertura do I Simp\u00f3sio de Difus\u00e3o e Divulga\u00e7\u00e3o Cient\u00edfica em Cepids.","breadcrumb":{"@id":"http:\/\/cdmf.org.br\/difusao\/presidente-da-sbpc-fala-sobre-comunicacao-publica-da-ciencia\/#breadcrumb"},"inLanguage":"pt-BR","potentialAction":[{"@type":"ReadAction","target":["http:\/\/cdmf.org.br\/difusao\/presidente-da-sbpc-fala-sobre-comunicacao-publica-da-ciencia\/"]}]},{"@type":"ImageObject","inLanguage":"pt-BR","@id":"http:\/\/cdmf.org.br\/difusao\/presidente-da-sbpc-fala-sobre-comunicacao-publica-da-ciencia\/#primaryimage","url":"http:\/\/cdmf.org.br\/difusao\/wp-content\/uploads\/2018\/04\/presidente-da-sbpc-fala-sobre-comunicacao-publica-da-ciencia.jpg","contentUrl":"http:\/\/cdmf.org.br\/difusao\/wp-content\/uploads\/2018\/04\/presidente-da-sbpc-fala-sobre-comunicacao-publica-da-ciencia.jpg","width":1280,"height":720,"caption":"Presidente da SBPC fala sobre comunica\u00e7\u00e3o p\u00fablica da Ci\u00eancia"},{"@type":"BreadcrumbList","@id":"http:\/\/cdmf.org.br\/difusao\/presidente-da-sbpc-fala-sobre-comunicacao-publica-da-ciencia\/#breadcrumb","itemListElement":[{"@type":"ListItem","position":1,"name":"In\u00edcio","item":"http:\/\/cdmf.org.br\/difusao\/"},{"@type":"ListItem","position":2,"name":"Presidente da SBPC fala sobre comunica\u00e7\u00e3o p\u00fablica da Ci\u00eancia em evento do CDMF"}]},{"@type":"WebSite","@id":"http:\/\/cdmf.org.br\/difusao\/#website","url":"http:\/\/cdmf.org.br\/difusao\/","name":"I Simp\u00f3sio de Difus\u00e3o e Divulga\u00e7\u00e3o Cient\u00edfica em CEPIDs","description":"LAbI - UFSCar","potentialAction":[{"@type":"SearchAction","target":{"@type":"EntryPoint","urlTemplate":"http:\/\/cdmf.org.br\/difusao\/?s={search_term_string}"},"query-input":{"@type":"PropertyValueSpecification","valueRequired":true,"valueName":"search_term_string"}}],"inLanguage":"pt-BR"},{"@type":"Person","@id":"http:\/\/cdmf.org.br\/difusao\/#\/schema\/person\/b80fafef8317310f8cfbe7e23d4da309","name":"LAbI UFSCar","image":{"@type":"ImageObject","inLanguage":"pt-BR","@id":"http:\/\/cdmf.org.br\/difusao\/#\/schema\/person\/image\/","url":"https:\/\/secure.gravatar.com\/avatar\/12a7eca69d80041ba1ec4d8a982f14f38d7ebc5ec1d6e844decf3c74fc0f27bb?s=96&d=mm&r=g","contentUrl":"https:\/\/secure.gravatar.com\/avatar\/12a7eca69d80041ba1ec4d8a982f14f38d7ebc5ec1d6e844decf3c74fc0f27bb?s=96&d=mm&r=g","caption":"LAbI UFSCar"},"url":"http:\/\/cdmf.org.br\/difusao\/author\/labi-ufscar\/"}]}},"_links":{"self":[{"href":"http:\/\/cdmf.org.br\/difusao\/wp-json\/wp\/v2\/posts\/865","targetHints":{"allow":["GET"]}}],"collection":[{"href":"http:\/\/cdmf.org.br\/difusao\/wp-json\/wp\/v2\/posts"}],"about":[{"href":"http:\/\/cdmf.org.br\/difusao\/wp-json\/wp\/v2\/types\/post"}],"author":[{"embeddable":true,"href":"http:\/\/cdmf.org.br\/difusao\/wp-json\/wp\/v2\/users\/1"}],"replies":[{"embeddable":true,"href":"http:\/\/cdmf.org.br\/difusao\/wp-json\/wp\/v2\/comments?post=865"}],"version-history":[{"count":3,"href":"http:\/\/cdmf.org.br\/difusao\/wp-json\/wp\/v2\/posts\/865\/revisions"}],"predecessor-version":[{"id":964,"href":"http:\/\/cdmf.org.br\/difusao\/wp-json\/wp\/v2\/posts\/865\/revisions\/964"}],"wp:featuredmedia":[{"embeddable":true,"href":"http:\/\/cdmf.org.br\/difusao\/wp-json\/wp\/v2\/media\/962"}],"wp:attachment":[{"href":"http:\/\/cdmf.org.br\/difusao\/wp-json\/wp\/v2\/media?parent=865"}],"wp:term":[{"taxonomy":"category","embeddable":true,"href":"http:\/\/cdmf.org.br\/difusao\/wp-json\/wp\/v2\/categories?post=865"},{"taxonomy":"post_tag","embeddable":true,"href":"http:\/\/cdmf.org.br\/difusao\/wp-json\/wp\/v2\/tags?post=865"}],"curies":[{"name":"wp","href":"https:\/\/api.w.org\/{rel}","templated":true}]}}