{"id":870,"date":"2018-05-04T17:42:38","date_gmt":"2018-05-04T20:42:38","guid":{"rendered":"http:\/\/cdmf.org.br\/difusao\/?p=870"},"modified":"2018-05-10T17:46:45","modified_gmt":"2018-05-10T20:46:45","slug":"evento-promovido-cdmf-destaque-na-pagina-dos-cepids","status":"publish","type":"post","link":"http:\/\/cdmf.org.br\/difusao\/evento-promovido-cdmf-destaque-na-pagina-dos-cepids\/","title":{"rendered":"Simp\u00f3sio de Difus\u00e3o e Divulga\u00e7\u00e3o Cient\u00edfica promovido pelo CDMF \u00e9 destaque na p\u00e1gina dos CEPIDs"},"content":{"rendered":"<p>Mat\u00e9ria relata participa\u00e7\u00e3o dos membros do Centro de Pesquisa em Toxinas, Resposta Imune e Sinaliza\u00e7\u00e3o Celular no evento.<\/p>\n<p><!--more--><\/p>\n<h3 class=\"olho\">Representantes dos Centros de Pesquisa, Inova\u00e7\u00e3o e Difus\u00e3o apoiados pela FAPESP se re\u00fanem em S\u00e3o Carlos para discutir formas inovadoras de divulga\u00e7\u00e3o das pesquisas<\/h3>\n<div id=\"materia\">\n<p>O <a href=\"http:\/\/cdmf.org.br\/difusao\/\" target=\"_blank\" rel=\"noopener\">I Simp\u00f3sio de Difus\u00e3o e Divulga\u00e7\u00e3o Cient\u00edfica em Centro de Pesquisa, Inova\u00e7\u00e3o e Difus\u00e3o (CEPIDs)<\/a>, apoiados pela FAPESP, foi realizado de 17 a 19 de abril na UFSCar, em S\u00e3o Carlos.<\/p>\n<p>Com objetivo de explorar os trabalhos de divulga\u00e7\u00e3o realizados pelos CEPIDs e discutir o que mais pode ser feito, os pesquisadores apresentaram projetos que obtiveram resultados positivos na difus\u00e3o das pesquisas.<\/p>\n<p>A FAPESP apoia 17 Centros de Pesquisa, Inova\u00e7\u00e3o e Difus\u00e3o (CEPIDs) que t\u00eam como miss\u00e3o desenvolver investiga\u00e7\u00e3o fundamental ou aplicada, focada em temas espec\u00edficos; contribuir ativamente para a inova\u00e7\u00e3o por meio de transfer\u00eancia de tecnologia, al\u00e9m de oferecer atividades de extens\u00e3o voltadas para o ensino fundamental, m\u00e9dio e p\u00fablico em geral.<\/p>\n<p>Um dos CEPIDs \u00e9 o Centro de Toxinas, Resposta-Imune e Sinaliza\u00e7\u00e3o Celular (CeTICS), com sede no Instituto Butantan, em S\u00e3o Paulo. Para a coordenadora de educa\u00e7\u00e3o e difus\u00e3o do conhecimento, M\u00f4nica Lopes Ferreira, o mais gratificante do trabalho \u00e9 ver o p\u00fablico interessado no trabalho cient\u00edfico.<\/p>\n<p>\u201cUm dos nossos trabalhos \u00e9 a exposi\u00e7\u00e3o \u2018CeTICS Sobre Rodas\u2019. Um projeto que passa por diversos lugares, entre eles, escolas p\u00fablicas e privadas. Em uma escola p\u00fablica, por exemplo, a professora pediu para os alunos desenharem a exposi\u00e7\u00e3o e os cientistas. Um aluno ficou t\u00e3o empolgado que j\u00e1 queria seguir essa carreira de \u2018ajudar os outros\u2019, algo que ele nunca tinha ouvido falar. Isso mostra que estamos no caminho certo\u201d, disse Lopes Ferreira.<\/p>\n<p>Mat\u00e9ria original dispon\u00edvel <a href=\"http:\/\/cepid.fapesp.br\/materia\/338\" target=\"_blank\" rel=\"noopener\">AQUI<\/a><\/p>\n<\/div>\n","protected":false},"excerpt":{"rendered":"<p>Mat\u00e9ria relata participa\u00e7\u00e3o dos membros do Centro de Pesquisa em Toxinas, Resposta Imune e Sinaliza\u00e7\u00e3o Celular no evento.<\/p>\n","protected":false},"author":1,"featured_media":871,"comment_status":"closed","ping_status":"open","sticky":false,"template":"","format":"standard","meta":{"_exactmetrics_skip_tracking":false,"_exactmetrics_sitenote_active":false,"_exactmetrics_sitenote_note":"","_exactmetrics_sitenote_category":0,"footnotes":""},"categories":[2],"tags":[],"class_list":["post-870","post","type-post","status-publish","format-standard","has-post-thumbnail","hentry","category-noticias"],"yoast_head":"<!-- This site is optimized with the Yoast SEO plugin v26.9 - https:\/\/yoast.com\/product\/yoast-seo-wordpress\/ -->\n<title>Evento promovido pelo CDMF \u00e9 destaque na p\u00e1gina dos CEPIDs<\/title>\n<meta name=\"description\" content=\"Mat\u00e9ria relata participa\u00e7\u00e3o dos membros do Centro de Pesquisa em Toxinas, Resposta Imune e Sinaliza\u00e7\u00e3o Celular no evento.\" \/>\n<meta name=\"robots\" content=\"index, follow, max-snippet:-1, max-image-preview:large, max-video-preview:-1\" \/>\n<link rel=\"canonical\" href=\"http:\/\/cdmf.org.br\/difusao\/evento-promovido-cdmf-destaque-na-pagina-dos-cepids\/\" \/>\n<meta property=\"og:locale\" content=\"pt_BR\" \/>\n<meta property=\"og:type\" content=\"article\" \/>\n<meta property=\"og:title\" content=\"Evento promovido pelo CDMF \u00e9 destaque na p\u00e1gina dos CEPIDs\" \/>\n<meta property=\"og:description\" content=\"Mat\u00e9ria relata participa\u00e7\u00e3o dos membros do Centro de Pesquisa em Toxinas, Resposta Imune e Sinaliza\u00e7\u00e3o Celular no evento.\" \/>\n<meta property=\"og:url\" content=\"http:\/\/cdmf.org.br\/difusao\/evento-promovido-cdmf-destaque-na-pagina-dos-cepids\/\" \/>\n<meta property=\"og:site_name\" content=\"I Simp\u00f3sio de Difus\u00e3o e Divulga\u00e7\u00e3o Cient\u00edfica em CEPIDs\" \/>\n<meta property=\"article:publisher\" content=\"https:\/\/www.facebook.com\/labiufscar\/\" \/>\n<meta property=\"article:published_time\" content=\"2018-05-04T20:42:38+00:00\" \/>\n<meta property=\"article:modified_time\" content=\"2018-05-10T20:46:45+00:00\" \/>\n<meta property=\"og:image\" content=\"http:\/\/cdmf.org.br\/difusao\/wp-content\/uploads\/2018\/05\/cepids-678x381.jpg\" \/>\n\t<meta property=\"og:image:width\" content=\"678\" \/>\n\t<meta property=\"og:image:height\" content=\"381\" \/>\n\t<meta property=\"og:image:type\" content=\"image\/jpeg\" \/>\n<meta name=\"author\" content=\"LAbI UFSCar\" \/>\n<meta name=\"twitter:card\" content=\"summary_large_image\" \/>\n<meta name=\"twitter:label1\" content=\"Escrito por\" \/>\n\t<meta name=\"twitter:data1\" content=\"LAbI UFSCar\" \/>\n\t<meta name=\"twitter:label2\" content=\"Est. tempo de leitura\" \/>\n\t<meta name=\"twitter:data2\" content=\"2 minutos\" \/>\n<script type=\"application\/ld+json\" class=\"yoast-schema-graph\">{\"@context\":\"https:\/\/schema.org\",\"@graph\":[{\"@type\":\"Article\",\"@id\":\"http:\/\/cdmf.org.br\/difusao\/evento-promovido-cdmf-destaque-na-pagina-dos-cepids\/#article\",\"isPartOf\":{\"@id\":\"http:\/\/cdmf.org.br\/difusao\/evento-promovido-cdmf-destaque-na-pagina-dos-cepids\/\"},\"author\":{\"name\":\"LAbI UFSCar\",\"@id\":\"http:\/\/cdmf.org.br\/difusao\/#\/schema\/person\/b80fafef8317310f8cfbe7e23d4da309\"},\"headline\":\"Simp\u00f3sio de Difus\u00e3o e Divulga\u00e7\u00e3o Cient\u00edfica promovido pelo CDMF \u00e9 destaque na p\u00e1gina dos CEPIDs\",\"datePublished\":\"2018-05-04T20:42:38+00:00\",\"dateModified\":\"2018-05-10T20:46:45+00:00\",\"mainEntityOfPage\":{\"@id\":\"http:\/\/cdmf.org.br\/difusao\/evento-promovido-cdmf-destaque-na-pagina-dos-cepids\/\"},\"wordCount\":335,\"image\":{\"@id\":\"http:\/\/cdmf.org.br\/difusao\/evento-promovido-cdmf-destaque-na-pagina-dos-cepids\/#primaryimage\"},\"thumbnailUrl\":\"http:\/\/cdmf.org.br\/difusao\/wp-content\/uploads\/2018\/05\/cepids-678x381.jpg\",\"articleSection\":[\"Not\u00edcias\"],\"inLanguage\":\"pt-BR\"},{\"@type\":\"WebPage\",\"@id\":\"http:\/\/cdmf.org.br\/difusao\/evento-promovido-cdmf-destaque-na-pagina-dos-cepids\/\",\"url\":\"http:\/\/cdmf.org.br\/difusao\/evento-promovido-cdmf-destaque-na-pagina-dos-cepids\/\",\"name\":\"Evento promovido pelo CDMF \u00e9 destaque na p\u00e1gina dos CEPIDs\",\"isPartOf\":{\"@id\":\"http:\/\/cdmf.org.br\/difusao\/#website\"},\"primaryImageOfPage\":{\"@id\":\"http:\/\/cdmf.org.br\/difusao\/evento-promovido-cdmf-destaque-na-pagina-dos-cepids\/#primaryimage\"},\"image\":{\"@id\":\"http:\/\/cdmf.org.br\/difusao\/evento-promovido-cdmf-destaque-na-pagina-dos-cepids\/#primaryimage\"},\"thumbnailUrl\":\"http:\/\/cdmf.org.br\/difusao\/wp-content\/uploads\/2018\/05\/cepids-678x381.jpg\",\"datePublished\":\"2018-05-04T20:42:38+00:00\",\"dateModified\":\"2018-05-10T20:46:45+00:00\",\"author\":{\"@id\":\"http:\/\/cdmf.org.br\/difusao\/#\/schema\/person\/b80fafef8317310f8cfbe7e23d4da309\"},\"description\":\"Mat\u00e9ria relata participa\u00e7\u00e3o dos membros do Centro de Pesquisa em Toxinas, Resposta Imune e Sinaliza\u00e7\u00e3o Celular no evento.\",\"breadcrumb\":{\"@id\":\"http:\/\/cdmf.org.br\/difusao\/evento-promovido-cdmf-destaque-na-pagina-dos-cepids\/#breadcrumb\"},\"inLanguage\":\"pt-BR\",\"potentialAction\":[{\"@type\":\"ReadAction\",\"target\":[\"http:\/\/cdmf.org.br\/difusao\/evento-promovido-cdmf-destaque-na-pagina-dos-cepids\/\"]}]},{\"@type\":\"ImageObject\",\"inLanguage\":\"pt-BR\",\"@id\":\"http:\/\/cdmf.org.br\/difusao\/evento-promovido-cdmf-destaque-na-pagina-dos-cepids\/#primaryimage\",\"url\":\"http:\/\/cdmf.org.br\/difusao\/wp-content\/uploads\/2018\/05\/cepids-678x381.jpg\",\"contentUrl\":\"http:\/\/cdmf.org.br\/difusao\/wp-content\/uploads\/2018\/05\/cepids-678x381.jpg\",\"width\":678,\"height\":381,\"caption\":\"Evento promovido pelo CDMF \u00e9 destaque na p\u00e1gina dos CEPIDs\"},{\"@type\":\"BreadcrumbList\",\"@id\":\"http:\/\/cdmf.org.br\/difusao\/evento-promovido-cdmf-destaque-na-pagina-dos-cepids\/#breadcrumb\",\"itemListElement\":[{\"@type\":\"ListItem\",\"position\":1,\"name\":\"In\u00edcio\",\"item\":\"http:\/\/cdmf.org.br\/difusao\/\"},{\"@type\":\"ListItem\",\"position\":2,\"name\":\"Simp\u00f3sio de Difus\u00e3o e Divulga\u00e7\u00e3o Cient\u00edfica promovido pelo CDMF \u00e9 destaque na p\u00e1gina dos CEPIDs\"}]},{\"@type\":\"WebSite\",\"@id\":\"http:\/\/cdmf.org.br\/difusao\/#website\",\"url\":\"http:\/\/cdmf.org.br\/difusao\/\",\"name\":\"I Simp\u00f3sio de Difus\u00e3o e Divulga\u00e7\u00e3o Cient\u00edfica em CEPIDs\",\"description\":\"LAbI - UFSCar\",\"potentialAction\":[{\"@type\":\"SearchAction\",\"target\":{\"@type\":\"EntryPoint\",\"urlTemplate\":\"http:\/\/cdmf.org.br\/difusao\/?s={search_term_string}\"},\"query-input\":{\"@type\":\"PropertyValueSpecification\",\"valueRequired\":true,\"valueName\":\"search_term_string\"}}],\"inLanguage\":\"pt-BR\"},{\"@type\":\"Person\",\"@id\":\"http:\/\/cdmf.org.br\/difusao\/#\/schema\/person\/b80fafef8317310f8cfbe7e23d4da309\",\"name\":\"LAbI UFSCar\",\"image\":{\"@type\":\"ImageObject\",\"inLanguage\":\"pt-BR\",\"@id\":\"http:\/\/cdmf.org.br\/difusao\/#\/schema\/person\/image\/\",\"url\":\"https:\/\/secure.gravatar.com\/avatar\/12a7eca69d80041ba1ec4d8a982f14f38d7ebc5ec1d6e844decf3c74fc0f27bb?s=96&d=mm&r=g\",\"contentUrl\":\"https:\/\/secure.gravatar.com\/avatar\/12a7eca69d80041ba1ec4d8a982f14f38d7ebc5ec1d6e844decf3c74fc0f27bb?s=96&d=mm&r=g\",\"caption\":\"LAbI UFSCar\"},\"url\":\"http:\/\/cdmf.org.br\/difusao\/author\/labi-ufscar\/\"}]}<\/script>\n<!-- \/ Yoast SEO plugin. -->","yoast_head_json":{"title":"Evento promovido pelo CDMF \u00e9 destaque na p\u00e1gina dos CEPIDs","description":"Mat\u00e9ria relata participa\u00e7\u00e3o dos membros do Centro de Pesquisa em Toxinas, Resposta Imune e Sinaliza\u00e7\u00e3o Celular no evento.","robots":{"index":"index","follow":"follow","max-snippet":"max-snippet:-1","max-image-preview":"max-image-preview:large","max-video-preview":"max-video-preview:-1"},"canonical":"http:\/\/cdmf.org.br\/difusao\/evento-promovido-cdmf-destaque-na-pagina-dos-cepids\/","og_locale":"pt_BR","og_type":"article","og_title":"Evento promovido pelo CDMF \u00e9 destaque na p\u00e1gina dos CEPIDs","og_description":"Mat\u00e9ria relata participa\u00e7\u00e3o dos membros do Centro de Pesquisa em Toxinas, Resposta Imune e Sinaliza\u00e7\u00e3o Celular no evento.","og_url":"http:\/\/cdmf.org.br\/difusao\/evento-promovido-cdmf-destaque-na-pagina-dos-cepids\/","og_site_name":"I Simp\u00f3sio de Difus\u00e3o e Divulga\u00e7\u00e3o Cient\u00edfica em CEPIDs","article_publisher":"https:\/\/www.facebook.com\/labiufscar\/","article_published_time":"2018-05-04T20:42:38+00:00","article_modified_time":"2018-05-10T20:46:45+00:00","og_image":[{"width":678,"height":381,"url":"http:\/\/cdmf.org.br\/difusao\/wp-content\/uploads\/2018\/05\/cepids-678x381.jpg","type":"image\/jpeg"}],"author":"LAbI UFSCar","twitter_card":"summary_large_image","twitter_misc":{"Escrito por":"LAbI UFSCar","Est. tempo de leitura":"2 minutos"},"schema":{"@context":"https:\/\/schema.org","@graph":[{"@type":"Article","@id":"http:\/\/cdmf.org.br\/difusao\/evento-promovido-cdmf-destaque-na-pagina-dos-cepids\/#article","isPartOf":{"@id":"http:\/\/cdmf.org.br\/difusao\/evento-promovido-cdmf-destaque-na-pagina-dos-cepids\/"},"author":{"name":"LAbI UFSCar","@id":"http:\/\/cdmf.org.br\/difusao\/#\/schema\/person\/b80fafef8317310f8cfbe7e23d4da309"},"headline":"Simp\u00f3sio de Difus\u00e3o e Divulga\u00e7\u00e3o Cient\u00edfica promovido pelo CDMF \u00e9 destaque na p\u00e1gina dos CEPIDs","datePublished":"2018-05-04T20:42:38+00:00","dateModified":"2018-05-10T20:46:45+00:00","mainEntityOfPage":{"@id":"http:\/\/cdmf.org.br\/difusao\/evento-promovido-cdmf-destaque-na-pagina-dos-cepids\/"},"wordCount":335,"image":{"@id":"http:\/\/cdmf.org.br\/difusao\/evento-promovido-cdmf-destaque-na-pagina-dos-cepids\/#primaryimage"},"thumbnailUrl":"http:\/\/cdmf.org.br\/difusao\/wp-content\/uploads\/2018\/05\/cepids-678x381.jpg","articleSection":["Not\u00edcias"],"inLanguage":"pt-BR"},{"@type":"WebPage","@id":"http:\/\/cdmf.org.br\/difusao\/evento-promovido-cdmf-destaque-na-pagina-dos-cepids\/","url":"http:\/\/cdmf.org.br\/difusao\/evento-promovido-cdmf-destaque-na-pagina-dos-cepids\/","name":"Evento promovido pelo CDMF \u00e9 destaque na p\u00e1gina dos CEPIDs","isPartOf":{"@id":"http:\/\/cdmf.org.br\/difusao\/#website"},"primaryImageOfPage":{"@id":"http:\/\/cdmf.org.br\/difusao\/evento-promovido-cdmf-destaque-na-pagina-dos-cepids\/#primaryimage"},"image":{"@id":"http:\/\/cdmf.org.br\/difusao\/evento-promovido-cdmf-destaque-na-pagina-dos-cepids\/#primaryimage"},"thumbnailUrl":"http:\/\/cdmf.org.br\/difusao\/wp-content\/uploads\/2018\/05\/cepids-678x381.jpg","datePublished":"2018-05-04T20:42:38+00:00","dateModified":"2018-05-10T20:46:45+00:00","author":{"@id":"http:\/\/cdmf.org.br\/difusao\/#\/schema\/person\/b80fafef8317310f8cfbe7e23d4da309"},"description":"Mat\u00e9ria relata participa\u00e7\u00e3o dos membros do Centro de Pesquisa em Toxinas, Resposta Imune e Sinaliza\u00e7\u00e3o Celular no evento.","breadcrumb":{"@id":"http:\/\/cdmf.org.br\/difusao\/evento-promovido-cdmf-destaque-na-pagina-dos-cepids\/#breadcrumb"},"inLanguage":"pt-BR","potentialAction":[{"@type":"ReadAction","target":["http:\/\/cdmf.org.br\/difusao\/evento-promovido-cdmf-destaque-na-pagina-dos-cepids\/"]}]},{"@type":"ImageObject","inLanguage":"pt-BR","@id":"http:\/\/cdmf.org.br\/difusao\/evento-promovido-cdmf-destaque-na-pagina-dos-cepids\/#primaryimage","url":"http:\/\/cdmf.org.br\/difusao\/wp-content\/uploads\/2018\/05\/cepids-678x381.jpg","contentUrl":"http:\/\/cdmf.org.br\/difusao\/wp-content\/uploads\/2018\/05\/cepids-678x381.jpg","width":678,"height":381,"caption":"Evento promovido pelo CDMF \u00e9 destaque na p\u00e1gina dos CEPIDs"},{"@type":"BreadcrumbList","@id":"http:\/\/cdmf.org.br\/difusao\/evento-promovido-cdmf-destaque-na-pagina-dos-cepids\/#breadcrumb","itemListElement":[{"@type":"ListItem","position":1,"name":"In\u00edcio","item":"http:\/\/cdmf.org.br\/difusao\/"},{"@type":"ListItem","position":2,"name":"Simp\u00f3sio de Difus\u00e3o e Divulga\u00e7\u00e3o Cient\u00edfica promovido pelo CDMF \u00e9 destaque na p\u00e1gina dos CEPIDs"}]},{"@type":"WebSite","@id":"http:\/\/cdmf.org.br\/difusao\/#website","url":"http:\/\/cdmf.org.br\/difusao\/","name":"I Simp\u00f3sio de Difus\u00e3o e Divulga\u00e7\u00e3o Cient\u00edfica em CEPIDs","description":"LAbI - UFSCar","potentialAction":[{"@type":"SearchAction","target":{"@type":"EntryPoint","urlTemplate":"http:\/\/cdmf.org.br\/difusao\/?s={search_term_string}"},"query-input":{"@type":"PropertyValueSpecification","valueRequired":true,"valueName":"search_term_string"}}],"inLanguage":"pt-BR"},{"@type":"Person","@id":"http:\/\/cdmf.org.br\/difusao\/#\/schema\/person\/b80fafef8317310f8cfbe7e23d4da309","name":"LAbI UFSCar","image":{"@type":"ImageObject","inLanguage":"pt-BR","@id":"http:\/\/cdmf.org.br\/difusao\/#\/schema\/person\/image\/","url":"https:\/\/secure.gravatar.com\/avatar\/12a7eca69d80041ba1ec4d8a982f14f38d7ebc5ec1d6e844decf3c74fc0f27bb?s=96&d=mm&r=g","contentUrl":"https:\/\/secure.gravatar.com\/avatar\/12a7eca69d80041ba1ec4d8a982f14f38d7ebc5ec1d6e844decf3c74fc0f27bb?s=96&d=mm&r=g","caption":"LAbI UFSCar"},"url":"http:\/\/cdmf.org.br\/difusao\/author\/labi-ufscar\/"}]}},"_links":{"self":[{"href":"http:\/\/cdmf.org.br\/difusao\/wp-json\/wp\/v2\/posts\/870","targetHints":{"allow":["GET"]}}],"collection":[{"href":"http:\/\/cdmf.org.br\/difusao\/wp-json\/wp\/v2\/posts"}],"about":[{"href":"http:\/\/cdmf.org.br\/difusao\/wp-json\/wp\/v2\/types\/post"}],"author":[{"embeddable":true,"href":"http:\/\/cdmf.org.br\/difusao\/wp-json\/wp\/v2\/users\/1"}],"replies":[{"embeddable":true,"href":"http:\/\/cdmf.org.br\/difusao\/wp-json\/wp\/v2\/comments?post=870"}],"version-history":[{"count":2,"href":"http:\/\/cdmf.org.br\/difusao\/wp-json\/wp\/v2\/posts\/870\/revisions"}],"predecessor-version":[{"id":873,"href":"http:\/\/cdmf.org.br\/difusao\/wp-json\/wp\/v2\/posts\/870\/revisions\/873"}],"wp:featuredmedia":[{"embeddable":true,"href":"http:\/\/cdmf.org.br\/difusao\/wp-json\/wp\/v2\/media\/871"}],"wp:attachment":[{"href":"http:\/\/cdmf.org.br\/difusao\/wp-json\/wp\/v2\/media?parent=870"}],"wp:term":[{"taxonomy":"category","embeddable":true,"href":"http:\/\/cdmf.org.br\/difusao\/wp-json\/wp\/v2\/categories?post=870"},{"taxonomy":"post_tag","embeddable":true,"href":"http:\/\/cdmf.org.br\/difusao\/wp-json\/wp\/v2\/tags?post=870"}],"curies":[{"name":"wp","href":"https:\/\/api.w.org\/{rel}","templated":true}]}}