{"id":876,"date":"2018-05-11T10:00:58","date_gmt":"2018-05-11T13:00:58","guid":{"rendered":"http:\/\/cdmf.org.br\/difusao\/?p=876"},"modified":"2018-09-03T16:47:26","modified_gmt":"2018-09-03T19:47:26","slug":"apresentacao-do-centro-de-terapia-celular-ctc","status":"publish","type":"post","link":"http:\/\/cdmf.org.br\/difusao\/apresentacao-do-centro-de-terapia-celular-ctc\/","title":{"rendered":"Apresenta\u00e7\u00e3o do Centro de Terapia Celular (CTC)"},"content":{"rendered":"<p>O CTC tem como foco a compreens\u00e3o da biologia das c\u00e9lulas-tronco, bem como o desenvolvimento de novas tecnologias para o tratamento de doen\u00e7as.<\/p>\n<p><!--more--><\/p>\n<h3><a href=\"http:\/\/ctcusp.org\/\">http:\/\/ctcusp.org\/<\/a><\/h3>\n<p>O Centro de Terapia Celular (CTC) \u00e9 composto por um grupo de pesquisadores da USP e do Hemocentro Regional de Ribeir\u00e3o Preto interessados \u200b\u200bem entender a biologia das c\u00e9lulas-tronco, bem como em desenvolver novas tecnologias para seu uso no tratamento de doen\u00e7as. O grupo de pesquisadores envolve m\u00e9dicos, bi\u00f3logos, profissionais biom\u00e9dicos, farmac\u00eauticos e veterin\u00e1rios, entre outros, que trabalham juntos desde 2000.<\/p>\n<p>Pesquisa realizada no Centro de Terapia Celular da USP (CTC) traz benef\u00edcios para a sociedade brasileira a possibilidade de obter medicamentos mais eficientes, desenvolvidos com tecnologia brasileira.<\/p>\n<p>A organiza\u00e7\u00e3o do evento foi do Centro de Desenvolvimento de Materiais Funcionais (CDMF), um desses Cepids, e do Laborat\u00f3rio Aberto de Interatividade para a Dissemina\u00e7\u00e3o do Conhecimento Cient\u00edfico e Tecnol\u00f3gico (LAbI) da UFSCar.<\/p>\n<div class=\"responsive-embed\"><iframe loading=\"lazy\" width=\"1168\" height=\"657\" src=\"https:\/\/www.youtube.com\/embed\/4GwlqE_p8Fw?feature=oembed\" frameborder=\"0\" allow=\"autoplay; encrypted-media\" allowfullscreen><\/iframe><\/div>\n<div id=\"materia\">\n<p>&nbsp;<\/p>\n<\/div>\n","protected":false},"excerpt":{"rendered":"<p>O CTC tem como foco a compreens\u00e3o da biologia das c\u00e9lulas-tronco, bem como o desenvolvimento de novas tecnologias para o tratamento de doen\u00e7as.<\/p>\n","protected":false},"author":1,"featured_media":961,"comment_status":"closed","ping_status":"open","sticky":false,"template":"","format":"video","meta":{"_exactmetrics_skip_tracking":false,"_exactmetrics_sitenote_active":false,"_exactmetrics_sitenote_note":"","_exactmetrics_sitenote_category":0,"footnotes":""},"categories":[23],"tags":[],"class_list":["post-876","post","type-post","status-publish","format-video","has-post-thumbnail","hentry","category-videos","post_format-post-format-video"],"yoast_head":"<!-- This site is optimized with the Yoast SEO plugin v26.9 - https:\/\/yoast.com\/product\/yoast-seo-wordpress\/ -->\n<title>Apresenta\u00e7\u00e3o do Centro de Terapia Celular (CTC) | CEPID FAPESP<\/title>\n<meta name=\"description\" content=\"O CTC tem como foco a compreens\u00e3o da biologia das c\u00e9lulas-tronco, bem como o desenvolvimento de novas tecnologias para o tratamento de doen\u00e7as.\" \/>\n<meta name=\"robots\" content=\"index, follow, max-snippet:-1, max-image-preview:large, max-video-preview:-1\" \/>\n<link rel=\"canonical\" href=\"http:\/\/cdmf.org.br\/difusao\/apresentacao-do-centro-de-terapia-celular-ctc\/\" \/>\n<meta property=\"og:locale\" content=\"pt_BR\" \/>\n<meta property=\"og:type\" content=\"article\" \/>\n<meta property=\"og:title\" content=\"Apresenta\u00e7\u00e3o do Centro de Terapia Celular (CTC) | CEPID FAPESP\" \/>\n<meta property=\"og:description\" content=\"O CTC tem como foco a compreens\u00e3o da biologia das c\u00e9lulas-tronco, bem como o desenvolvimento de novas tecnologias para o tratamento de doen\u00e7as.\" \/>\n<meta property=\"og:url\" content=\"http:\/\/cdmf.org.br\/difusao\/apresentacao-do-centro-de-terapia-celular-ctc\/\" \/>\n<meta property=\"og:site_name\" content=\"I Simp\u00f3sio de Difus\u00e3o e Divulga\u00e7\u00e3o Cient\u00edfica em CEPIDs\" \/>\n<meta property=\"article:publisher\" content=\"https:\/\/www.facebook.com\/labiufscar\/\" \/>\n<meta property=\"article:published_time\" content=\"2018-05-11T13:00:58+00:00\" \/>\n<meta property=\"article:modified_time\" content=\"2018-09-03T19:47:26+00:00\" \/>\n<meta property=\"og:image\" content=\"http:\/\/cdmf.org.br\/difusao\/wp-content\/uploads\/2018\/09\/apresentacao-do-centro-de-terapia-celular-ctc.jpg\" \/>\n\t<meta property=\"og:image:width\" content=\"1280\" \/>\n\t<meta property=\"og:image:height\" content=\"720\" \/>\n\t<meta property=\"og:image:type\" content=\"image\/jpeg\" \/>\n<meta name=\"author\" content=\"LAbI UFSCar\" \/>\n<meta name=\"twitter:card\" content=\"summary_large_image\" \/>\n<meta name=\"twitter:label1\" content=\"Escrito por\" \/>\n\t<meta name=\"twitter:data1\" content=\"LAbI UFSCar\" \/>\n\t<meta name=\"twitter:label2\" content=\"Est. tempo de leitura\" \/>\n\t<meta name=\"twitter:data2\" content=\"1 minuto\" \/>\n<script type=\"application\/ld+json\" class=\"yoast-schema-graph\">{\"@context\":\"https:\/\/schema.org\",\"@graph\":[{\"@type\":\"Article\",\"@id\":\"http:\/\/cdmf.org.br\/difusao\/apresentacao-do-centro-de-terapia-celular-ctc\/#article\",\"isPartOf\":{\"@id\":\"http:\/\/cdmf.org.br\/difusao\/apresentacao-do-centro-de-terapia-celular-ctc\/\"},\"author\":{\"name\":\"LAbI UFSCar\",\"@id\":\"http:\/\/cdmf.org.br\/difusao\/#\/schema\/person\/b80fafef8317310f8cfbe7e23d4da309\"},\"headline\":\"Apresenta\u00e7\u00e3o do Centro de Terapia Celular (CTC)\",\"datePublished\":\"2018-05-11T13:00:58+00:00\",\"dateModified\":\"2018-09-03T19:47:26+00:00\",\"mainEntityOfPage\":{\"@id\":\"http:\/\/cdmf.org.br\/difusao\/apresentacao-do-centro-de-terapia-celular-ctc\/\"},\"wordCount\":177,\"image\":{\"@id\":\"http:\/\/cdmf.org.br\/difusao\/apresentacao-do-centro-de-terapia-celular-ctc\/#primaryimage\"},\"thumbnailUrl\":\"http:\/\/cdmf.org.br\/difusao\/wp-content\/uploads\/2018\/09\/apresentacao-do-centro-de-terapia-celular-ctc.jpg\",\"articleSection\":[\"V\u00eddeos\"],\"inLanguage\":\"pt-BR\"},{\"@type\":\"WebPage\",\"@id\":\"http:\/\/cdmf.org.br\/difusao\/apresentacao-do-centro-de-terapia-celular-ctc\/\",\"url\":\"http:\/\/cdmf.org.br\/difusao\/apresentacao-do-centro-de-terapia-celular-ctc\/\",\"name\":\"Apresenta\u00e7\u00e3o do Centro de Terapia Celular (CTC) | CEPID FAPESP\",\"isPartOf\":{\"@id\":\"http:\/\/cdmf.org.br\/difusao\/#website\"},\"primaryImageOfPage\":{\"@id\":\"http:\/\/cdmf.org.br\/difusao\/apresentacao-do-centro-de-terapia-celular-ctc\/#primaryimage\"},\"image\":{\"@id\":\"http:\/\/cdmf.org.br\/difusao\/apresentacao-do-centro-de-terapia-celular-ctc\/#primaryimage\"},\"thumbnailUrl\":\"http:\/\/cdmf.org.br\/difusao\/wp-content\/uploads\/2018\/09\/apresentacao-do-centro-de-terapia-celular-ctc.jpg\",\"datePublished\":\"2018-05-11T13:00:58+00:00\",\"dateModified\":\"2018-09-03T19:47:26+00:00\",\"author\":{\"@id\":\"http:\/\/cdmf.org.br\/difusao\/#\/schema\/person\/b80fafef8317310f8cfbe7e23d4da309\"},\"description\":\"O CTC tem como foco a compreens\u00e3o da biologia das c\u00e9lulas-tronco, bem como o desenvolvimento de novas tecnologias para o tratamento de doen\u00e7as.\",\"breadcrumb\":{\"@id\":\"http:\/\/cdmf.org.br\/difusao\/apresentacao-do-centro-de-terapia-celular-ctc\/#breadcrumb\"},\"inLanguage\":\"pt-BR\",\"potentialAction\":[{\"@type\":\"ReadAction\",\"target\":[\"http:\/\/cdmf.org.br\/difusao\/apresentacao-do-centro-de-terapia-celular-ctc\/\"]}]},{\"@type\":\"ImageObject\",\"inLanguage\":\"pt-BR\",\"@id\":\"http:\/\/cdmf.org.br\/difusao\/apresentacao-do-centro-de-terapia-celular-ctc\/#primaryimage\",\"url\":\"http:\/\/cdmf.org.br\/difusao\/wp-content\/uploads\/2018\/09\/apresentacao-do-centro-de-terapia-celular-ctc.jpg\",\"contentUrl\":\"http:\/\/cdmf.org.br\/difusao\/wp-content\/uploads\/2018\/09\/apresentacao-do-centro-de-terapia-celular-ctc.jpg\",\"width\":1280,\"height\":720,\"caption\":\"Apresenta\u00e7\u00e3o do Centro de Terapia Celular (CTC)\"},{\"@type\":\"BreadcrumbList\",\"@id\":\"http:\/\/cdmf.org.br\/difusao\/apresentacao-do-centro-de-terapia-celular-ctc\/#breadcrumb\",\"itemListElement\":[{\"@type\":\"ListItem\",\"position\":1,\"name\":\"In\u00edcio\",\"item\":\"http:\/\/cdmf.org.br\/difusao\/\"},{\"@type\":\"ListItem\",\"position\":2,\"name\":\"Apresenta\u00e7\u00e3o do Centro de Terapia Celular (CTC)\"}]},{\"@type\":\"WebSite\",\"@id\":\"http:\/\/cdmf.org.br\/difusao\/#website\",\"url\":\"http:\/\/cdmf.org.br\/difusao\/\",\"name\":\"I Simp\u00f3sio de Difus\u00e3o e Divulga\u00e7\u00e3o Cient\u00edfica em CEPIDs\",\"description\":\"LAbI - UFSCar\",\"potentialAction\":[{\"@type\":\"SearchAction\",\"target\":{\"@type\":\"EntryPoint\",\"urlTemplate\":\"http:\/\/cdmf.org.br\/difusao\/?s={search_term_string}\"},\"query-input\":{\"@type\":\"PropertyValueSpecification\",\"valueRequired\":true,\"valueName\":\"search_term_string\"}}],\"inLanguage\":\"pt-BR\"},{\"@type\":\"Person\",\"@id\":\"http:\/\/cdmf.org.br\/difusao\/#\/schema\/person\/b80fafef8317310f8cfbe7e23d4da309\",\"name\":\"LAbI UFSCar\",\"image\":{\"@type\":\"ImageObject\",\"inLanguage\":\"pt-BR\",\"@id\":\"http:\/\/cdmf.org.br\/difusao\/#\/schema\/person\/image\/\",\"url\":\"https:\/\/secure.gravatar.com\/avatar\/12a7eca69d80041ba1ec4d8a982f14f38d7ebc5ec1d6e844decf3c74fc0f27bb?s=96&d=mm&r=g\",\"contentUrl\":\"https:\/\/secure.gravatar.com\/avatar\/12a7eca69d80041ba1ec4d8a982f14f38d7ebc5ec1d6e844decf3c74fc0f27bb?s=96&d=mm&r=g\",\"caption\":\"LAbI UFSCar\"},\"url\":\"http:\/\/cdmf.org.br\/difusao\/author\/labi-ufscar\/\"}]}<\/script>\n<!-- \/ Yoast SEO plugin. -->","yoast_head_json":{"title":"Apresenta\u00e7\u00e3o do Centro de Terapia Celular (CTC) | CEPID FAPESP","description":"O CTC tem como foco a compreens\u00e3o da biologia das c\u00e9lulas-tronco, bem como o desenvolvimento de novas tecnologias para o tratamento de doen\u00e7as.","robots":{"index":"index","follow":"follow","max-snippet":"max-snippet:-1","max-image-preview":"max-image-preview:large","max-video-preview":"max-video-preview:-1"},"canonical":"http:\/\/cdmf.org.br\/difusao\/apresentacao-do-centro-de-terapia-celular-ctc\/","og_locale":"pt_BR","og_type":"article","og_title":"Apresenta\u00e7\u00e3o do Centro de Terapia Celular (CTC) | CEPID FAPESP","og_description":"O CTC tem como foco a compreens\u00e3o da biologia das c\u00e9lulas-tronco, bem como o desenvolvimento de novas tecnologias para o tratamento de doen\u00e7as.","og_url":"http:\/\/cdmf.org.br\/difusao\/apresentacao-do-centro-de-terapia-celular-ctc\/","og_site_name":"I Simp\u00f3sio de Difus\u00e3o e Divulga\u00e7\u00e3o Cient\u00edfica em CEPIDs","article_publisher":"https:\/\/www.facebook.com\/labiufscar\/","article_published_time":"2018-05-11T13:00:58+00:00","article_modified_time":"2018-09-03T19:47:26+00:00","og_image":[{"width":1280,"height":720,"url":"http:\/\/cdmf.org.br\/difusao\/wp-content\/uploads\/2018\/09\/apresentacao-do-centro-de-terapia-celular-ctc.jpg","type":"image\/jpeg"}],"author":"LAbI UFSCar","twitter_card":"summary_large_image","twitter_misc":{"Escrito por":"LAbI UFSCar","Est. tempo de leitura":"1 minuto"},"schema":{"@context":"https:\/\/schema.org","@graph":[{"@type":"Article","@id":"http:\/\/cdmf.org.br\/difusao\/apresentacao-do-centro-de-terapia-celular-ctc\/#article","isPartOf":{"@id":"http:\/\/cdmf.org.br\/difusao\/apresentacao-do-centro-de-terapia-celular-ctc\/"},"author":{"name":"LAbI UFSCar","@id":"http:\/\/cdmf.org.br\/difusao\/#\/schema\/person\/b80fafef8317310f8cfbe7e23d4da309"},"headline":"Apresenta\u00e7\u00e3o do Centro de Terapia Celular (CTC)","datePublished":"2018-05-11T13:00:58+00:00","dateModified":"2018-09-03T19:47:26+00:00","mainEntityOfPage":{"@id":"http:\/\/cdmf.org.br\/difusao\/apresentacao-do-centro-de-terapia-celular-ctc\/"},"wordCount":177,"image":{"@id":"http:\/\/cdmf.org.br\/difusao\/apresentacao-do-centro-de-terapia-celular-ctc\/#primaryimage"},"thumbnailUrl":"http:\/\/cdmf.org.br\/difusao\/wp-content\/uploads\/2018\/09\/apresentacao-do-centro-de-terapia-celular-ctc.jpg","articleSection":["V\u00eddeos"],"inLanguage":"pt-BR"},{"@type":"WebPage","@id":"http:\/\/cdmf.org.br\/difusao\/apresentacao-do-centro-de-terapia-celular-ctc\/","url":"http:\/\/cdmf.org.br\/difusao\/apresentacao-do-centro-de-terapia-celular-ctc\/","name":"Apresenta\u00e7\u00e3o do Centro de Terapia Celular (CTC) | CEPID FAPESP","isPartOf":{"@id":"http:\/\/cdmf.org.br\/difusao\/#website"},"primaryImageOfPage":{"@id":"http:\/\/cdmf.org.br\/difusao\/apresentacao-do-centro-de-terapia-celular-ctc\/#primaryimage"},"image":{"@id":"http:\/\/cdmf.org.br\/difusao\/apresentacao-do-centro-de-terapia-celular-ctc\/#primaryimage"},"thumbnailUrl":"http:\/\/cdmf.org.br\/difusao\/wp-content\/uploads\/2018\/09\/apresentacao-do-centro-de-terapia-celular-ctc.jpg","datePublished":"2018-05-11T13:00:58+00:00","dateModified":"2018-09-03T19:47:26+00:00","author":{"@id":"http:\/\/cdmf.org.br\/difusao\/#\/schema\/person\/b80fafef8317310f8cfbe7e23d4da309"},"description":"O CTC tem como foco a compreens\u00e3o da biologia das c\u00e9lulas-tronco, bem como o desenvolvimento de novas tecnologias para o tratamento de doen\u00e7as.","breadcrumb":{"@id":"http:\/\/cdmf.org.br\/difusao\/apresentacao-do-centro-de-terapia-celular-ctc\/#breadcrumb"},"inLanguage":"pt-BR","potentialAction":[{"@type":"ReadAction","target":["http:\/\/cdmf.org.br\/difusao\/apresentacao-do-centro-de-terapia-celular-ctc\/"]}]},{"@type":"ImageObject","inLanguage":"pt-BR","@id":"http:\/\/cdmf.org.br\/difusao\/apresentacao-do-centro-de-terapia-celular-ctc\/#primaryimage","url":"http:\/\/cdmf.org.br\/difusao\/wp-content\/uploads\/2018\/09\/apresentacao-do-centro-de-terapia-celular-ctc.jpg","contentUrl":"http:\/\/cdmf.org.br\/difusao\/wp-content\/uploads\/2018\/09\/apresentacao-do-centro-de-terapia-celular-ctc.jpg","width":1280,"height":720,"caption":"Apresenta\u00e7\u00e3o do Centro de Terapia Celular (CTC)"},{"@type":"BreadcrumbList","@id":"http:\/\/cdmf.org.br\/difusao\/apresentacao-do-centro-de-terapia-celular-ctc\/#breadcrumb","itemListElement":[{"@type":"ListItem","position":1,"name":"In\u00edcio","item":"http:\/\/cdmf.org.br\/difusao\/"},{"@type":"ListItem","position":2,"name":"Apresenta\u00e7\u00e3o do Centro de Terapia Celular (CTC)"}]},{"@type":"WebSite","@id":"http:\/\/cdmf.org.br\/difusao\/#website","url":"http:\/\/cdmf.org.br\/difusao\/","name":"I Simp\u00f3sio de Difus\u00e3o e Divulga\u00e7\u00e3o Cient\u00edfica em CEPIDs","description":"LAbI - UFSCar","potentialAction":[{"@type":"SearchAction","target":{"@type":"EntryPoint","urlTemplate":"http:\/\/cdmf.org.br\/difusao\/?s={search_term_string}"},"query-input":{"@type":"PropertyValueSpecification","valueRequired":true,"valueName":"search_term_string"}}],"inLanguage":"pt-BR"},{"@type":"Person","@id":"http:\/\/cdmf.org.br\/difusao\/#\/schema\/person\/b80fafef8317310f8cfbe7e23d4da309","name":"LAbI UFSCar","image":{"@type":"ImageObject","inLanguage":"pt-BR","@id":"http:\/\/cdmf.org.br\/difusao\/#\/schema\/person\/image\/","url":"https:\/\/secure.gravatar.com\/avatar\/12a7eca69d80041ba1ec4d8a982f14f38d7ebc5ec1d6e844decf3c74fc0f27bb?s=96&d=mm&r=g","contentUrl":"https:\/\/secure.gravatar.com\/avatar\/12a7eca69d80041ba1ec4d8a982f14f38d7ebc5ec1d6e844decf3c74fc0f27bb?s=96&d=mm&r=g","caption":"LAbI UFSCar"},"url":"http:\/\/cdmf.org.br\/difusao\/author\/labi-ufscar\/"}]}},"_links":{"self":[{"href":"http:\/\/cdmf.org.br\/difusao\/wp-json\/wp\/v2\/posts\/876","targetHints":{"allow":["GET"]}}],"collection":[{"href":"http:\/\/cdmf.org.br\/difusao\/wp-json\/wp\/v2\/posts"}],"about":[{"href":"http:\/\/cdmf.org.br\/difusao\/wp-json\/wp\/v2\/types\/post"}],"author":[{"embeddable":true,"href":"http:\/\/cdmf.org.br\/difusao\/wp-json\/wp\/v2\/users\/1"}],"replies":[{"embeddable":true,"href":"http:\/\/cdmf.org.br\/difusao\/wp-json\/wp\/v2\/comments?post=876"}],"version-history":[{"count":1,"href":"http:\/\/cdmf.org.br\/difusao\/wp-json\/wp\/v2\/posts\/876\/revisions"}],"predecessor-version":[{"id":879,"href":"http:\/\/cdmf.org.br\/difusao\/wp-json\/wp\/v2\/posts\/876\/revisions\/879"}],"wp:featuredmedia":[{"embeddable":true,"href":"http:\/\/cdmf.org.br\/difusao\/wp-json\/wp\/v2\/media\/961"}],"wp:attachment":[{"href":"http:\/\/cdmf.org.br\/difusao\/wp-json\/wp\/v2\/media?parent=876"}],"wp:term":[{"taxonomy":"category","embeddable":true,"href":"http:\/\/cdmf.org.br\/difusao\/wp-json\/wp\/v2\/categories?post=876"},{"taxonomy":"post_tag","embeddable":true,"href":"http:\/\/cdmf.org.br\/difusao\/wp-json\/wp\/v2\/tags?post=876"}],"curies":[{"name":"wp","href":"https:\/\/api.w.org\/{rel}","templated":true}]}}