{"id":887,"date":"2018-04-26T17:00:49","date_gmt":"2018-04-26T20:00:49","guid":{"rendered":"http:\/\/cdmf.org.br\/difusao\/?p=887"},"modified":"2018-09-03T16:48:40","modified_gmt":"2018-09-03T19:48:40","slug":"mesa-de-abertura-do-i-simposio-de-difusao-e-divulgacao-cientifica-em-cepids","status":"publish","type":"post","link":"http:\/\/cdmf.org.br\/difusao\/mesa-de-abertura-do-i-simposio-de-difusao-e-divulgacao-cientifica-em-cepids\/","title":{"rendered":"Mesa de abertura do I Simp\u00f3sio de Difus\u00e3o e Divulga\u00e7\u00e3o Cient\u00edfica em Cepids"},"content":{"rendered":"<p>Cerim\u00f4nia de abertura do I Simp\u00f3sio de Difus\u00e3o e Divulga\u00e7\u00e3o Cient\u00edfica em Cepids promovido pelo LAbI &#8211; UFSCar e pelo CDMF.<\/p>\n<p><!--more--><\/p>\n<p>CEPIDS t\u00eam como miss\u00e3o desenvolver investiga\u00e7\u00e3o fundamental ou aplicada, com impacto comercial e social relevante, contribuir para a inova\u00e7\u00e3o por meio de transfer\u00eancia de tecnologia\u00a0e oferecer atividades de extens\u00e3o para professores e alunos do ensino fundamental e m\u00e9dio e para o p\u00fablico em geral.<\/p>\n<div class=\"responsive-embed\"><iframe loading=\"lazy\" width=\"1168\" height=\"657\" src=\"https:\/\/www.youtube.com\/embed\/59b12i4y3Xo?feature=oembed\" frameborder=\"0\" allow=\"autoplay; encrypted-media\" allowfullscreen><\/iframe><\/div>\n<div id=\"materia\"><\/div>\n","protected":false},"excerpt":{"rendered":"<p>Cerim\u00f4nia de abertura do I Simp\u00f3sio de Difus\u00e3o e Divulga\u00e7\u00e3o Cient\u00edfica em Cepids promovido pelo LAbI &#8211; UFSCar e pelo CDMF.<\/p>\n","protected":false},"author":1,"featured_media":889,"comment_status":"closed","ping_status":"open","sticky":false,"template":"","format":"video","meta":{"_exactmetrics_skip_tracking":false,"_exactmetrics_sitenote_active":false,"_exactmetrics_sitenote_note":"","_exactmetrics_sitenote_category":0,"footnotes":""},"categories":[23],"tags":[],"class_list":["post-887","post","type-post","status-publish","format-video","has-post-thumbnail","hentry","category-videos","post_format-post-format-video"],"yoast_head":"<!-- This site is optimized with the Yoast SEO plugin v26.9 - https:\/\/yoast.com\/product\/yoast-seo-wordpress\/ -->\n<title>Abertura do I Simp\u00f3sio de Difus\u00e3o e Divulga\u00e7\u00e3o Cient\u00edfica em Cepids<\/title>\n<meta name=\"description\" content=\"Cerim\u00f4nia de abertura do I Simp\u00f3sio de Difus\u00e3o e Divulga\u00e7\u00e3o Cient\u00edfica em Cepids promovido pelo LAbI - UFSCar e pelo CDMF.\" \/>\n<meta name=\"robots\" content=\"index, follow, max-snippet:-1, max-image-preview:large, max-video-preview:-1\" \/>\n<link rel=\"canonical\" href=\"http:\/\/cdmf.org.br\/difusao\/mesa-de-abertura-do-i-simposio-de-difusao-e-divulgacao-cientifica-em-cepids\/\" \/>\n<meta property=\"og:locale\" content=\"pt_BR\" \/>\n<meta property=\"og:type\" content=\"article\" \/>\n<meta property=\"og:title\" content=\"Abertura do I Simp\u00f3sio de Difus\u00e3o e Divulga\u00e7\u00e3o Cient\u00edfica em Cepids\" \/>\n<meta property=\"og:description\" content=\"Cerim\u00f4nia de abertura do I Simp\u00f3sio de Difus\u00e3o e Divulga\u00e7\u00e3o Cient\u00edfica em Cepids promovido pelo LAbI - UFSCar e pelo CDMF.\" \/>\n<meta property=\"og:url\" content=\"http:\/\/cdmf.org.br\/difusao\/mesa-de-abertura-do-i-simposio-de-difusao-e-divulgacao-cientifica-em-cepids\/\" \/>\n<meta property=\"og:site_name\" content=\"I Simp\u00f3sio de Difus\u00e3o e Divulga\u00e7\u00e3o Cient\u00edfica em CEPIDs\" \/>\n<meta property=\"article:publisher\" content=\"https:\/\/www.facebook.com\/labiufscar\/\" \/>\n<meta property=\"article:published_time\" content=\"2018-04-26T20:00:49+00:00\" \/>\n<meta property=\"article:modified_time\" content=\"2018-09-03T19:48:40+00:00\" \/>\n<meta property=\"og:image\" content=\"http:\/\/cdmf.org.br\/difusao\/wp-content\/uploads\/2018\/05\/mariana-simposio-difusao-cepid-cdmf-fapesp.jpg\" \/>\n\t<meta property=\"og:image:width\" content=\"960\" \/>\n\t<meta property=\"og:image:height\" content=\"540\" \/>\n\t<meta property=\"og:image:type\" content=\"image\/jpeg\" \/>\n<meta name=\"author\" content=\"LAbI UFSCar\" \/>\n<meta name=\"twitter:card\" content=\"summary_large_image\" \/>\n<meta name=\"twitter:label1\" content=\"Escrito por\" \/>\n\t<meta name=\"twitter:data1\" content=\"LAbI UFSCar\" \/>\n<script type=\"application\/ld+json\" class=\"yoast-schema-graph\">{\"@context\":\"https:\/\/schema.org\",\"@graph\":[{\"@type\":\"Article\",\"@id\":\"http:\/\/cdmf.org.br\/difusao\/mesa-de-abertura-do-i-simposio-de-difusao-e-divulgacao-cientifica-em-cepids\/#article\",\"isPartOf\":{\"@id\":\"http:\/\/cdmf.org.br\/difusao\/mesa-de-abertura-do-i-simposio-de-difusao-e-divulgacao-cientifica-em-cepids\/\"},\"author\":{\"name\":\"LAbI UFSCar\",\"@id\":\"http:\/\/cdmf.org.br\/difusao\/#\/schema\/person\/b80fafef8317310f8cfbe7e23d4da309\"},\"headline\":\"Mesa de abertura do I Simp\u00f3sio de Difus\u00e3o e Divulga\u00e7\u00e3o Cient\u00edfica em Cepids\",\"datePublished\":\"2018-04-26T20:00:49+00:00\",\"dateModified\":\"2018-09-03T19:48:40+00:00\",\"mainEntityOfPage\":{\"@id\":\"http:\/\/cdmf.org.br\/difusao\/mesa-de-abertura-do-i-simposio-de-difusao-e-divulgacao-cientifica-em-cepids\/\"},\"wordCount\":103,\"image\":{\"@id\":\"http:\/\/cdmf.org.br\/difusao\/mesa-de-abertura-do-i-simposio-de-difusao-e-divulgacao-cientifica-em-cepids\/#primaryimage\"},\"thumbnailUrl\":\"http:\/\/cdmf.org.br\/difusao\/wp-content\/uploads\/2018\/05\/mariana-simposio-difusao-cepid-cdmf-fapesp.jpg\",\"articleSection\":[\"V\u00eddeos\"],\"inLanguage\":\"pt-BR\"},{\"@type\":\"WebPage\",\"@id\":\"http:\/\/cdmf.org.br\/difusao\/mesa-de-abertura-do-i-simposio-de-difusao-e-divulgacao-cientifica-em-cepids\/\",\"url\":\"http:\/\/cdmf.org.br\/difusao\/mesa-de-abertura-do-i-simposio-de-difusao-e-divulgacao-cientifica-em-cepids\/\",\"name\":\"Abertura do I Simp\u00f3sio de Difus\u00e3o e Divulga\u00e7\u00e3o Cient\u00edfica em Cepids\",\"isPartOf\":{\"@id\":\"http:\/\/cdmf.org.br\/difusao\/#website\"},\"primaryImageOfPage\":{\"@id\":\"http:\/\/cdmf.org.br\/difusao\/mesa-de-abertura-do-i-simposio-de-difusao-e-divulgacao-cientifica-em-cepids\/#primaryimage\"},\"image\":{\"@id\":\"http:\/\/cdmf.org.br\/difusao\/mesa-de-abertura-do-i-simposio-de-difusao-e-divulgacao-cientifica-em-cepids\/#primaryimage\"},\"thumbnailUrl\":\"http:\/\/cdmf.org.br\/difusao\/wp-content\/uploads\/2018\/05\/mariana-simposio-difusao-cepid-cdmf-fapesp.jpg\",\"datePublished\":\"2018-04-26T20:00:49+00:00\",\"dateModified\":\"2018-09-03T19:48:40+00:00\",\"author\":{\"@id\":\"http:\/\/cdmf.org.br\/difusao\/#\/schema\/person\/b80fafef8317310f8cfbe7e23d4da309\"},\"description\":\"Cerim\u00f4nia de abertura do I Simp\u00f3sio de Difus\u00e3o e Divulga\u00e7\u00e3o Cient\u00edfica em Cepids promovido pelo LAbI - UFSCar e pelo CDMF.\",\"breadcrumb\":{\"@id\":\"http:\/\/cdmf.org.br\/difusao\/mesa-de-abertura-do-i-simposio-de-difusao-e-divulgacao-cientifica-em-cepids\/#breadcrumb\"},\"inLanguage\":\"pt-BR\",\"potentialAction\":[{\"@type\":\"ReadAction\",\"target\":[\"http:\/\/cdmf.org.br\/difusao\/mesa-de-abertura-do-i-simposio-de-difusao-e-divulgacao-cientifica-em-cepids\/\"]}]},{\"@type\":\"ImageObject\",\"inLanguage\":\"pt-BR\",\"@id\":\"http:\/\/cdmf.org.br\/difusao\/mesa-de-abertura-do-i-simposio-de-difusao-e-divulgacao-cientifica-em-cepids\/#primaryimage\",\"url\":\"http:\/\/cdmf.org.br\/difusao\/wp-content\/uploads\/2018\/05\/mariana-simposio-difusao-cepid-cdmf-fapesp.jpg\",\"contentUrl\":\"http:\/\/cdmf.org.br\/difusao\/wp-content\/uploads\/2018\/05\/mariana-simposio-difusao-cepid-cdmf-fapesp.jpg\",\"width\":960,\"height\":540,\"caption\":\"Mesa de abertura do I Simp\u00f3sio de Difus\u00e3o e Divulga\u00e7\u00e3o Cient\u00edfica em Cepids\"},{\"@type\":\"BreadcrumbList\",\"@id\":\"http:\/\/cdmf.org.br\/difusao\/mesa-de-abertura-do-i-simposio-de-difusao-e-divulgacao-cientifica-em-cepids\/#breadcrumb\",\"itemListElement\":[{\"@type\":\"ListItem\",\"position\":1,\"name\":\"In\u00edcio\",\"item\":\"http:\/\/cdmf.org.br\/difusao\/\"},{\"@type\":\"ListItem\",\"position\":2,\"name\":\"Mesa de abertura do I Simp\u00f3sio de Difus\u00e3o e Divulga\u00e7\u00e3o Cient\u00edfica em Cepids\"}]},{\"@type\":\"WebSite\",\"@id\":\"http:\/\/cdmf.org.br\/difusao\/#website\",\"url\":\"http:\/\/cdmf.org.br\/difusao\/\",\"name\":\"I Simp\u00f3sio de Difus\u00e3o e Divulga\u00e7\u00e3o Cient\u00edfica em CEPIDs\",\"description\":\"LAbI - UFSCar\",\"potentialAction\":[{\"@type\":\"SearchAction\",\"target\":{\"@type\":\"EntryPoint\",\"urlTemplate\":\"http:\/\/cdmf.org.br\/difusao\/?s={search_term_string}\"},\"query-input\":{\"@type\":\"PropertyValueSpecification\",\"valueRequired\":true,\"valueName\":\"search_term_string\"}}],\"inLanguage\":\"pt-BR\"},{\"@type\":\"Person\",\"@id\":\"http:\/\/cdmf.org.br\/difusao\/#\/schema\/person\/b80fafef8317310f8cfbe7e23d4da309\",\"name\":\"LAbI UFSCar\",\"image\":{\"@type\":\"ImageObject\",\"inLanguage\":\"pt-BR\",\"@id\":\"http:\/\/cdmf.org.br\/difusao\/#\/schema\/person\/image\/\",\"url\":\"https:\/\/secure.gravatar.com\/avatar\/12a7eca69d80041ba1ec4d8a982f14f38d7ebc5ec1d6e844decf3c74fc0f27bb?s=96&d=mm&r=g\",\"contentUrl\":\"https:\/\/secure.gravatar.com\/avatar\/12a7eca69d80041ba1ec4d8a982f14f38d7ebc5ec1d6e844decf3c74fc0f27bb?s=96&d=mm&r=g\",\"caption\":\"LAbI UFSCar\"},\"url\":\"http:\/\/cdmf.org.br\/difusao\/author\/labi-ufscar\/\"}]}<\/script>\n<!-- \/ Yoast SEO plugin. -->","yoast_head_json":{"title":"Abertura do I Simp\u00f3sio de Difus\u00e3o e Divulga\u00e7\u00e3o Cient\u00edfica em Cepids","description":"Cerim\u00f4nia de abertura do I Simp\u00f3sio de Difus\u00e3o e Divulga\u00e7\u00e3o Cient\u00edfica em Cepids promovido pelo LAbI - UFSCar e pelo CDMF.","robots":{"index":"index","follow":"follow","max-snippet":"max-snippet:-1","max-image-preview":"max-image-preview:large","max-video-preview":"max-video-preview:-1"},"canonical":"http:\/\/cdmf.org.br\/difusao\/mesa-de-abertura-do-i-simposio-de-difusao-e-divulgacao-cientifica-em-cepids\/","og_locale":"pt_BR","og_type":"article","og_title":"Abertura do I Simp\u00f3sio de Difus\u00e3o e Divulga\u00e7\u00e3o Cient\u00edfica em Cepids","og_description":"Cerim\u00f4nia de abertura do I Simp\u00f3sio de Difus\u00e3o e Divulga\u00e7\u00e3o Cient\u00edfica em Cepids promovido pelo LAbI - UFSCar e pelo CDMF.","og_url":"http:\/\/cdmf.org.br\/difusao\/mesa-de-abertura-do-i-simposio-de-difusao-e-divulgacao-cientifica-em-cepids\/","og_site_name":"I Simp\u00f3sio de Difus\u00e3o e Divulga\u00e7\u00e3o Cient\u00edfica em CEPIDs","article_publisher":"https:\/\/www.facebook.com\/labiufscar\/","article_published_time":"2018-04-26T20:00:49+00:00","article_modified_time":"2018-09-03T19:48:40+00:00","og_image":[{"width":960,"height":540,"url":"http:\/\/cdmf.org.br\/difusao\/wp-content\/uploads\/2018\/05\/mariana-simposio-difusao-cepid-cdmf-fapesp.jpg","type":"image\/jpeg"}],"author":"LAbI UFSCar","twitter_card":"summary_large_image","twitter_misc":{"Escrito por":"LAbI UFSCar"},"schema":{"@context":"https:\/\/schema.org","@graph":[{"@type":"Article","@id":"http:\/\/cdmf.org.br\/difusao\/mesa-de-abertura-do-i-simposio-de-difusao-e-divulgacao-cientifica-em-cepids\/#article","isPartOf":{"@id":"http:\/\/cdmf.org.br\/difusao\/mesa-de-abertura-do-i-simposio-de-difusao-e-divulgacao-cientifica-em-cepids\/"},"author":{"name":"LAbI UFSCar","@id":"http:\/\/cdmf.org.br\/difusao\/#\/schema\/person\/b80fafef8317310f8cfbe7e23d4da309"},"headline":"Mesa de abertura do I Simp\u00f3sio de Difus\u00e3o e Divulga\u00e7\u00e3o Cient\u00edfica em Cepids","datePublished":"2018-04-26T20:00:49+00:00","dateModified":"2018-09-03T19:48:40+00:00","mainEntityOfPage":{"@id":"http:\/\/cdmf.org.br\/difusao\/mesa-de-abertura-do-i-simposio-de-difusao-e-divulgacao-cientifica-em-cepids\/"},"wordCount":103,"image":{"@id":"http:\/\/cdmf.org.br\/difusao\/mesa-de-abertura-do-i-simposio-de-difusao-e-divulgacao-cientifica-em-cepids\/#primaryimage"},"thumbnailUrl":"http:\/\/cdmf.org.br\/difusao\/wp-content\/uploads\/2018\/05\/mariana-simposio-difusao-cepid-cdmf-fapesp.jpg","articleSection":["V\u00eddeos"],"inLanguage":"pt-BR"},{"@type":"WebPage","@id":"http:\/\/cdmf.org.br\/difusao\/mesa-de-abertura-do-i-simposio-de-difusao-e-divulgacao-cientifica-em-cepids\/","url":"http:\/\/cdmf.org.br\/difusao\/mesa-de-abertura-do-i-simposio-de-difusao-e-divulgacao-cientifica-em-cepids\/","name":"Abertura do I Simp\u00f3sio de Difus\u00e3o e Divulga\u00e7\u00e3o Cient\u00edfica em Cepids","isPartOf":{"@id":"http:\/\/cdmf.org.br\/difusao\/#website"},"primaryImageOfPage":{"@id":"http:\/\/cdmf.org.br\/difusao\/mesa-de-abertura-do-i-simposio-de-difusao-e-divulgacao-cientifica-em-cepids\/#primaryimage"},"image":{"@id":"http:\/\/cdmf.org.br\/difusao\/mesa-de-abertura-do-i-simposio-de-difusao-e-divulgacao-cientifica-em-cepids\/#primaryimage"},"thumbnailUrl":"http:\/\/cdmf.org.br\/difusao\/wp-content\/uploads\/2018\/05\/mariana-simposio-difusao-cepid-cdmf-fapesp.jpg","datePublished":"2018-04-26T20:00:49+00:00","dateModified":"2018-09-03T19:48:40+00:00","author":{"@id":"http:\/\/cdmf.org.br\/difusao\/#\/schema\/person\/b80fafef8317310f8cfbe7e23d4da309"},"description":"Cerim\u00f4nia de abertura do I Simp\u00f3sio de Difus\u00e3o e Divulga\u00e7\u00e3o Cient\u00edfica em Cepids promovido pelo LAbI - UFSCar e pelo CDMF.","breadcrumb":{"@id":"http:\/\/cdmf.org.br\/difusao\/mesa-de-abertura-do-i-simposio-de-difusao-e-divulgacao-cientifica-em-cepids\/#breadcrumb"},"inLanguage":"pt-BR","potentialAction":[{"@type":"ReadAction","target":["http:\/\/cdmf.org.br\/difusao\/mesa-de-abertura-do-i-simposio-de-difusao-e-divulgacao-cientifica-em-cepids\/"]}]},{"@type":"ImageObject","inLanguage":"pt-BR","@id":"http:\/\/cdmf.org.br\/difusao\/mesa-de-abertura-do-i-simposio-de-difusao-e-divulgacao-cientifica-em-cepids\/#primaryimage","url":"http:\/\/cdmf.org.br\/difusao\/wp-content\/uploads\/2018\/05\/mariana-simposio-difusao-cepid-cdmf-fapesp.jpg","contentUrl":"http:\/\/cdmf.org.br\/difusao\/wp-content\/uploads\/2018\/05\/mariana-simposio-difusao-cepid-cdmf-fapesp.jpg","width":960,"height":540,"caption":"Mesa de abertura do I Simp\u00f3sio de Difus\u00e3o e Divulga\u00e7\u00e3o Cient\u00edfica em Cepids"},{"@type":"BreadcrumbList","@id":"http:\/\/cdmf.org.br\/difusao\/mesa-de-abertura-do-i-simposio-de-difusao-e-divulgacao-cientifica-em-cepids\/#breadcrumb","itemListElement":[{"@type":"ListItem","position":1,"name":"In\u00edcio","item":"http:\/\/cdmf.org.br\/difusao\/"},{"@type":"ListItem","position":2,"name":"Mesa de abertura do I Simp\u00f3sio de Difus\u00e3o e Divulga\u00e7\u00e3o Cient\u00edfica em Cepids"}]},{"@type":"WebSite","@id":"http:\/\/cdmf.org.br\/difusao\/#website","url":"http:\/\/cdmf.org.br\/difusao\/","name":"I Simp\u00f3sio de Difus\u00e3o e Divulga\u00e7\u00e3o Cient\u00edfica em CEPIDs","description":"LAbI - UFSCar","potentialAction":[{"@type":"SearchAction","target":{"@type":"EntryPoint","urlTemplate":"http:\/\/cdmf.org.br\/difusao\/?s={search_term_string}"},"query-input":{"@type":"PropertyValueSpecification","valueRequired":true,"valueName":"search_term_string"}}],"inLanguage":"pt-BR"},{"@type":"Person","@id":"http:\/\/cdmf.org.br\/difusao\/#\/schema\/person\/b80fafef8317310f8cfbe7e23d4da309","name":"LAbI UFSCar","image":{"@type":"ImageObject","inLanguage":"pt-BR","@id":"http:\/\/cdmf.org.br\/difusao\/#\/schema\/person\/image\/","url":"https:\/\/secure.gravatar.com\/avatar\/12a7eca69d80041ba1ec4d8a982f14f38d7ebc5ec1d6e844decf3c74fc0f27bb?s=96&d=mm&r=g","contentUrl":"https:\/\/secure.gravatar.com\/avatar\/12a7eca69d80041ba1ec4d8a982f14f38d7ebc5ec1d6e844decf3c74fc0f27bb?s=96&d=mm&r=g","caption":"LAbI UFSCar"},"url":"http:\/\/cdmf.org.br\/difusao\/author\/labi-ufscar\/"}]}},"_links":{"self":[{"href":"http:\/\/cdmf.org.br\/difusao\/wp-json\/wp\/v2\/posts\/887","targetHints":{"allow":["GET"]}}],"collection":[{"href":"http:\/\/cdmf.org.br\/difusao\/wp-json\/wp\/v2\/posts"}],"about":[{"href":"http:\/\/cdmf.org.br\/difusao\/wp-json\/wp\/v2\/types\/post"}],"author":[{"embeddable":true,"href":"http:\/\/cdmf.org.br\/difusao\/wp-json\/wp\/v2\/users\/1"}],"replies":[{"embeddable":true,"href":"http:\/\/cdmf.org.br\/difusao\/wp-json\/wp\/v2\/comments?post=887"}],"version-history":[{"count":1,"href":"http:\/\/cdmf.org.br\/difusao\/wp-json\/wp\/v2\/posts\/887\/revisions"}],"predecessor-version":[{"id":890,"href":"http:\/\/cdmf.org.br\/difusao\/wp-json\/wp\/v2\/posts\/887\/revisions\/890"}],"wp:featuredmedia":[{"embeddable":true,"href":"http:\/\/cdmf.org.br\/difusao\/wp-json\/wp\/v2\/media\/889"}],"wp:attachment":[{"href":"http:\/\/cdmf.org.br\/difusao\/wp-json\/wp\/v2\/media?parent=887"}],"wp:term":[{"taxonomy":"category","embeddable":true,"href":"http:\/\/cdmf.org.br\/difusao\/wp-json\/wp\/v2\/categories?post=887"},{"taxonomy":"post_tag","embeddable":true,"href":"http:\/\/cdmf.org.br\/difusao\/wp-json\/wp\/v2\/tags?post=887"}],"curies":[{"name":"wp","href":"https:\/\/api.w.org\/{rel}","templated":true}]}}