{"id":904,"date":"2018-05-29T13:30:45","date_gmt":"2018-05-29T16:30:45","guid":{"rendered":"http:\/\/cdmf.org.br\/difusao\/?p=904"},"modified":"2018-09-03T16:42:45","modified_gmt":"2018-09-03T19:42:45","slug":"apresentacao-do-centro-de-pesquisas-em-optica-e-fotonica","status":"publish","type":"post","link":"http:\/\/cdmf.org.br\/difusao\/apresentacao-do-centro-de-pesquisas-em-optica-e-fotonica\/","title":{"rendered":"Apresenta\u00e7\u00e3o do Centro de Pesquisas em \u00d3ptica e Fot\u00f4nica"},"content":{"rendered":"<p>Desenvolver ci\u00eancia b\u00e1sica e aplicada, e promover avan\u00e7os tecnol\u00f3gicos na \u00e1rea de \u00f3ptica.<\/p>\n<p><!--more--><\/p>\n<h3><a href=\"http:\/\/cepof.ifsc.usp.br\/\">http:\/\/cepof.ifsc.usp.br\/<\/a><\/h3>\n<p>Desenvover ci\u00eancia b\u00e1scia e aplicada, promover avan\u00e7os tecnol\u00f3gicos na \u00e1rea de \u00f3ptica bem como promover uma ampla e profunda colabora\u00e7\u00e3o interdisciplinar entre o Centro, empresas privadas, e parceiros internacionais.<\/p>\n<div class=\"responsive-embed\"><iframe loading=\"lazy\" width=\"1168\" height=\"657\" src=\"https:\/\/www.youtube.com\/embed\/EV--KFMwG38?feature=oembed\" frameborder=\"0\" allow=\"autoplay; encrypted-media\" allowfullscreen><\/iframe><\/div>\n<div id=\"materia\"><\/div>\n","protected":false},"excerpt":{"rendered":"<p>Desenvolver ci\u00eancia b\u00e1sica e aplicada, e promover avan\u00e7os tecnol\u00f3gicos na \u00e1rea de \u00f3ptica.<\/p>\n","protected":false},"author":1,"featured_media":954,"comment_status":"closed","ping_status":"open","sticky":false,"template":"","format":"video","meta":{"_exactmetrics_skip_tracking":false,"_exactmetrics_sitenote_active":false,"_exactmetrics_sitenote_note":"","_exactmetrics_sitenote_category":0,"footnotes":""},"categories":[23],"tags":[],"class_list":["post-904","post","type-post","status-publish","format-video","has-post-thumbnail","hentry","category-videos","post_format-post-format-video"],"yoast_head":"<!-- This site is optimized with the Yoast SEO plugin v26.9 - https:\/\/yoast.com\/product\/yoast-seo-wordpress\/ -->\n<title>Apresenta\u00e7\u00e3o do Centro de Pesquisas em \u00d3ptica e Fot\u00f4nica<\/title>\n<meta name=\"description\" content=\"Desenvover ci\u00eancia b\u00e1scia e aplicada, promover avan\u00e7os tecnol\u00f3gicos na \u00e1rea de \u00f3ptica bem como promover uma ampla e profunda colabora\u00e7\u00e3o interdisciplinar entre o Centro, empresas privadas, e parceiros internacionais.\" \/>\n<meta name=\"robots\" content=\"index, follow, max-snippet:-1, max-image-preview:large, max-video-preview:-1\" \/>\n<link rel=\"canonical\" href=\"http:\/\/cdmf.org.br\/difusao\/apresentacao-do-centro-de-pesquisas-em-optica-e-fotonica\/\" \/>\n<meta property=\"og:locale\" content=\"pt_BR\" \/>\n<meta property=\"og:type\" content=\"article\" \/>\n<meta property=\"og:title\" content=\"Apresenta\u00e7\u00e3o do Centro de Pesquisas em \u00d3ptica e Fot\u00f4nica\" \/>\n<meta property=\"og:description\" content=\"Desenvover ci\u00eancia b\u00e1scia e aplicada, promover avan\u00e7os tecnol\u00f3gicos na \u00e1rea de \u00f3ptica bem como promover uma ampla e profunda colabora\u00e7\u00e3o interdisciplinar entre o Centro, empresas privadas, e parceiros internacionais.\" \/>\n<meta property=\"og:url\" content=\"http:\/\/cdmf.org.br\/difusao\/apresentacao-do-centro-de-pesquisas-em-optica-e-fotonica\/\" \/>\n<meta property=\"og:site_name\" content=\"I Simp\u00f3sio de Difus\u00e3o e Divulga\u00e7\u00e3o Cient\u00edfica em CEPIDs\" \/>\n<meta property=\"article:publisher\" content=\"https:\/\/www.facebook.com\/labiufscar\/\" \/>\n<meta property=\"article:published_time\" content=\"2018-05-29T16:30:45+00:00\" \/>\n<meta property=\"article:modified_time\" content=\"2018-09-03T19:42:45+00:00\" \/>\n<meta property=\"og:image\" content=\"http:\/\/cdmf.org.br\/difusao\/wp-content\/uploads\/2018\/09\/apresentacao-do-centro-de-pesquisas-em-optica-e-fotonica.jpg\" \/>\n\t<meta property=\"og:image:width\" content=\"1280\" \/>\n\t<meta property=\"og:image:height\" content=\"720\" \/>\n\t<meta property=\"og:image:type\" content=\"image\/jpeg\" \/>\n<meta name=\"author\" content=\"LAbI UFSCar\" \/>\n<meta name=\"twitter:card\" content=\"summary_large_image\" \/>\n<meta name=\"twitter:label1\" content=\"Escrito por\" \/>\n\t<meta name=\"twitter:data1\" content=\"LAbI UFSCar\" \/>\n<script type=\"application\/ld+json\" class=\"yoast-schema-graph\">{\"@context\":\"https:\/\/schema.org\",\"@graph\":[{\"@type\":\"Article\",\"@id\":\"http:\/\/cdmf.org.br\/difusao\/apresentacao-do-centro-de-pesquisas-em-optica-e-fotonica\/#article\",\"isPartOf\":{\"@id\":\"http:\/\/cdmf.org.br\/difusao\/apresentacao-do-centro-de-pesquisas-em-optica-e-fotonica\/\"},\"author\":{\"name\":\"LAbI UFSCar\",\"@id\":\"http:\/\/cdmf.org.br\/difusao\/#\/schema\/person\/b80fafef8317310f8cfbe7e23d4da309\"},\"headline\":\"Apresenta\u00e7\u00e3o do Centro de Pesquisas em \u00d3ptica e Fot\u00f4nica\",\"datePublished\":\"2018-05-29T16:30:45+00:00\",\"dateModified\":\"2018-09-03T19:42:45+00:00\",\"mainEntityOfPage\":{\"@id\":\"http:\/\/cdmf.org.br\/difusao\/apresentacao-do-centro-de-pesquisas-em-optica-e-fotonica\/\"},\"wordCount\":74,\"image\":{\"@id\":\"http:\/\/cdmf.org.br\/difusao\/apresentacao-do-centro-de-pesquisas-em-optica-e-fotonica\/#primaryimage\"},\"thumbnailUrl\":\"http:\/\/cdmf.org.br\/difusao\/wp-content\/uploads\/2018\/09\/apresentacao-do-centro-de-pesquisas-em-optica-e-fotonica.jpg\",\"articleSection\":[\"V\u00eddeos\"],\"inLanguage\":\"pt-BR\"},{\"@type\":\"WebPage\",\"@id\":\"http:\/\/cdmf.org.br\/difusao\/apresentacao-do-centro-de-pesquisas-em-optica-e-fotonica\/\",\"url\":\"http:\/\/cdmf.org.br\/difusao\/apresentacao-do-centro-de-pesquisas-em-optica-e-fotonica\/\",\"name\":\"Apresenta\u00e7\u00e3o do Centro de Pesquisas em \u00d3ptica e Fot\u00f4nica\",\"isPartOf\":{\"@id\":\"http:\/\/cdmf.org.br\/difusao\/#website\"},\"primaryImageOfPage\":{\"@id\":\"http:\/\/cdmf.org.br\/difusao\/apresentacao-do-centro-de-pesquisas-em-optica-e-fotonica\/#primaryimage\"},\"image\":{\"@id\":\"http:\/\/cdmf.org.br\/difusao\/apresentacao-do-centro-de-pesquisas-em-optica-e-fotonica\/#primaryimage\"},\"thumbnailUrl\":\"http:\/\/cdmf.org.br\/difusao\/wp-content\/uploads\/2018\/09\/apresentacao-do-centro-de-pesquisas-em-optica-e-fotonica.jpg\",\"datePublished\":\"2018-05-29T16:30:45+00:00\",\"dateModified\":\"2018-09-03T19:42:45+00:00\",\"author\":{\"@id\":\"http:\/\/cdmf.org.br\/difusao\/#\/schema\/person\/b80fafef8317310f8cfbe7e23d4da309\"},\"description\":\"Desenvover ci\u00eancia b\u00e1scia e aplicada, promover avan\u00e7os tecnol\u00f3gicos na \u00e1rea de \u00f3ptica bem como promover uma ampla e profunda colabora\u00e7\u00e3o interdisciplinar entre o Centro, empresas privadas, e parceiros internacionais.\",\"breadcrumb\":{\"@id\":\"http:\/\/cdmf.org.br\/difusao\/apresentacao-do-centro-de-pesquisas-em-optica-e-fotonica\/#breadcrumb\"},\"inLanguage\":\"pt-BR\",\"potentialAction\":[{\"@type\":\"ReadAction\",\"target\":[\"http:\/\/cdmf.org.br\/difusao\/apresentacao-do-centro-de-pesquisas-em-optica-e-fotonica\/\"]}]},{\"@type\":\"ImageObject\",\"inLanguage\":\"pt-BR\",\"@id\":\"http:\/\/cdmf.org.br\/difusao\/apresentacao-do-centro-de-pesquisas-em-optica-e-fotonica\/#primaryimage\",\"url\":\"http:\/\/cdmf.org.br\/difusao\/wp-content\/uploads\/2018\/09\/apresentacao-do-centro-de-pesquisas-em-optica-e-fotonica.jpg\",\"contentUrl\":\"http:\/\/cdmf.org.br\/difusao\/wp-content\/uploads\/2018\/09\/apresentacao-do-centro-de-pesquisas-em-optica-e-fotonica.jpg\",\"width\":1280,\"height\":720,\"caption\":\"Apresenta\u00e7\u00e3o do Centro de Pesquisas em \u00d3ptica e Fot\u00f4nica\"},{\"@type\":\"BreadcrumbList\",\"@id\":\"http:\/\/cdmf.org.br\/difusao\/apresentacao-do-centro-de-pesquisas-em-optica-e-fotonica\/#breadcrumb\",\"itemListElement\":[{\"@type\":\"ListItem\",\"position\":1,\"name\":\"In\u00edcio\",\"item\":\"http:\/\/cdmf.org.br\/difusao\/\"},{\"@type\":\"ListItem\",\"position\":2,\"name\":\"Apresenta\u00e7\u00e3o do Centro de Pesquisas em \u00d3ptica e Fot\u00f4nica\"}]},{\"@type\":\"WebSite\",\"@id\":\"http:\/\/cdmf.org.br\/difusao\/#website\",\"url\":\"http:\/\/cdmf.org.br\/difusao\/\",\"name\":\"I Simp\u00f3sio de Difus\u00e3o e Divulga\u00e7\u00e3o Cient\u00edfica em CEPIDs\",\"description\":\"LAbI - UFSCar\",\"potentialAction\":[{\"@type\":\"SearchAction\",\"target\":{\"@type\":\"EntryPoint\",\"urlTemplate\":\"http:\/\/cdmf.org.br\/difusao\/?s={search_term_string}\"},\"query-input\":{\"@type\":\"PropertyValueSpecification\",\"valueRequired\":true,\"valueName\":\"search_term_string\"}}],\"inLanguage\":\"pt-BR\"},{\"@type\":\"Person\",\"@id\":\"http:\/\/cdmf.org.br\/difusao\/#\/schema\/person\/b80fafef8317310f8cfbe7e23d4da309\",\"name\":\"LAbI UFSCar\",\"image\":{\"@type\":\"ImageObject\",\"inLanguage\":\"pt-BR\",\"@id\":\"http:\/\/cdmf.org.br\/difusao\/#\/schema\/person\/image\/\",\"url\":\"https:\/\/secure.gravatar.com\/avatar\/12a7eca69d80041ba1ec4d8a982f14f38d7ebc5ec1d6e844decf3c74fc0f27bb?s=96&d=mm&r=g\",\"contentUrl\":\"https:\/\/secure.gravatar.com\/avatar\/12a7eca69d80041ba1ec4d8a982f14f38d7ebc5ec1d6e844decf3c74fc0f27bb?s=96&d=mm&r=g\",\"caption\":\"LAbI UFSCar\"},\"url\":\"http:\/\/cdmf.org.br\/difusao\/author\/labi-ufscar\/\"}]}<\/script>\n<!-- \/ Yoast SEO plugin. -->","yoast_head_json":{"title":"Apresenta\u00e7\u00e3o do Centro de Pesquisas em \u00d3ptica e Fot\u00f4nica","description":"Desenvover ci\u00eancia b\u00e1scia e aplicada, promover avan\u00e7os tecnol\u00f3gicos na \u00e1rea de \u00f3ptica bem como promover uma ampla e profunda colabora\u00e7\u00e3o interdisciplinar entre o Centro, empresas privadas, e parceiros internacionais.","robots":{"index":"index","follow":"follow","max-snippet":"max-snippet:-1","max-image-preview":"max-image-preview:large","max-video-preview":"max-video-preview:-1"},"canonical":"http:\/\/cdmf.org.br\/difusao\/apresentacao-do-centro-de-pesquisas-em-optica-e-fotonica\/","og_locale":"pt_BR","og_type":"article","og_title":"Apresenta\u00e7\u00e3o do Centro de Pesquisas em \u00d3ptica e Fot\u00f4nica","og_description":"Desenvover ci\u00eancia b\u00e1scia e aplicada, promover avan\u00e7os tecnol\u00f3gicos na \u00e1rea de \u00f3ptica bem como promover uma ampla e profunda colabora\u00e7\u00e3o interdisciplinar entre o Centro, empresas privadas, e parceiros internacionais.","og_url":"http:\/\/cdmf.org.br\/difusao\/apresentacao-do-centro-de-pesquisas-em-optica-e-fotonica\/","og_site_name":"I Simp\u00f3sio de Difus\u00e3o e Divulga\u00e7\u00e3o Cient\u00edfica em CEPIDs","article_publisher":"https:\/\/www.facebook.com\/labiufscar\/","article_published_time":"2018-05-29T16:30:45+00:00","article_modified_time":"2018-09-03T19:42:45+00:00","og_image":[{"width":1280,"height":720,"url":"http:\/\/cdmf.org.br\/difusao\/wp-content\/uploads\/2018\/09\/apresentacao-do-centro-de-pesquisas-em-optica-e-fotonica.jpg","type":"image\/jpeg"}],"author":"LAbI UFSCar","twitter_card":"summary_large_image","twitter_misc":{"Escrito por":"LAbI UFSCar"},"schema":{"@context":"https:\/\/schema.org","@graph":[{"@type":"Article","@id":"http:\/\/cdmf.org.br\/difusao\/apresentacao-do-centro-de-pesquisas-em-optica-e-fotonica\/#article","isPartOf":{"@id":"http:\/\/cdmf.org.br\/difusao\/apresentacao-do-centro-de-pesquisas-em-optica-e-fotonica\/"},"author":{"name":"LAbI UFSCar","@id":"http:\/\/cdmf.org.br\/difusao\/#\/schema\/person\/b80fafef8317310f8cfbe7e23d4da309"},"headline":"Apresenta\u00e7\u00e3o do Centro de Pesquisas em \u00d3ptica e Fot\u00f4nica","datePublished":"2018-05-29T16:30:45+00:00","dateModified":"2018-09-03T19:42:45+00:00","mainEntityOfPage":{"@id":"http:\/\/cdmf.org.br\/difusao\/apresentacao-do-centro-de-pesquisas-em-optica-e-fotonica\/"},"wordCount":74,"image":{"@id":"http:\/\/cdmf.org.br\/difusao\/apresentacao-do-centro-de-pesquisas-em-optica-e-fotonica\/#primaryimage"},"thumbnailUrl":"http:\/\/cdmf.org.br\/difusao\/wp-content\/uploads\/2018\/09\/apresentacao-do-centro-de-pesquisas-em-optica-e-fotonica.jpg","articleSection":["V\u00eddeos"],"inLanguage":"pt-BR"},{"@type":"WebPage","@id":"http:\/\/cdmf.org.br\/difusao\/apresentacao-do-centro-de-pesquisas-em-optica-e-fotonica\/","url":"http:\/\/cdmf.org.br\/difusao\/apresentacao-do-centro-de-pesquisas-em-optica-e-fotonica\/","name":"Apresenta\u00e7\u00e3o do Centro de Pesquisas em \u00d3ptica e Fot\u00f4nica","isPartOf":{"@id":"http:\/\/cdmf.org.br\/difusao\/#website"},"primaryImageOfPage":{"@id":"http:\/\/cdmf.org.br\/difusao\/apresentacao-do-centro-de-pesquisas-em-optica-e-fotonica\/#primaryimage"},"image":{"@id":"http:\/\/cdmf.org.br\/difusao\/apresentacao-do-centro-de-pesquisas-em-optica-e-fotonica\/#primaryimage"},"thumbnailUrl":"http:\/\/cdmf.org.br\/difusao\/wp-content\/uploads\/2018\/09\/apresentacao-do-centro-de-pesquisas-em-optica-e-fotonica.jpg","datePublished":"2018-05-29T16:30:45+00:00","dateModified":"2018-09-03T19:42:45+00:00","author":{"@id":"http:\/\/cdmf.org.br\/difusao\/#\/schema\/person\/b80fafef8317310f8cfbe7e23d4da309"},"description":"Desenvover ci\u00eancia b\u00e1scia e aplicada, promover avan\u00e7os tecnol\u00f3gicos na \u00e1rea de \u00f3ptica bem como promover uma ampla e profunda colabora\u00e7\u00e3o interdisciplinar entre o Centro, empresas privadas, e parceiros internacionais.","breadcrumb":{"@id":"http:\/\/cdmf.org.br\/difusao\/apresentacao-do-centro-de-pesquisas-em-optica-e-fotonica\/#breadcrumb"},"inLanguage":"pt-BR","potentialAction":[{"@type":"ReadAction","target":["http:\/\/cdmf.org.br\/difusao\/apresentacao-do-centro-de-pesquisas-em-optica-e-fotonica\/"]}]},{"@type":"ImageObject","inLanguage":"pt-BR","@id":"http:\/\/cdmf.org.br\/difusao\/apresentacao-do-centro-de-pesquisas-em-optica-e-fotonica\/#primaryimage","url":"http:\/\/cdmf.org.br\/difusao\/wp-content\/uploads\/2018\/09\/apresentacao-do-centro-de-pesquisas-em-optica-e-fotonica.jpg","contentUrl":"http:\/\/cdmf.org.br\/difusao\/wp-content\/uploads\/2018\/09\/apresentacao-do-centro-de-pesquisas-em-optica-e-fotonica.jpg","width":1280,"height":720,"caption":"Apresenta\u00e7\u00e3o do Centro de Pesquisas em \u00d3ptica e Fot\u00f4nica"},{"@type":"BreadcrumbList","@id":"http:\/\/cdmf.org.br\/difusao\/apresentacao-do-centro-de-pesquisas-em-optica-e-fotonica\/#breadcrumb","itemListElement":[{"@type":"ListItem","position":1,"name":"In\u00edcio","item":"http:\/\/cdmf.org.br\/difusao\/"},{"@type":"ListItem","position":2,"name":"Apresenta\u00e7\u00e3o do Centro de Pesquisas em \u00d3ptica e Fot\u00f4nica"}]},{"@type":"WebSite","@id":"http:\/\/cdmf.org.br\/difusao\/#website","url":"http:\/\/cdmf.org.br\/difusao\/","name":"I Simp\u00f3sio de Difus\u00e3o e Divulga\u00e7\u00e3o Cient\u00edfica em CEPIDs","description":"LAbI - UFSCar","potentialAction":[{"@type":"SearchAction","target":{"@type":"EntryPoint","urlTemplate":"http:\/\/cdmf.org.br\/difusao\/?s={search_term_string}"},"query-input":{"@type":"PropertyValueSpecification","valueRequired":true,"valueName":"search_term_string"}}],"inLanguage":"pt-BR"},{"@type":"Person","@id":"http:\/\/cdmf.org.br\/difusao\/#\/schema\/person\/b80fafef8317310f8cfbe7e23d4da309","name":"LAbI UFSCar","image":{"@type":"ImageObject","inLanguage":"pt-BR","@id":"http:\/\/cdmf.org.br\/difusao\/#\/schema\/person\/image\/","url":"https:\/\/secure.gravatar.com\/avatar\/12a7eca69d80041ba1ec4d8a982f14f38d7ebc5ec1d6e844decf3c74fc0f27bb?s=96&d=mm&r=g","contentUrl":"https:\/\/secure.gravatar.com\/avatar\/12a7eca69d80041ba1ec4d8a982f14f38d7ebc5ec1d6e844decf3c74fc0f27bb?s=96&d=mm&r=g","caption":"LAbI UFSCar"},"url":"http:\/\/cdmf.org.br\/difusao\/author\/labi-ufscar\/"}]}},"_links":{"self":[{"href":"http:\/\/cdmf.org.br\/difusao\/wp-json\/wp\/v2\/posts\/904","targetHints":{"allow":["GET"]}}],"collection":[{"href":"http:\/\/cdmf.org.br\/difusao\/wp-json\/wp\/v2\/posts"}],"about":[{"href":"http:\/\/cdmf.org.br\/difusao\/wp-json\/wp\/v2\/types\/post"}],"author":[{"embeddable":true,"href":"http:\/\/cdmf.org.br\/difusao\/wp-json\/wp\/v2\/users\/1"}],"replies":[{"embeddable":true,"href":"http:\/\/cdmf.org.br\/difusao\/wp-json\/wp\/v2\/comments?post=904"}],"version-history":[{"count":1,"href":"http:\/\/cdmf.org.br\/difusao\/wp-json\/wp\/v2\/posts\/904\/revisions"}],"predecessor-version":[{"id":907,"href":"http:\/\/cdmf.org.br\/difusao\/wp-json\/wp\/v2\/posts\/904\/revisions\/907"}],"wp:featuredmedia":[{"embeddable":true,"href":"http:\/\/cdmf.org.br\/difusao\/wp-json\/wp\/v2\/media\/954"}],"wp:attachment":[{"href":"http:\/\/cdmf.org.br\/difusao\/wp-json\/wp\/v2\/media?parent=904"}],"wp:term":[{"taxonomy":"category","embeddable":true,"href":"http:\/\/cdmf.org.br\/difusao\/wp-json\/wp\/v2\/categories?post=904"},{"taxonomy":"post_tag","embeddable":true,"href":"http:\/\/cdmf.org.br\/difusao\/wp-json\/wp\/v2\/tags?post=904"}],"curies":[{"name":"wp","href":"https:\/\/api.w.org\/{rel}","templated":true}]}}