{"id":914,"date":"2018-06-20T14:00:30","date_gmt":"2018-06-20T17:00:30","guid":{"rendered":"http:\/\/cdmf.org.br\/difusao\/?p=914"},"modified":"2018-06-20T14:00:30","modified_gmt":"2018-06-20T17:00:30","slug":"apresentacao-do-centro-de-pesquisa-em-doencas-inflamatorias","status":"publish","type":"post","link":"http:\/\/cdmf.org.br\/difusao\/apresentacao-do-centro-de-pesquisa-em-doencas-inflamatorias\/","title":{"rendered":"Apresenta\u00e7\u00e3o do Centro de Pesquisa em Doen\u00e7as Inflamat\u00f3rias"},"content":{"rendered":"<p>Realiza investiga\u00e7\u00e3o integrativa e translacional para identificar e validar novas rotas biol\u00f3gicas envolvidas na indu\u00e7\u00e3o e na resolu\u00e7\u00e3o da inflama\u00e7\u00e3o.<\/p>\n<p><!--more--><\/p>\n<h3><a href=\"http:\/\/crid.fmrp.usp.br\/\">http:\/\/crid.fmrp.usp.br\/<\/a><\/h3>\n<p>O Centro de Pesquisa em Doen\u00e7as Inflamat\u00f3rias (CRID, da sigla em ingl\u00eas Center for Research in Inflammatory Diseases) foi criado com o objetivo de produzir conhecimento cient\u00edfico e identificar novos alvos terap\u00eauticos. Para tanto, conta com a experi\u00eancia de pesquisadores de v\u00e1rios campos das Ci\u00eancias Biom\u00e9dicas ligados \u00e0 pesquisa b\u00e1sica (gen\u00e9tica, biologia molecular e celular, imunologia, farmacologia e patologia) e \u00e0 pesquisa cl\u00ednica (reumatologia, imunologia, infectologia e dermatologia), al\u00e9m de pesquisadores da \u00e1rea de bioinform\u00e1tica.<\/p>\n<div class=\"responsive-embed\"><iframe loading=\"lazy\" width=\"1168\" height=\"657\" src=\"https:\/\/www.youtube.com\/embed\/2chy95S2v5A?feature=oembed\" frameborder=\"0\" allow=\"autoplay; encrypted-media\" allowfullscreen><\/iframe><\/div>\n<div id=\"materia\"><\/div>\n","protected":false},"excerpt":{"rendered":"<p>Realiza investiga\u00e7\u00e3o integrativa e translacional para identificar e validar novas rotas biol\u00f3gicas envolvidas na indu\u00e7\u00e3o e na resolu\u00e7\u00e3o da inflama\u00e7\u00e3o.<\/p>\n","protected":false},"author":1,"featured_media":915,"comment_status":"closed","ping_status":"open","sticky":false,"template":"","format":"video","meta":{"_exactmetrics_skip_tracking":false,"_exactmetrics_sitenote_active":false,"_exactmetrics_sitenote_note":"","_exactmetrics_sitenote_category":0,"footnotes":""},"categories":[23],"tags":[],"class_list":["post-914","post","type-post","status-publish","format-video","has-post-thumbnail","hentry","category-videos","post_format-post-format-video"],"yoast_head":"<!-- This site is optimized with the Yoast SEO plugin v26.9 - https:\/\/yoast.com\/product\/yoast-seo-wordpress\/ -->\n<title>Apresenta\u00e7\u00e3o do Centro de Pesquisa em Doen\u00e7as Inflamat\u00f3rias<\/title>\n<meta name=\"description\" content=\"O Centro de Pesquisa em Doen\u00e7as Inflamat\u00f3rias realiza investiga\u00e7\u00e3o integrativa e translacional para identificar e validar novas rotas biol\u00f3gicas envolvidas na indu\u00e7\u00e3o e na resolu\u00e7\u00e3o da inflama\u00e7\u00e3o.\" \/>\n<meta name=\"robots\" content=\"index, follow, max-snippet:-1, max-image-preview:large, max-video-preview:-1\" \/>\n<link rel=\"canonical\" href=\"http:\/\/cdmf.org.br\/difusao\/apresentacao-do-centro-de-pesquisa-em-doencas-inflamatorias\/\" \/>\n<meta property=\"og:locale\" content=\"pt_BR\" \/>\n<meta property=\"og:type\" content=\"article\" \/>\n<meta property=\"og:title\" content=\"Apresenta\u00e7\u00e3o do Centro de Pesquisa em Doen\u00e7as Inflamat\u00f3rias\" \/>\n<meta property=\"og:description\" content=\"O Centro de Pesquisa em Doen\u00e7as Inflamat\u00f3rias realiza investiga\u00e7\u00e3o integrativa e translacional para identificar e validar novas rotas biol\u00f3gicas envolvidas na indu\u00e7\u00e3o e na resolu\u00e7\u00e3o da inflama\u00e7\u00e3o.\" \/>\n<meta property=\"og:url\" content=\"http:\/\/cdmf.org.br\/difusao\/apresentacao-do-centro-de-pesquisa-em-doencas-inflamatorias\/\" \/>\n<meta property=\"og:site_name\" content=\"I Simp\u00f3sio de Difus\u00e3o e Divulga\u00e7\u00e3o Cient\u00edfica em CEPIDs\" \/>\n<meta property=\"article:publisher\" content=\"https:\/\/www.facebook.com\/labiufscar\/\" \/>\n<meta property=\"article:published_time\" content=\"2018-06-20T17:00:30+00:00\" \/>\n<meta property=\"og:image\" content=\"http:\/\/cdmf.org.br\/difusao\/wp-content\/uploads\/2018\/06\/apresentacao-do-centro-de-pesquisa-em-doencas-inflamatorias.jpg\" \/>\n\t<meta property=\"og:image:width\" content=\"1280\" \/>\n\t<meta property=\"og:image:height\" content=\"720\" \/>\n\t<meta property=\"og:image:type\" content=\"image\/jpeg\" \/>\n<meta name=\"author\" content=\"LAbI UFSCar\" \/>\n<meta name=\"twitter:card\" content=\"summary_large_image\" \/>\n<meta name=\"twitter:label1\" content=\"Escrito por\" \/>\n\t<meta name=\"twitter:data1\" content=\"LAbI UFSCar\" \/>\n\t<meta name=\"twitter:label2\" content=\"Est. tempo de leitura\" \/>\n\t<meta name=\"twitter:data2\" content=\"1 minuto\" \/>\n<script type=\"application\/ld+json\" class=\"yoast-schema-graph\">{\"@context\":\"https:\/\/schema.org\",\"@graph\":[{\"@type\":\"Article\",\"@id\":\"http:\/\/cdmf.org.br\/difusao\/apresentacao-do-centro-de-pesquisa-em-doencas-inflamatorias\/#article\",\"isPartOf\":{\"@id\":\"http:\/\/cdmf.org.br\/difusao\/apresentacao-do-centro-de-pesquisa-em-doencas-inflamatorias\/\"},\"author\":{\"name\":\"LAbI UFSCar\",\"@id\":\"http:\/\/cdmf.org.br\/difusao\/#\/schema\/person\/b80fafef8317310f8cfbe7e23d4da309\"},\"headline\":\"Apresenta\u00e7\u00e3o do Centro de Pesquisa em Doen\u00e7as Inflamat\u00f3rias\",\"datePublished\":\"2018-06-20T17:00:30+00:00\",\"mainEntityOfPage\":{\"@id\":\"http:\/\/cdmf.org.br\/difusao\/apresentacao-do-centro-de-pesquisa-em-doencas-inflamatorias\/\"},\"wordCount\":138,\"image\":{\"@id\":\"http:\/\/cdmf.org.br\/difusao\/apresentacao-do-centro-de-pesquisa-em-doencas-inflamatorias\/#primaryimage\"},\"thumbnailUrl\":\"http:\/\/cdmf.org.br\/difusao\/wp-content\/uploads\/2018\/06\/apresentacao-do-centro-de-pesquisa-em-doencas-inflamatorias.jpg\",\"articleSection\":[\"V\u00eddeos\"],\"inLanguage\":\"pt-BR\"},{\"@type\":\"WebPage\",\"@id\":\"http:\/\/cdmf.org.br\/difusao\/apresentacao-do-centro-de-pesquisa-em-doencas-inflamatorias\/\",\"url\":\"http:\/\/cdmf.org.br\/difusao\/apresentacao-do-centro-de-pesquisa-em-doencas-inflamatorias\/\",\"name\":\"Apresenta\u00e7\u00e3o do Centro de Pesquisa em Doen\u00e7as Inflamat\u00f3rias\",\"isPartOf\":{\"@id\":\"http:\/\/cdmf.org.br\/difusao\/#website\"},\"primaryImageOfPage\":{\"@id\":\"http:\/\/cdmf.org.br\/difusao\/apresentacao-do-centro-de-pesquisa-em-doencas-inflamatorias\/#primaryimage\"},\"image\":{\"@id\":\"http:\/\/cdmf.org.br\/difusao\/apresentacao-do-centro-de-pesquisa-em-doencas-inflamatorias\/#primaryimage\"},\"thumbnailUrl\":\"http:\/\/cdmf.org.br\/difusao\/wp-content\/uploads\/2018\/06\/apresentacao-do-centro-de-pesquisa-em-doencas-inflamatorias.jpg\",\"datePublished\":\"2018-06-20T17:00:30+00:00\",\"author\":{\"@id\":\"http:\/\/cdmf.org.br\/difusao\/#\/schema\/person\/b80fafef8317310f8cfbe7e23d4da309\"},\"description\":\"O Centro de Pesquisa em Doen\u00e7as Inflamat\u00f3rias realiza investiga\u00e7\u00e3o integrativa e translacional para identificar e validar novas rotas biol\u00f3gicas envolvidas na indu\u00e7\u00e3o e na resolu\u00e7\u00e3o da inflama\u00e7\u00e3o.\",\"breadcrumb\":{\"@id\":\"http:\/\/cdmf.org.br\/difusao\/apresentacao-do-centro-de-pesquisa-em-doencas-inflamatorias\/#breadcrumb\"},\"inLanguage\":\"pt-BR\",\"potentialAction\":[{\"@type\":\"ReadAction\",\"target\":[\"http:\/\/cdmf.org.br\/difusao\/apresentacao-do-centro-de-pesquisa-em-doencas-inflamatorias\/\"]}]},{\"@type\":\"ImageObject\",\"inLanguage\":\"pt-BR\",\"@id\":\"http:\/\/cdmf.org.br\/difusao\/apresentacao-do-centro-de-pesquisa-em-doencas-inflamatorias\/#primaryimage\",\"url\":\"http:\/\/cdmf.org.br\/difusao\/wp-content\/uploads\/2018\/06\/apresentacao-do-centro-de-pesquisa-em-doencas-inflamatorias.jpg\",\"contentUrl\":\"http:\/\/cdmf.org.br\/difusao\/wp-content\/uploads\/2018\/06\/apresentacao-do-centro-de-pesquisa-em-doencas-inflamatorias.jpg\",\"width\":1280,\"height\":720,\"caption\":\"Apresenta\u00e7\u00e3o do Centro de Pesquisa em Doen\u00e7as Inflamat\u00f3rias\"},{\"@type\":\"BreadcrumbList\",\"@id\":\"http:\/\/cdmf.org.br\/difusao\/apresentacao-do-centro-de-pesquisa-em-doencas-inflamatorias\/#breadcrumb\",\"itemListElement\":[{\"@type\":\"ListItem\",\"position\":1,\"name\":\"In\u00edcio\",\"item\":\"http:\/\/cdmf.org.br\/difusao\/\"},{\"@type\":\"ListItem\",\"position\":2,\"name\":\"Apresenta\u00e7\u00e3o do Centro de Pesquisa em Doen\u00e7as Inflamat\u00f3rias\"}]},{\"@type\":\"WebSite\",\"@id\":\"http:\/\/cdmf.org.br\/difusao\/#website\",\"url\":\"http:\/\/cdmf.org.br\/difusao\/\",\"name\":\"I Simp\u00f3sio de Difus\u00e3o e Divulga\u00e7\u00e3o Cient\u00edfica em CEPIDs\",\"description\":\"LAbI - UFSCar\",\"potentialAction\":[{\"@type\":\"SearchAction\",\"target\":{\"@type\":\"EntryPoint\",\"urlTemplate\":\"http:\/\/cdmf.org.br\/difusao\/?s={search_term_string}\"},\"query-input\":{\"@type\":\"PropertyValueSpecification\",\"valueRequired\":true,\"valueName\":\"search_term_string\"}}],\"inLanguage\":\"pt-BR\"},{\"@type\":\"Person\",\"@id\":\"http:\/\/cdmf.org.br\/difusao\/#\/schema\/person\/b80fafef8317310f8cfbe7e23d4da309\",\"name\":\"LAbI UFSCar\",\"image\":{\"@type\":\"ImageObject\",\"inLanguage\":\"pt-BR\",\"@id\":\"http:\/\/cdmf.org.br\/difusao\/#\/schema\/person\/image\/\",\"url\":\"https:\/\/secure.gravatar.com\/avatar\/12a7eca69d80041ba1ec4d8a982f14f38d7ebc5ec1d6e844decf3c74fc0f27bb?s=96&d=mm&r=g\",\"contentUrl\":\"https:\/\/secure.gravatar.com\/avatar\/12a7eca69d80041ba1ec4d8a982f14f38d7ebc5ec1d6e844decf3c74fc0f27bb?s=96&d=mm&r=g\",\"caption\":\"LAbI UFSCar\"},\"url\":\"http:\/\/cdmf.org.br\/difusao\/author\/labi-ufscar\/\"}]}<\/script>\n<!-- \/ Yoast SEO plugin. -->","yoast_head_json":{"title":"Apresenta\u00e7\u00e3o do Centro de Pesquisa em Doen\u00e7as Inflamat\u00f3rias","description":"O Centro de Pesquisa em Doen\u00e7as Inflamat\u00f3rias realiza investiga\u00e7\u00e3o integrativa e translacional para identificar e validar novas rotas biol\u00f3gicas envolvidas na indu\u00e7\u00e3o e na resolu\u00e7\u00e3o da inflama\u00e7\u00e3o.","robots":{"index":"index","follow":"follow","max-snippet":"max-snippet:-1","max-image-preview":"max-image-preview:large","max-video-preview":"max-video-preview:-1"},"canonical":"http:\/\/cdmf.org.br\/difusao\/apresentacao-do-centro-de-pesquisa-em-doencas-inflamatorias\/","og_locale":"pt_BR","og_type":"article","og_title":"Apresenta\u00e7\u00e3o do Centro de Pesquisa em Doen\u00e7as Inflamat\u00f3rias","og_description":"O Centro de Pesquisa em Doen\u00e7as Inflamat\u00f3rias realiza investiga\u00e7\u00e3o integrativa e translacional para identificar e validar novas rotas biol\u00f3gicas envolvidas na indu\u00e7\u00e3o e na resolu\u00e7\u00e3o da inflama\u00e7\u00e3o.","og_url":"http:\/\/cdmf.org.br\/difusao\/apresentacao-do-centro-de-pesquisa-em-doencas-inflamatorias\/","og_site_name":"I Simp\u00f3sio de Difus\u00e3o e Divulga\u00e7\u00e3o Cient\u00edfica em CEPIDs","article_publisher":"https:\/\/www.facebook.com\/labiufscar\/","article_published_time":"2018-06-20T17:00:30+00:00","og_image":[{"width":1280,"height":720,"url":"http:\/\/cdmf.org.br\/difusao\/wp-content\/uploads\/2018\/06\/apresentacao-do-centro-de-pesquisa-em-doencas-inflamatorias.jpg","type":"image\/jpeg"}],"author":"LAbI UFSCar","twitter_card":"summary_large_image","twitter_misc":{"Escrito por":"LAbI UFSCar","Est. tempo de leitura":"1 minuto"},"schema":{"@context":"https:\/\/schema.org","@graph":[{"@type":"Article","@id":"http:\/\/cdmf.org.br\/difusao\/apresentacao-do-centro-de-pesquisa-em-doencas-inflamatorias\/#article","isPartOf":{"@id":"http:\/\/cdmf.org.br\/difusao\/apresentacao-do-centro-de-pesquisa-em-doencas-inflamatorias\/"},"author":{"name":"LAbI UFSCar","@id":"http:\/\/cdmf.org.br\/difusao\/#\/schema\/person\/b80fafef8317310f8cfbe7e23d4da309"},"headline":"Apresenta\u00e7\u00e3o do Centro de Pesquisa em Doen\u00e7as Inflamat\u00f3rias","datePublished":"2018-06-20T17:00:30+00:00","mainEntityOfPage":{"@id":"http:\/\/cdmf.org.br\/difusao\/apresentacao-do-centro-de-pesquisa-em-doencas-inflamatorias\/"},"wordCount":138,"image":{"@id":"http:\/\/cdmf.org.br\/difusao\/apresentacao-do-centro-de-pesquisa-em-doencas-inflamatorias\/#primaryimage"},"thumbnailUrl":"http:\/\/cdmf.org.br\/difusao\/wp-content\/uploads\/2018\/06\/apresentacao-do-centro-de-pesquisa-em-doencas-inflamatorias.jpg","articleSection":["V\u00eddeos"],"inLanguage":"pt-BR"},{"@type":"WebPage","@id":"http:\/\/cdmf.org.br\/difusao\/apresentacao-do-centro-de-pesquisa-em-doencas-inflamatorias\/","url":"http:\/\/cdmf.org.br\/difusao\/apresentacao-do-centro-de-pesquisa-em-doencas-inflamatorias\/","name":"Apresenta\u00e7\u00e3o do Centro de Pesquisa em Doen\u00e7as Inflamat\u00f3rias","isPartOf":{"@id":"http:\/\/cdmf.org.br\/difusao\/#website"},"primaryImageOfPage":{"@id":"http:\/\/cdmf.org.br\/difusao\/apresentacao-do-centro-de-pesquisa-em-doencas-inflamatorias\/#primaryimage"},"image":{"@id":"http:\/\/cdmf.org.br\/difusao\/apresentacao-do-centro-de-pesquisa-em-doencas-inflamatorias\/#primaryimage"},"thumbnailUrl":"http:\/\/cdmf.org.br\/difusao\/wp-content\/uploads\/2018\/06\/apresentacao-do-centro-de-pesquisa-em-doencas-inflamatorias.jpg","datePublished":"2018-06-20T17:00:30+00:00","author":{"@id":"http:\/\/cdmf.org.br\/difusao\/#\/schema\/person\/b80fafef8317310f8cfbe7e23d4da309"},"description":"O Centro de Pesquisa em Doen\u00e7as Inflamat\u00f3rias realiza investiga\u00e7\u00e3o integrativa e translacional para identificar e validar novas rotas biol\u00f3gicas envolvidas na indu\u00e7\u00e3o e na resolu\u00e7\u00e3o da inflama\u00e7\u00e3o.","breadcrumb":{"@id":"http:\/\/cdmf.org.br\/difusao\/apresentacao-do-centro-de-pesquisa-em-doencas-inflamatorias\/#breadcrumb"},"inLanguage":"pt-BR","potentialAction":[{"@type":"ReadAction","target":["http:\/\/cdmf.org.br\/difusao\/apresentacao-do-centro-de-pesquisa-em-doencas-inflamatorias\/"]}]},{"@type":"ImageObject","inLanguage":"pt-BR","@id":"http:\/\/cdmf.org.br\/difusao\/apresentacao-do-centro-de-pesquisa-em-doencas-inflamatorias\/#primaryimage","url":"http:\/\/cdmf.org.br\/difusao\/wp-content\/uploads\/2018\/06\/apresentacao-do-centro-de-pesquisa-em-doencas-inflamatorias.jpg","contentUrl":"http:\/\/cdmf.org.br\/difusao\/wp-content\/uploads\/2018\/06\/apresentacao-do-centro-de-pesquisa-em-doencas-inflamatorias.jpg","width":1280,"height":720,"caption":"Apresenta\u00e7\u00e3o do Centro de Pesquisa em Doen\u00e7as Inflamat\u00f3rias"},{"@type":"BreadcrumbList","@id":"http:\/\/cdmf.org.br\/difusao\/apresentacao-do-centro-de-pesquisa-em-doencas-inflamatorias\/#breadcrumb","itemListElement":[{"@type":"ListItem","position":1,"name":"In\u00edcio","item":"http:\/\/cdmf.org.br\/difusao\/"},{"@type":"ListItem","position":2,"name":"Apresenta\u00e7\u00e3o do Centro de Pesquisa em Doen\u00e7as Inflamat\u00f3rias"}]},{"@type":"WebSite","@id":"http:\/\/cdmf.org.br\/difusao\/#website","url":"http:\/\/cdmf.org.br\/difusao\/","name":"I Simp\u00f3sio de Difus\u00e3o e Divulga\u00e7\u00e3o Cient\u00edfica em CEPIDs","description":"LAbI - UFSCar","potentialAction":[{"@type":"SearchAction","target":{"@type":"EntryPoint","urlTemplate":"http:\/\/cdmf.org.br\/difusao\/?s={search_term_string}"},"query-input":{"@type":"PropertyValueSpecification","valueRequired":true,"valueName":"search_term_string"}}],"inLanguage":"pt-BR"},{"@type":"Person","@id":"http:\/\/cdmf.org.br\/difusao\/#\/schema\/person\/b80fafef8317310f8cfbe7e23d4da309","name":"LAbI UFSCar","image":{"@type":"ImageObject","inLanguage":"pt-BR","@id":"http:\/\/cdmf.org.br\/difusao\/#\/schema\/person\/image\/","url":"https:\/\/secure.gravatar.com\/avatar\/12a7eca69d80041ba1ec4d8a982f14f38d7ebc5ec1d6e844decf3c74fc0f27bb?s=96&d=mm&r=g","contentUrl":"https:\/\/secure.gravatar.com\/avatar\/12a7eca69d80041ba1ec4d8a982f14f38d7ebc5ec1d6e844decf3c74fc0f27bb?s=96&d=mm&r=g","caption":"LAbI UFSCar"},"url":"http:\/\/cdmf.org.br\/difusao\/author\/labi-ufscar\/"}]}},"_links":{"self":[{"href":"http:\/\/cdmf.org.br\/difusao\/wp-json\/wp\/v2\/posts\/914","targetHints":{"allow":["GET"]}}],"collection":[{"href":"http:\/\/cdmf.org.br\/difusao\/wp-json\/wp\/v2\/posts"}],"about":[{"href":"http:\/\/cdmf.org.br\/difusao\/wp-json\/wp\/v2\/types\/post"}],"author":[{"embeddable":true,"href":"http:\/\/cdmf.org.br\/difusao\/wp-json\/wp\/v2\/users\/1"}],"replies":[{"embeddable":true,"href":"http:\/\/cdmf.org.br\/difusao\/wp-json\/wp\/v2\/comments?post=914"}],"version-history":[{"count":1,"href":"http:\/\/cdmf.org.br\/difusao\/wp-json\/wp\/v2\/posts\/914\/revisions"}],"predecessor-version":[{"id":917,"href":"http:\/\/cdmf.org.br\/difusao\/wp-json\/wp\/v2\/posts\/914\/revisions\/917"}],"wp:featuredmedia":[{"embeddable":true,"href":"http:\/\/cdmf.org.br\/difusao\/wp-json\/wp\/v2\/media\/915"}],"wp:attachment":[{"href":"http:\/\/cdmf.org.br\/difusao\/wp-json\/wp\/v2\/media?parent=914"}],"wp:term":[{"taxonomy":"category","embeddable":true,"href":"http:\/\/cdmf.org.br\/difusao\/wp-json\/wp\/v2\/categories?post=914"},{"taxonomy":"post_tag","embeddable":true,"href":"http:\/\/cdmf.org.br\/difusao\/wp-json\/wp\/v2\/tags?post=914"}],"curies":[{"name":"wp","href":"https:\/\/api.w.org\/{rel}","templated":true}]}}