{"id":945,"date":"2018-08-20T15:41:26","date_gmt":"2018-08-20T18:41:26","guid":{"rendered":"http:\/\/cdmf.org.br\/difusao\/?p=945"},"modified":"2018-08-20T15:41:26","modified_gmt":"2018-08-20T18:41:26","slug":"apresentacao-do-instituto-de-pesquisa-sobre-neurociencias-e-neurotecnologia","status":"publish","type":"post","link":"http:\/\/cdmf.org.br\/difusao\/apresentacao-do-instituto-de-pesquisa-sobre-neurociencias-e-neurotecnologia\/","title":{"rendered":"Apresenta\u00e7\u00e3o do Instituto de Pesquisa sobre Neuroci\u00eancias e Neurotecnologia"},"content":{"rendered":"<p>Pesquisas nas \u00e1reas de gen\u00e9tica, neurobiologia, farmacologia, neuroimagem, ci\u00eancia da computa\u00e7\u00e3o, rob\u00f3tica, f\u00edsica e engenharia.<\/p>\n<p><!--more--><\/p>\n<h3><a href=\"http:\/\/www.brainn.org.br\/\">http:\/\/www.brainn.org.br\/<\/a><\/h3>\n<p>Com pesquisas nas \u00e1reas de gen\u00e9tica, neurobiologia, farmacologia, neuroimagem, ci\u00eancia da computa\u00e7\u00e3o, rob\u00f3tica, f\u00edsica e engenharia, o Instituto Brasileiro de Neuroci\u00eancias e Neurotecnologia (<strong>BRAINN<\/strong>) \u2013 um CEPID\u00a0<strong>FAPESP<\/strong>\u00a0\u2013 investiga os mecanismos b\u00e1sicos da\u00a0<strong>epilepsia<\/strong>, do\u00a0<strong>AVC<\/strong>\u00a0e de les\u00f5es associadas.<\/p>\n<div class=\"responsive-embed\"><iframe loading=\"lazy\" width=\"1168\" height=\"657\" src=\"https:\/\/www.youtube.com\/embed\/uQF65KgADw0?feature=oembed\" frameborder=\"0\" allow=\"autoplay; encrypted-media\" allowfullscreen><\/iframe><\/div>\n","protected":false},"excerpt":{"rendered":"<p>Pesquisas nas \u00e1reas de gen\u00e9tica, neurobiologia, farmacologia, neuroimagem, ci\u00eancia da computa\u00e7\u00e3o, rob\u00f3tica, f\u00edsica e engenharia.<\/p>\n","protected":false},"author":1,"featured_media":947,"comment_status":"closed","ping_status":"open","sticky":false,"template":"","format":"video","meta":{"_exactmetrics_skip_tracking":false,"_exactmetrics_sitenote_active":false,"_exactmetrics_sitenote_note":"","_exactmetrics_sitenote_category":0,"footnotes":""},"categories":[23],"tags":[],"class_list":["post-945","post","type-post","status-publish","format-video","has-post-thumbnail","hentry","category-videos","post_format-post-format-video"],"yoast_head":"<!-- This site is optimized with the Yoast SEO plugin v26.9 - https:\/\/yoast.com\/product\/yoast-seo-wordpress\/ -->\n<title>Instituto de Pesquisa sobre Neuroci\u00eancias e Neurotecnologia<\/title>\n<meta name=\"description\" content=\"O Instituto de Pesquisa sobre Neuroci\u00eancias e Neurotecnologia desenvolve pesquisas nas \u00e1reas de gen\u00e9tica, neurobiologia, farmacologia, neuroimagem, ci\u00eancia da computa\u00e7\u00e3o, rob\u00f3tica, f\u00edsica e engenharia.\" \/>\n<meta name=\"robots\" content=\"index, follow, max-snippet:-1, max-image-preview:large, max-video-preview:-1\" \/>\n<link rel=\"canonical\" href=\"http:\/\/cdmf.org.br\/difusao\/apresentacao-do-instituto-de-pesquisa-sobre-neurociencias-e-neurotecnologia\/\" \/>\n<meta property=\"og:locale\" content=\"pt_BR\" \/>\n<meta property=\"og:type\" content=\"article\" \/>\n<meta property=\"og:title\" content=\"Instituto de Pesquisa sobre Neuroci\u00eancias e Neurotecnologia\" \/>\n<meta property=\"og:description\" content=\"O Instituto de Pesquisa sobre Neuroci\u00eancias e Neurotecnologia desenvolve pesquisas nas \u00e1reas de gen\u00e9tica, neurobiologia, farmacologia, neuroimagem, ci\u00eancia da computa\u00e7\u00e3o, rob\u00f3tica, f\u00edsica e engenharia.\" \/>\n<meta property=\"og:url\" content=\"http:\/\/cdmf.org.br\/difusao\/apresentacao-do-instituto-de-pesquisa-sobre-neurociencias-e-neurotecnologia\/\" \/>\n<meta property=\"og:site_name\" content=\"I Simp\u00f3sio de Difus\u00e3o e Divulga\u00e7\u00e3o Cient\u00edfica em CEPIDs\" \/>\n<meta property=\"article:publisher\" content=\"https:\/\/www.facebook.com\/labiufscar\/\" \/>\n<meta property=\"article:published_time\" content=\"2018-08-20T18:41:26+00:00\" \/>\n<meta property=\"og:image\" content=\"http:\/\/cdmf.org.br\/difusao\/wp-content\/uploads\/2018\/08\/brainn-cepid.png\" \/>\n\t<meta property=\"og:image:width\" content=\"1280\" \/>\n\t<meta property=\"og:image:height\" content=\"720\" \/>\n\t<meta property=\"og:image:type\" content=\"image\/png\" \/>\n<meta name=\"author\" content=\"LAbI UFSCar\" \/>\n<meta name=\"twitter:card\" content=\"summary_large_image\" \/>\n<meta name=\"twitter:label1\" content=\"Escrito por\" \/>\n\t<meta name=\"twitter:data1\" content=\"LAbI UFSCar\" \/>\n<script type=\"application\/ld+json\" class=\"yoast-schema-graph\">{\"@context\":\"https:\/\/schema.org\",\"@graph\":[{\"@type\":\"Article\",\"@id\":\"http:\/\/cdmf.org.br\/difusao\/apresentacao-do-instituto-de-pesquisa-sobre-neurociencias-e-neurotecnologia\/#article\",\"isPartOf\":{\"@id\":\"http:\/\/cdmf.org.br\/difusao\/apresentacao-do-instituto-de-pesquisa-sobre-neurociencias-e-neurotecnologia\/\"},\"author\":{\"name\":\"LAbI UFSCar\",\"@id\":\"http:\/\/cdmf.org.br\/difusao\/#\/schema\/person\/b80fafef8317310f8cfbe7e23d4da309\"},\"headline\":\"Apresenta\u00e7\u00e3o do Instituto de Pesquisa sobre Neuroci\u00eancias e Neurotecnologia\",\"datePublished\":\"2018-08-20T18:41:26+00:00\",\"mainEntityOfPage\":{\"@id\":\"http:\/\/cdmf.org.br\/difusao\/apresentacao-do-instituto-de-pesquisa-sobre-neurociencias-e-neurotecnologia\/\"},\"wordCount\":91,\"image\":{\"@id\":\"http:\/\/cdmf.org.br\/difusao\/apresentacao-do-instituto-de-pesquisa-sobre-neurociencias-e-neurotecnologia\/#primaryimage\"},\"thumbnailUrl\":\"http:\/\/cdmf.org.br\/difusao\/wp-content\/uploads\/2018\/08\/brainn-cepid.png\",\"articleSection\":[\"V\u00eddeos\"],\"inLanguage\":\"pt-BR\"},{\"@type\":\"WebPage\",\"@id\":\"http:\/\/cdmf.org.br\/difusao\/apresentacao-do-instituto-de-pesquisa-sobre-neurociencias-e-neurotecnologia\/\",\"url\":\"http:\/\/cdmf.org.br\/difusao\/apresentacao-do-instituto-de-pesquisa-sobre-neurociencias-e-neurotecnologia\/\",\"name\":\"Instituto de Pesquisa sobre Neuroci\u00eancias e Neurotecnologia\",\"isPartOf\":{\"@id\":\"http:\/\/cdmf.org.br\/difusao\/#website\"},\"primaryImageOfPage\":{\"@id\":\"http:\/\/cdmf.org.br\/difusao\/apresentacao-do-instituto-de-pesquisa-sobre-neurociencias-e-neurotecnologia\/#primaryimage\"},\"image\":{\"@id\":\"http:\/\/cdmf.org.br\/difusao\/apresentacao-do-instituto-de-pesquisa-sobre-neurociencias-e-neurotecnologia\/#primaryimage\"},\"thumbnailUrl\":\"http:\/\/cdmf.org.br\/difusao\/wp-content\/uploads\/2018\/08\/brainn-cepid.png\",\"datePublished\":\"2018-08-20T18:41:26+00:00\",\"author\":{\"@id\":\"http:\/\/cdmf.org.br\/difusao\/#\/schema\/person\/b80fafef8317310f8cfbe7e23d4da309\"},\"description\":\"O Instituto de Pesquisa sobre Neuroci\u00eancias e Neurotecnologia desenvolve pesquisas nas \u00e1reas de gen\u00e9tica, neurobiologia, farmacologia, neuroimagem, ci\u00eancia da computa\u00e7\u00e3o, rob\u00f3tica, f\u00edsica e engenharia.\",\"breadcrumb\":{\"@id\":\"http:\/\/cdmf.org.br\/difusao\/apresentacao-do-instituto-de-pesquisa-sobre-neurociencias-e-neurotecnologia\/#breadcrumb\"},\"inLanguage\":\"pt-BR\",\"potentialAction\":[{\"@type\":\"ReadAction\",\"target\":[\"http:\/\/cdmf.org.br\/difusao\/apresentacao-do-instituto-de-pesquisa-sobre-neurociencias-e-neurotecnologia\/\"]}]},{\"@type\":\"ImageObject\",\"inLanguage\":\"pt-BR\",\"@id\":\"http:\/\/cdmf.org.br\/difusao\/apresentacao-do-instituto-de-pesquisa-sobre-neurociencias-e-neurotecnologia\/#primaryimage\",\"url\":\"http:\/\/cdmf.org.br\/difusao\/wp-content\/uploads\/2018\/08\/brainn-cepid.png\",\"contentUrl\":\"http:\/\/cdmf.org.br\/difusao\/wp-content\/uploads\/2018\/08\/brainn-cepid.png\",\"width\":1280,\"height\":720,\"caption\":\"Instituto de Pesquisa sobre Neuroci\u00eancias e Neurotecnologia\"},{\"@type\":\"BreadcrumbList\",\"@id\":\"http:\/\/cdmf.org.br\/difusao\/apresentacao-do-instituto-de-pesquisa-sobre-neurociencias-e-neurotecnologia\/#breadcrumb\",\"itemListElement\":[{\"@type\":\"ListItem\",\"position\":1,\"name\":\"In\u00edcio\",\"item\":\"http:\/\/cdmf.org.br\/difusao\/\"},{\"@type\":\"ListItem\",\"position\":2,\"name\":\"Apresenta\u00e7\u00e3o do Instituto de Pesquisa sobre Neuroci\u00eancias e Neurotecnologia\"}]},{\"@type\":\"WebSite\",\"@id\":\"http:\/\/cdmf.org.br\/difusao\/#website\",\"url\":\"http:\/\/cdmf.org.br\/difusao\/\",\"name\":\"I Simp\u00f3sio de Difus\u00e3o e Divulga\u00e7\u00e3o Cient\u00edfica em CEPIDs\",\"description\":\"LAbI - UFSCar\",\"potentialAction\":[{\"@type\":\"SearchAction\",\"target\":{\"@type\":\"EntryPoint\",\"urlTemplate\":\"http:\/\/cdmf.org.br\/difusao\/?s={search_term_string}\"},\"query-input\":{\"@type\":\"PropertyValueSpecification\",\"valueRequired\":true,\"valueName\":\"search_term_string\"}}],\"inLanguage\":\"pt-BR\"},{\"@type\":\"Person\",\"@id\":\"http:\/\/cdmf.org.br\/difusao\/#\/schema\/person\/b80fafef8317310f8cfbe7e23d4da309\",\"name\":\"LAbI UFSCar\",\"image\":{\"@type\":\"ImageObject\",\"inLanguage\":\"pt-BR\",\"@id\":\"http:\/\/cdmf.org.br\/difusao\/#\/schema\/person\/image\/\",\"url\":\"https:\/\/secure.gravatar.com\/avatar\/12a7eca69d80041ba1ec4d8a982f14f38d7ebc5ec1d6e844decf3c74fc0f27bb?s=96&d=mm&r=g\",\"contentUrl\":\"https:\/\/secure.gravatar.com\/avatar\/12a7eca69d80041ba1ec4d8a982f14f38d7ebc5ec1d6e844decf3c74fc0f27bb?s=96&d=mm&r=g\",\"caption\":\"LAbI UFSCar\"},\"url\":\"http:\/\/cdmf.org.br\/difusao\/author\/labi-ufscar\/\"}]}<\/script>\n<!-- \/ Yoast SEO plugin. -->","yoast_head_json":{"title":"Instituto de Pesquisa sobre Neuroci\u00eancias e Neurotecnologia","description":"O Instituto de Pesquisa sobre Neuroci\u00eancias e Neurotecnologia desenvolve pesquisas nas \u00e1reas de gen\u00e9tica, neurobiologia, farmacologia, neuroimagem, ci\u00eancia da computa\u00e7\u00e3o, rob\u00f3tica, f\u00edsica e engenharia.","robots":{"index":"index","follow":"follow","max-snippet":"max-snippet:-1","max-image-preview":"max-image-preview:large","max-video-preview":"max-video-preview:-1"},"canonical":"http:\/\/cdmf.org.br\/difusao\/apresentacao-do-instituto-de-pesquisa-sobre-neurociencias-e-neurotecnologia\/","og_locale":"pt_BR","og_type":"article","og_title":"Instituto de Pesquisa sobre Neuroci\u00eancias e Neurotecnologia","og_description":"O Instituto de Pesquisa sobre Neuroci\u00eancias e Neurotecnologia desenvolve pesquisas nas \u00e1reas de gen\u00e9tica, neurobiologia, farmacologia, neuroimagem, ci\u00eancia da computa\u00e7\u00e3o, rob\u00f3tica, f\u00edsica e engenharia.","og_url":"http:\/\/cdmf.org.br\/difusao\/apresentacao-do-instituto-de-pesquisa-sobre-neurociencias-e-neurotecnologia\/","og_site_name":"I Simp\u00f3sio de Difus\u00e3o e Divulga\u00e7\u00e3o Cient\u00edfica em CEPIDs","article_publisher":"https:\/\/www.facebook.com\/labiufscar\/","article_published_time":"2018-08-20T18:41:26+00:00","og_image":[{"width":1280,"height":720,"url":"http:\/\/cdmf.org.br\/difusao\/wp-content\/uploads\/2018\/08\/brainn-cepid.png","type":"image\/png"}],"author":"LAbI UFSCar","twitter_card":"summary_large_image","twitter_misc":{"Escrito por":"LAbI UFSCar"},"schema":{"@context":"https:\/\/schema.org","@graph":[{"@type":"Article","@id":"http:\/\/cdmf.org.br\/difusao\/apresentacao-do-instituto-de-pesquisa-sobre-neurociencias-e-neurotecnologia\/#article","isPartOf":{"@id":"http:\/\/cdmf.org.br\/difusao\/apresentacao-do-instituto-de-pesquisa-sobre-neurociencias-e-neurotecnologia\/"},"author":{"name":"LAbI UFSCar","@id":"http:\/\/cdmf.org.br\/difusao\/#\/schema\/person\/b80fafef8317310f8cfbe7e23d4da309"},"headline":"Apresenta\u00e7\u00e3o do Instituto de Pesquisa sobre Neuroci\u00eancias e Neurotecnologia","datePublished":"2018-08-20T18:41:26+00:00","mainEntityOfPage":{"@id":"http:\/\/cdmf.org.br\/difusao\/apresentacao-do-instituto-de-pesquisa-sobre-neurociencias-e-neurotecnologia\/"},"wordCount":91,"image":{"@id":"http:\/\/cdmf.org.br\/difusao\/apresentacao-do-instituto-de-pesquisa-sobre-neurociencias-e-neurotecnologia\/#primaryimage"},"thumbnailUrl":"http:\/\/cdmf.org.br\/difusao\/wp-content\/uploads\/2018\/08\/brainn-cepid.png","articleSection":["V\u00eddeos"],"inLanguage":"pt-BR"},{"@type":"WebPage","@id":"http:\/\/cdmf.org.br\/difusao\/apresentacao-do-instituto-de-pesquisa-sobre-neurociencias-e-neurotecnologia\/","url":"http:\/\/cdmf.org.br\/difusao\/apresentacao-do-instituto-de-pesquisa-sobre-neurociencias-e-neurotecnologia\/","name":"Instituto de Pesquisa sobre Neuroci\u00eancias e Neurotecnologia","isPartOf":{"@id":"http:\/\/cdmf.org.br\/difusao\/#website"},"primaryImageOfPage":{"@id":"http:\/\/cdmf.org.br\/difusao\/apresentacao-do-instituto-de-pesquisa-sobre-neurociencias-e-neurotecnologia\/#primaryimage"},"image":{"@id":"http:\/\/cdmf.org.br\/difusao\/apresentacao-do-instituto-de-pesquisa-sobre-neurociencias-e-neurotecnologia\/#primaryimage"},"thumbnailUrl":"http:\/\/cdmf.org.br\/difusao\/wp-content\/uploads\/2018\/08\/brainn-cepid.png","datePublished":"2018-08-20T18:41:26+00:00","author":{"@id":"http:\/\/cdmf.org.br\/difusao\/#\/schema\/person\/b80fafef8317310f8cfbe7e23d4da309"},"description":"O Instituto de Pesquisa sobre Neuroci\u00eancias e Neurotecnologia desenvolve pesquisas nas \u00e1reas de gen\u00e9tica, neurobiologia, farmacologia, neuroimagem, ci\u00eancia da computa\u00e7\u00e3o, rob\u00f3tica, f\u00edsica e engenharia.","breadcrumb":{"@id":"http:\/\/cdmf.org.br\/difusao\/apresentacao-do-instituto-de-pesquisa-sobre-neurociencias-e-neurotecnologia\/#breadcrumb"},"inLanguage":"pt-BR","potentialAction":[{"@type":"ReadAction","target":["http:\/\/cdmf.org.br\/difusao\/apresentacao-do-instituto-de-pesquisa-sobre-neurociencias-e-neurotecnologia\/"]}]},{"@type":"ImageObject","inLanguage":"pt-BR","@id":"http:\/\/cdmf.org.br\/difusao\/apresentacao-do-instituto-de-pesquisa-sobre-neurociencias-e-neurotecnologia\/#primaryimage","url":"http:\/\/cdmf.org.br\/difusao\/wp-content\/uploads\/2018\/08\/brainn-cepid.png","contentUrl":"http:\/\/cdmf.org.br\/difusao\/wp-content\/uploads\/2018\/08\/brainn-cepid.png","width":1280,"height":720,"caption":"Instituto de Pesquisa sobre Neuroci\u00eancias e Neurotecnologia"},{"@type":"BreadcrumbList","@id":"http:\/\/cdmf.org.br\/difusao\/apresentacao-do-instituto-de-pesquisa-sobre-neurociencias-e-neurotecnologia\/#breadcrumb","itemListElement":[{"@type":"ListItem","position":1,"name":"In\u00edcio","item":"http:\/\/cdmf.org.br\/difusao\/"},{"@type":"ListItem","position":2,"name":"Apresenta\u00e7\u00e3o do Instituto de Pesquisa sobre Neuroci\u00eancias e Neurotecnologia"}]},{"@type":"WebSite","@id":"http:\/\/cdmf.org.br\/difusao\/#website","url":"http:\/\/cdmf.org.br\/difusao\/","name":"I Simp\u00f3sio de Difus\u00e3o e Divulga\u00e7\u00e3o Cient\u00edfica em CEPIDs","description":"LAbI - UFSCar","potentialAction":[{"@type":"SearchAction","target":{"@type":"EntryPoint","urlTemplate":"http:\/\/cdmf.org.br\/difusao\/?s={search_term_string}"},"query-input":{"@type":"PropertyValueSpecification","valueRequired":true,"valueName":"search_term_string"}}],"inLanguage":"pt-BR"},{"@type":"Person","@id":"http:\/\/cdmf.org.br\/difusao\/#\/schema\/person\/b80fafef8317310f8cfbe7e23d4da309","name":"LAbI UFSCar","image":{"@type":"ImageObject","inLanguage":"pt-BR","@id":"http:\/\/cdmf.org.br\/difusao\/#\/schema\/person\/image\/","url":"https:\/\/secure.gravatar.com\/avatar\/12a7eca69d80041ba1ec4d8a982f14f38d7ebc5ec1d6e844decf3c74fc0f27bb?s=96&d=mm&r=g","contentUrl":"https:\/\/secure.gravatar.com\/avatar\/12a7eca69d80041ba1ec4d8a982f14f38d7ebc5ec1d6e844decf3c74fc0f27bb?s=96&d=mm&r=g","caption":"LAbI UFSCar"},"url":"http:\/\/cdmf.org.br\/difusao\/author\/labi-ufscar\/"}]}},"_links":{"self":[{"href":"http:\/\/cdmf.org.br\/difusao\/wp-json\/wp\/v2\/posts\/945","targetHints":{"allow":["GET"]}}],"collection":[{"href":"http:\/\/cdmf.org.br\/difusao\/wp-json\/wp\/v2\/posts"}],"about":[{"href":"http:\/\/cdmf.org.br\/difusao\/wp-json\/wp\/v2\/types\/post"}],"author":[{"embeddable":true,"href":"http:\/\/cdmf.org.br\/difusao\/wp-json\/wp\/v2\/users\/1"}],"replies":[{"embeddable":true,"href":"http:\/\/cdmf.org.br\/difusao\/wp-json\/wp\/v2\/comments?post=945"}],"version-history":[{"count":1,"href":"http:\/\/cdmf.org.br\/difusao\/wp-json\/wp\/v2\/posts\/945\/revisions"}],"predecessor-version":[{"id":948,"href":"http:\/\/cdmf.org.br\/difusao\/wp-json\/wp\/v2\/posts\/945\/revisions\/948"}],"wp:featuredmedia":[{"embeddable":true,"href":"http:\/\/cdmf.org.br\/difusao\/wp-json\/wp\/v2\/media\/947"}],"wp:attachment":[{"href":"http:\/\/cdmf.org.br\/difusao\/wp-json\/wp\/v2\/media?parent=945"}],"wp:term":[{"taxonomy":"category","embeddable":true,"href":"http:\/\/cdmf.org.br\/difusao\/wp-json\/wp\/v2\/categories?post=945"},{"taxonomy":"post_tag","embeddable":true,"href":"http:\/\/cdmf.org.br\/difusao\/wp-json\/wp\/v2\/tags?post=945"}],"curies":[{"name":"wp","href":"https:\/\/api.w.org\/{rel}","templated":true}]}}