{"id":106,"date":"2021-12-17T14:32:52","date_gmt":"2021-12-17T14:32:52","guid":{"rendered":"https:\/\/cdmf.org.br\/es\/?p=106"},"modified":"2021-12-17T15:07:12","modified_gmt":"2021-12-17T15:07:12","slug":"una-startup-produce-una-mascara-reutilizable-con-mayor-proteccion-contra-el-sars-cov-2","status":"publish","type":"post","link":"https:\/\/cdmf.org.br\/es\/una-startup-produce-una-mascara-reutilizable-con-mayor-proteccion-contra-el-sars-cov-2\/","title":{"rendered":"Una startup produce una m\u00e1scara reutilizable con mayor protecci\u00f3n contra el SARS-CoV-2"},"content":{"rendered":"\n<p><strong>Por Elton Alisson&nbsp; |&nbsp; Ag\u00eancia FAPESP<\/strong>&nbsp;\u2013&nbsp;La&nbsp;<em>startup<\/em>&nbsp;<a href=\"http:\/\/www.nanox.com.br\/\" target=\"_blank\" rel=\"noreferrer noopener\"><strong>Nanox<\/strong><\/a>, con sede en la ciudad de S\u00e3o Carlos (estado de S\u00e3o Paulo, Brasil), desarroll\u00f3 en colaboraci\u00f3n con la industria de pl\u00e1sticos&nbsp;<a href=\"https:\/\/www.elka.com.br\/\" target=\"_blank\" rel=\"noreferrer noopener\"><strong>Elka<\/strong><\/a>&nbsp;una m\u00e1scara reutilizable que promete brindar un mayor nivel de protecci\u00f3n contra la contaminaci\u00f3n causada por el nuevo coronavirus, el SARS-CoV-2.<\/p>\n\n\n\n<p>Es una m\u00e1scara elaborada con un pol\u00edmero flexible \u2013similar a una goma\u2013, moldeable a los contornos del rostro y con micropart\u00edculas a base de s\u00edlice y plata incorporadas sobre la superficie del material.<\/p>\n\n\n\n<p>Dichas part\u00edculas, desarrolladas en el marco de proyectos apoyados por el Programa FAPESP de Investigaci\u00f3n Innovadora en Peque\u00f1as Empresas (<a href=\"http:\/\/fapesp.br\/pipe\" target=\"_blank\" rel=\"noreferrer noopener\"><strong>PIPE<\/strong><\/a>), poseen propiedades antimicrobianas.<\/p>\n\n\n\n<p>\u201cLas micropart\u00edculas de plata y s\u00edlice elevan el nivel de protecci\u00f3n al impedir la presencia en la m\u00e1scara de hongos y bacterias, que pueden facilitar la adherencia del nuevo coronavirus sobre la superficie de los materiales\u201d, declar\u00f3 a&nbsp;<strong>Ag\u00eancia FAPESP<\/strong>&nbsp;<a href=\"https:\/\/bv.fapesp.br\/pt\/pesquisador\/1408\/luiz-gustavo-pagotto-simoes\" target=\"_blank\" rel=\"noreferrer noopener\"><strong>Luiz Gustavo Pagotto Sim\u00f5es<\/strong><\/a>, director de Nanox.<\/p>\n\n\n\n<p>Con el objetivo de asegurar la protecci\u00f3n contra el SARS-CoV-2, la m\u00e1scara puede esterilizarse totalmente al lav\u00e1rsela con agua y jab\u00f3n antes y despu\u00e9s de usarla.<\/p>\n\n\n\n<p>Para proteger las v\u00edas respiratorias, este dispositivo de protecci\u00f3n individual posee dos filtros descartables tipo PFF2, similares al del tipo N95 presente en las m\u00e1scaras que actualmente utilizan los profesionales de la salud.<\/p>\n\n\n\n<p>Los filtros se insertan en respiradores ubicados en los costados de la m\u00e1scara y van protegidos por tapas que impiden el contacto f\u00edsico y la contaminaci\u00f3n por contacto directo con las manos.<\/p>\n\n\n\n<p>La cantidad de material necesario para elaborar los filtros tambi\u00e9n es muy inferior a la que se utiliza en la producci\u00f3n de las m\u00e1scaras convencionales, compara Pagotto Sim\u00f5es.<\/p>\n\n\n\n<p>\u201cEl tiempo requerido para el reemplazo de los filtros lo deber\u00e1n determinar los servicios de salud\u201d, pondera.<\/p>\n\n\n\n<p>De acuerdo con Pagotto Sim\u00f5es, los filtros de la m\u00e1scara contemplan los requerimientos para proveedores de materias primas presentes en productos absorbentes descartables de uso externo, estipulados en la resoluci\u00f3n&nbsp;<a href=\"https:\/\/www.cevs.rs.gov.br\/upload\/arquivos\/201709\/01115201-rdc-142-2017.pdf\" target=\"_blank\" rel=\"noreferrer noopener\"><strong>RDC 142<\/strong><\/a>&nbsp;del Ministerio de Salud de Brasil.<\/p>\n\n\n\n<p>El material tambi\u00e9n pas\u00f3 por pruebas de eficiencia de filtraci\u00f3n bacteriana (BFE, por sus siglas en ingl\u00e9s) \u2013que determinan la eficacia de la filtraci\u00f3n bacteriol\u00f3gica de un producto\u2013, y lleg\u00f3 al valor m\u00ednimo del 95% requerido por la regulaci\u00f3n t\u00e9cnica para m\u00e1scaras respiratorias de tipo N95.<\/p>\n\n\n\n<p>\u201cLa meta es obtener posteriormente la certificaci\u00f3n del material como PFF2, equivalente a N95. Pero ya puede comercializ\u00e1rselas, pues en raz\u00f3n de la pandemia del nuevo coronavirus, Anvisa [<em>la Agencia Nacional de Vigilancia Sanitaria de Brasil<\/em>] flexibiliz\u00f3 las normas de fabricaci\u00f3n de algunos productos destinados al combate contra el COVID-19. Esto permiti\u00f3 que Elka fabricase las m\u00e1scaras\u201d, explica Pagotto Sim\u00f5es.<\/p>\n\n\n\n<p>Inicialmente se fabricar\u00e1n 200 mil m\u00e1scaras, cuyo costo por unidad se estima entre 20 y 30 reales. Las primeras unidades se estima que se entregar\u00e1n ahora a comienzos de este mes de mayo.<\/p>\n\n\n\n<p>Elka pretende donar hasta un 10% de la producci\u00f3n a instituciones sanitarias.<\/p>\n\n\n\n<p>\u201cRecibimos seis pedidos antes de la presentaci\u00f3n oficial del producto. La idea es atender inicialmente al mercado nacional y que puedan utilizar estas m\u00e1scaras no solo los profesionales de la salud que trabajan en la l\u00ednea de frente de atenci\u00f3n de pacientes con COVID-19, sino tambi\u00e9n la poblaci\u00f3n en general\u201d, afirma Pagotto Sim\u00f5es.<\/p>\n\n\n\n<p>El investigador hace la salvedad de que, pese a que ya se ha demostrado que las micropart\u00edculas de plata y s\u00edlice que producen poseen acci\u00f3n contra algunos tipos de virus, a\u00fan no existe una comprobaci\u00f3n de que son capaces de eliminar directamente al nuevo coronavirus.<\/p>\n\n\n\n<p>\u201cLas micropart\u00edculas poseen potencial para actuar contra el coronavirus. Pero pretendemos realizar pruebas con el objetivo de comprobar esta hip\u00f3tesis\u201d, afirma.<\/p>\n\n\n\n<p><strong>Una conexi\u00f3n internacional<\/strong><\/p>\n\n\n\n<p>Nanox y Elka entablaron contacto en el International Entrepreneurship Center (IEC), una aceleradora de negocios con sede en Boston, Estados Unidos, donde Nanox cuenta con una filial.<\/p>\n\n\n\n<p>Elka, fabricante de juguetes, se encontraba abocada a la b\u00fasqueda de una forma de utilizar una parte ociosa de su parque de inyectoras para desarrollar un producto destinado a ayudar en el combate contra el COVID-19, y se enter\u00f3 en el IEC de las soluciones que desarrolla Nanox.<\/p>\n\n\n\n<p>Nanox, una&nbsp;<em>spin-off<\/em>&nbsp;del Centro de Desarrollo de Materiales Funcionales (<a href=\"http:\/\/cdmf.org.br\/\" target=\"_blank\" rel=\"noreferrer noopener\"><strong>CDMF<\/strong><\/a>), un Centro de Investigaci\u00f3n, Innovaci\u00f3n y Difusi\u00f3n (<a href=\"http:\/\/cepid.fapesp.br\/home\" target=\"_blank\" rel=\"noreferrer noopener\"><strong>CEPID<\/strong><\/a>), de la FAPESP con sede en la Universidad Federal de S\u00e3o Carlos (UFSCar), fue creada en el a\u00f1o 2004.<\/p>\n\n\n\n<p>Al a\u00f1o siguiente, la empresa remiti\u00f3 su primer proyecto al PIPE-FAPESP para el desarrollo de la tecnolog\u00eda de precipitaci\u00f3n de nanopart\u00edculas de plata en pel\u00edculas cer\u00e1micas y en materiales met\u00e1licos a los efectos de dotarlos de propiedades antiabrasivas y bactericidas.<\/p>\n\n\n\n<p>En 2011, con el producto ya listo para salir al mercado, la empresa obtuvo recursos del&nbsp;<a href=\"https:\/\/bv.fapesp.br\/pt\/253\" target=\"_blank\" rel=\"noreferrer noopener\"><strong>Programa PAPPE\/ PIPE<\/strong><\/a>&nbsp;\u2013una colaboraci\u00f3n entre la FAPESP y la Financiadora de Innovaci\u00f3n e Investigaci\u00f3n (Finep), una agencia ligada al gobierno federal brasile\u00f1o\u2013 para escalonar la producci\u00f3n de las part\u00edculas antimicrobianas nanoestructuradas.<\/p>\n\n\n\n<p>En 2015, el PIPE-FAPESP le brind\u00f3 su apoyo a un nuevo proyecto de la empresa, el de desarrollo de la aplicaci\u00f3n de materiales fungicidas nanoestructurados.<\/p>\n\n\n\n<p>Durante esa trayectoria, Nanox obtuvo un aporte de recursos del Fondo Novarum (Jard\u00edn Bot\u00e1nico Partners), gan\u00f3 el premio Finep de Innovaci\u00f3n Tecnol\u00f3gica en 2007 y conquist\u00f3 clientes de los m\u00e1s diversos sectores, tales como el de decoraci\u00f3n (Tapetes S\u00e3o Carlos), el de belleza (Taiff), y el odontol\u00f3gico (Dabi Atlante), entre otros.<\/p>\n\n\n\n<p>A finales de 2019, Nanox fue&nbsp;<a href=\"http:\/\/agencia.fapesp.br\/31535\"><strong>una de las 15&nbsp;<em>startups<\/em>&nbsp;seleccionadas<\/strong><\/a>&nbsp;entre 1.000 empresas de todo el mundo para participar en el programa de aceleraci\u00f3n de negocios de Plug and Play, una plataforma global de innovaci\u00f3n con sede en el Vale del Silicio, en Estados Unidos.<\/p>\n\n\n\n<p>Han tomado parte en los programas de aceleraci\u00f3n de Plug and Play empresas tales como Dropbox, PayPal, Danger y Lending Club, entre otras. \u201cEl apoyo del PIPE-FAPESP fue fundamental en nuestra trayectoria\u201d, afirma Pagotto Sim\u00f5es.<\/p>\n\n\n\n<p>Para obtener m\u00e1s informaci\u00f3n sobre este producto, ingrese en el siguiente enlace:&nbsp;<a href=\"https:\/\/www.otomask.com.br\/\" target=\"_blank\" rel=\"noreferrer noopener\"><strong>www.otomask.com.br<\/strong><\/a>.&nbsp;<\/p>\n\n\n\n<p>______________________________________________________________________________________________________________<\/p>\n\n\n\n<p><strong>CDMF<\/strong><\/p>\n\n\n\n<p>El CDMF es uno de los Centros de Investigaci\u00f3n, Innovaci\u00f3n y Difusi\u00f3n (<a rel=\"noreferrer noopener\" href=\"https:\/\/cepid.fapesp.br\/home\/\" target=\"_blank\">Cepids<\/a>) apoyados por la Fundaci\u00f3n de Apoyo a la Investigaci\u00f3n del Estado de S\u00e3o Paulo (<a rel=\"noreferrer noopener\" href=\"https:\/\/fapesp.br\/\" target=\"_blank\">Fapesp<\/a>), y tambi\u00e9n recibe inversi\u00f3n del Consejo Nacional de Desarrollo Cient\u00edfico y Tecnol\u00f3gico (<a rel=\"noreferrer noopener\" href=\"https:\/\/www.gov.br\/cnpq\" target=\"_blank\">CNPq<\/a>), del Instituto Nacional de Materiales. Ciencia y Tecnolog\u00eda en Nanotecnolog\u00eda (INCTMN). Trabaja en colaboraci\u00f3n con varios laboratorios del mundo en los que se agrupan el INTEMA (de Argentina) y la Universidad Jaume I de Espa\u00f1a.<\/p>\n\n\n\n<p>Publicado originalmente en <a rel=\"noreferrer noopener\" href=\"https:\/\/agencia.fapesp.br\/es\" target=\"_blank\">Ag\u00eancia Fapesp<\/a><\/p>\n","protected":false},"excerpt":{"rendered":"<div class=\"mh-excerpt\"><p>Por Elton Alisson&nbsp; |&nbsp; Ag\u00eancia FAPESP&nbsp;\u2013&nbsp;La&nbsp;startup&nbsp;Nanox, con sede en la ciudad de S\u00e3o Carlos (estado de S\u00e3o Paulo, Brasil), desarroll\u00f3 en colaboraci\u00f3n con la industria de pl\u00e1sticos&nbsp;Elka&nbsp;una m\u00e1scara reutilizable que promete brindar un mayor nivel <a class=\"mh-excerpt-more\" href=\"https:\/\/cdmf.org.br\/es\/una-startup-produce-una-mascara-reutilizable-con-mayor-proteccion-contra-el-sars-cov-2\/\" title=\"Una startup produce una m\u00e1scara reutilizable con mayor protecci\u00f3n contra el SARS-CoV-2\">[&#8230;]<\/a><\/p>\n<\/div>","protected":false},"author":1,"featured_media":107,"comment_status":"closed","ping_status":"open","sticky":false,"template":"","format":"standard","meta":{"_monsterinsights_skip_tracking":false,"_monsterinsights_sitenote_active":false,"_monsterinsights_sitenote_note":"","_monsterinsights_sitenote_category":0,"footnotes":""},"categories":[4,26],"tags":[17,13,14,16,23,15,20,22,18,21],"class_list":{"0":"post-106","1":"post","2":"type-post","3":"status-publish","4":"format-standard","5":"has-post-thumbnail","7":"category-noticias","8":"category-slider-enfasis","9":"tag-capes","10":"tag-cdmf","11":"tag-cepid","12":"tag-cnpq","13":"tag-covid","14":"tag-fapesp","15":"tag-finep","16":"tag-nanox","17":"tag-ufscar","18":"tag-uji"},"yoast_head":"<!-- This site is optimized with the Yoast SEO plugin v27.2 - https:\/\/yoast.com\/product\/yoast-seo-wordpress\/ -->\n<title>Una startup produce una m\u00e1scara reutilizable con mayor protecci\u00f3n contra el SARS-CoV-2 - Centro de Desarrollo de Materiales Funcionales<\/title>\n<meta name=\"robots\" content=\"index, follow, max-snippet:-1, max-image-preview:large, max-video-preview:-1\" \/>\n<link rel=\"canonical\" href=\"https:\/\/cdmf.org.br\/es\/una-startup-produce-una-mascara-reutilizable-con-mayor-proteccion-contra-el-sars-cov-2\/\" \/>\n<meta property=\"og:locale\" content=\"es_ES\" \/>\n<meta property=\"og:type\" content=\"article\" \/>\n<meta property=\"og:title\" content=\"Una startup produce una m\u00e1scara reutilizable con mayor protecci\u00f3n contra el SARS-CoV-2 - Centro de Desarrollo de Materiales Funcionales\" \/>\n<meta property=\"og:description\" content=\"Por Elton Alisson&nbsp; |&nbsp; Ag\u00eancia FAPESP&nbsp;\u2013&nbsp;La&nbsp;startup&nbsp;Nanox, con sede en la ciudad de S\u00e3o Carlos (estado de S\u00e3o Paulo, Brasil), desarroll\u00f3 en colaboraci\u00f3n con la industria de pl\u00e1sticos&nbsp;Elka&nbsp;una m\u00e1scara reutilizable que promete brindar un mayor nivel [...]\" \/>\n<meta property=\"og:url\" content=\"https:\/\/cdmf.org.br\/es\/una-startup-produce-una-mascara-reutilizable-con-mayor-proteccion-contra-el-sars-cov-2\/\" \/>\n<meta property=\"og:site_name\" content=\"Centro de Desarrollo de Materiales Funcionales\" \/>\n<meta property=\"article:publisher\" content=\"https:\/\/www.facebook.com\/CDMFCEPID\/\" \/>\n<meta property=\"article:published_time\" content=\"2021-12-17T14:32:52+00:00\" \/>\n<meta property=\"article:modified_time\" content=\"2021-12-17T15:07:12+00:00\" \/>\n<meta property=\"og:image\" content=\"https:\/\/cdmf.org.br\/es\/wp-content\/uploads\/2021\/12\/oto.png\" \/>\n\t<meta property=\"og:image:width\" content=\"678\" \/>\n\t<meta property=\"og:image:height\" content=\"381\" \/>\n\t<meta property=\"og:image:type\" content=\"image\/png\" \/>\n<meta name=\"author\" content=\"LAbI\" \/>\n<meta name=\"twitter:card\" content=\"summary_large_image\" \/>\n<meta name=\"twitter:creator\" content=\"@CDMF_comunica\" \/>\n<meta name=\"twitter:site\" content=\"@CDMF_comunica\" \/>\n<meta name=\"twitter:label1\" content=\"Escrito por\" \/>\n\t<meta name=\"twitter:data1\" content=\"LAbI\" \/>\n\t<meta name=\"twitter:label2\" content=\"Tiempo de lectura\" \/>\n\t<meta name=\"twitter:data2\" content=\"6 minutos\" \/>\n<script type=\"application\/ld+json\" class=\"yoast-schema-graph\">{\"@context\":\"https:\/\/schema.org\",\"@graph\":[{\"@type\":\"Article\",\"@id\":\"https:\/\/cdmf.org.br\/es\/una-startup-produce-una-mascara-reutilizable-con-mayor-proteccion-contra-el-sars-cov-2\/#article\",\"isPartOf\":{\"@id\":\"https:\/\/cdmf.org.br\/es\/una-startup-produce-una-mascara-reutilizable-con-mayor-proteccion-contra-el-sars-cov-2\/\"},\"author\":{\"name\":\"LAbI\",\"@id\":\"https:\/\/cdmf.org.br\/es\/#\/schema\/person\/0c86b5758e48bcdd7bf9766739759855\"},\"headline\":\"Una startup produce una m\u00e1scara reutilizable con mayor protecci\u00f3n contra el SARS-CoV-2\",\"datePublished\":\"2021-12-17T14:32:52+00:00\",\"dateModified\":\"2021-12-17T15:07:12+00:00\",\"mainEntityOfPage\":{\"@id\":\"https:\/\/cdmf.org.br\/es\/una-startup-produce-una-mascara-reutilizable-con-mayor-proteccion-contra-el-sars-cov-2\/\"},\"wordCount\":1204,\"publisher\":{\"@id\":\"https:\/\/cdmf.org.br\/es\/#organization\"},\"image\":{\"@id\":\"https:\/\/cdmf.org.br\/es\/una-startup-produce-una-mascara-reutilizable-con-mayor-proteccion-contra-el-sars-cov-2\/#primaryimage\"},\"thumbnailUrl\":\"https:\/\/cdmf.org.br\/es\/wp-content\/uploads\/2021\/12\/oto.png\",\"keywords\":[\"CAPES\",\"CDMF\",\"CEPID\",\"CNPq\",\"COVID\",\"FAPESP\",\"Finep\",\"NANOX\",\"UFSCar\",\"UJI\"],\"articleSection\":[\"Noticias\",\"Slider \u00e9nfasis\"],\"inLanguage\":\"es\"},{\"@type\":\"WebPage\",\"@id\":\"https:\/\/cdmf.org.br\/es\/una-startup-produce-una-mascara-reutilizable-con-mayor-proteccion-contra-el-sars-cov-2\/\",\"url\":\"https:\/\/cdmf.org.br\/es\/una-startup-produce-una-mascara-reutilizable-con-mayor-proteccion-contra-el-sars-cov-2\/\",\"name\":\"Una startup produce una m\u00e1scara reutilizable con mayor protecci\u00f3n contra el SARS-CoV-2 - Centro de Desarrollo de Materiales Funcionales\",\"isPartOf\":{\"@id\":\"https:\/\/cdmf.org.br\/es\/#website\"},\"primaryImageOfPage\":{\"@id\":\"https:\/\/cdmf.org.br\/es\/una-startup-produce-una-mascara-reutilizable-con-mayor-proteccion-contra-el-sars-cov-2\/#primaryimage\"},\"image\":{\"@id\":\"https:\/\/cdmf.org.br\/es\/una-startup-produce-una-mascara-reutilizable-con-mayor-proteccion-contra-el-sars-cov-2\/#primaryimage\"},\"thumbnailUrl\":\"https:\/\/cdmf.org.br\/es\/wp-content\/uploads\/2021\/12\/oto.png\",\"datePublished\":\"2021-12-17T14:32:52+00:00\",\"dateModified\":\"2021-12-17T15:07:12+00:00\",\"breadcrumb\":{\"@id\":\"https:\/\/cdmf.org.br\/es\/una-startup-produce-una-mascara-reutilizable-con-mayor-proteccion-contra-el-sars-cov-2\/#breadcrumb\"},\"inLanguage\":\"es\",\"potentialAction\":[{\"@type\":\"ReadAction\",\"target\":[\"https:\/\/cdmf.org.br\/es\/una-startup-produce-una-mascara-reutilizable-con-mayor-proteccion-contra-el-sars-cov-2\/\"]}]},{\"@type\":\"ImageObject\",\"inLanguage\":\"es\",\"@id\":\"https:\/\/cdmf.org.br\/es\/una-startup-produce-una-mascara-reutilizable-con-mayor-proteccion-contra-el-sars-cov-2\/#primaryimage\",\"url\":\"https:\/\/cdmf.org.br\/es\/wp-content\/uploads\/2021\/12\/oto.png\",\"contentUrl\":\"https:\/\/cdmf.org.br\/es\/wp-content\/uploads\/2021\/12\/oto.png\",\"width\":678,\"height\":381},{\"@type\":\"BreadcrumbList\",\"@id\":\"https:\/\/cdmf.org.br\/es\/una-startup-produce-una-mascara-reutilizable-con-mayor-proteccion-contra-el-sars-cov-2\/#breadcrumb\",\"itemListElement\":[{\"@type\":\"ListItem\",\"position\":1,\"name\":\"Portada\",\"item\":\"https:\/\/cdmf.org.br\/es\/\"},{\"@type\":\"ListItem\",\"position\":2,\"name\":\"Una startup produce una m\u00e1scara reutilizable con mayor protecci\u00f3n contra el SARS-CoV-2\"}]},{\"@type\":\"WebSite\",\"@id\":\"https:\/\/cdmf.org.br\/es\/#website\",\"url\":\"https:\/\/cdmf.org.br\/es\/\",\"name\":\"Centro de Desarrollo de Materiales Funcionales\",\"description\":\"Producci\u00f3n de materiales funcionales y nanoestructurados para satisfacer las nuevas necesidades de la sociedad\",\"publisher\":{\"@id\":\"https:\/\/cdmf.org.br\/es\/#organization\"},\"potentialAction\":[{\"@type\":\"SearchAction\",\"target\":{\"@type\":\"EntryPoint\",\"urlTemplate\":\"https:\/\/cdmf.org.br\/es\/?s={search_term_string}\"},\"query-input\":{\"@type\":\"PropertyValueSpecification\",\"valueRequired\":true,\"valueName\":\"search_term_string\"}}],\"inLanguage\":\"es\"},{\"@type\":\"Organization\",\"@id\":\"https:\/\/cdmf.org.br\/es\/#organization\",\"name\":\"CENTRO DE DESARROLLO DE MATERIALES FUNCIONALES\",\"url\":\"https:\/\/cdmf.org.br\/es\/\",\"logo\":{\"@type\":\"ImageObject\",\"inLanguage\":\"es\",\"@id\":\"https:\/\/cdmf.org.br\/es\/#\/schema\/logo\/image\/\",\"url\":\"https:\/\/cdmf.org.br\/es\/wp-content\/uploads\/2021\/12\/logo-cdmf-labi-ufscar-site-es.png\",\"contentUrl\":\"https:\/\/cdmf.org.br\/es\/wp-content\/uploads\/2021\/12\/logo-cdmf-labi-ufscar-site-es.png\",\"width\":279,\"height\":92,\"caption\":\"CENTRO DE DESARROLLO DE MATERIALES FUNCIONALES\"},\"image\":{\"@id\":\"https:\/\/cdmf.org.br\/es\/#\/schema\/logo\/image\/\"},\"sameAs\":[\"https:\/\/www.facebook.com\/CDMFCEPID\/\",\"https:\/\/x.com\/CDMF_comunica\",\"https:\/\/www.instagram.com\/cdmf_fapesp\/\",\"https:\/\/www.linkedin.com\/company\/33200618\/admin\/\",\"https:\/\/www.youtube.com\/playlist?list=UU3F0dJH6jQgFUC66RLxfetg\"]},{\"@type\":\"Person\",\"@id\":\"https:\/\/cdmf.org.br\/es\/#\/schema\/person\/0c86b5758e48bcdd7bf9766739759855\",\"name\":\"LAbI\",\"image\":{\"@type\":\"ImageObject\",\"inLanguage\":\"es\",\"@id\":\"https:\/\/secure.gravatar.com\/avatar\/12a7eca69d80041ba1ec4d8a982f14f38d7ebc5ec1d6e844decf3c74fc0f27bb?s=96&d=mm&r=g\",\"url\":\"https:\/\/secure.gravatar.com\/avatar\/12a7eca69d80041ba1ec4d8a982f14f38d7ebc5ec1d6e844decf3c74fc0f27bb?s=96&d=mm&r=g\",\"contentUrl\":\"https:\/\/secure.gravatar.com\/avatar\/12a7eca69d80041ba1ec4d8a982f14f38d7ebc5ec1d6e844decf3c74fc0f27bb?s=96&d=mm&r=g\",\"caption\":\"LAbI\"},\"sameAs\":[\"https:\/\/cdmf.org.br\/es\"],\"url\":\"https:\/\/cdmf.org.br\/es\/author\/labi\/\"}]}<\/script>\n<!-- \/ Yoast SEO plugin. -->","yoast_head_json":{"title":"Una startup produce una m\u00e1scara reutilizable con mayor protecci\u00f3n contra el SARS-CoV-2 - Centro de Desarrollo de Materiales Funcionales","robots":{"index":"index","follow":"follow","max-snippet":"max-snippet:-1","max-image-preview":"max-image-preview:large","max-video-preview":"max-video-preview:-1"},"canonical":"https:\/\/cdmf.org.br\/es\/una-startup-produce-una-mascara-reutilizable-con-mayor-proteccion-contra-el-sars-cov-2\/","og_locale":"es_ES","og_type":"article","og_title":"Una startup produce una m\u00e1scara reutilizable con mayor protecci\u00f3n contra el SARS-CoV-2 - Centro de Desarrollo de Materiales Funcionales","og_description":"Por Elton Alisson&nbsp; |&nbsp; Ag\u00eancia FAPESP&nbsp;\u2013&nbsp;La&nbsp;startup&nbsp;Nanox, con sede en la ciudad de S\u00e3o Carlos (estado de S\u00e3o Paulo, Brasil), desarroll\u00f3 en colaboraci\u00f3n con la industria de pl\u00e1sticos&nbsp;Elka&nbsp;una m\u00e1scara reutilizable que promete brindar un mayor nivel [...]","og_url":"https:\/\/cdmf.org.br\/es\/una-startup-produce-una-mascara-reutilizable-con-mayor-proteccion-contra-el-sars-cov-2\/","og_site_name":"Centro de Desarrollo de Materiales Funcionales","article_publisher":"https:\/\/www.facebook.com\/CDMFCEPID\/","article_published_time":"2021-12-17T14:32:52+00:00","article_modified_time":"2021-12-17T15:07:12+00:00","og_image":[{"width":678,"height":381,"url":"https:\/\/cdmf.org.br\/es\/wp-content\/uploads\/2021\/12\/oto.png","type":"image\/png"}],"author":"LAbI","twitter_card":"summary_large_image","twitter_creator":"@CDMF_comunica","twitter_site":"@CDMF_comunica","twitter_misc":{"Escrito por":"LAbI","Tiempo de lectura":"6 minutos"},"schema":{"@context":"https:\/\/schema.org","@graph":[{"@type":"Article","@id":"https:\/\/cdmf.org.br\/es\/una-startup-produce-una-mascara-reutilizable-con-mayor-proteccion-contra-el-sars-cov-2\/#article","isPartOf":{"@id":"https:\/\/cdmf.org.br\/es\/una-startup-produce-una-mascara-reutilizable-con-mayor-proteccion-contra-el-sars-cov-2\/"},"author":{"name":"LAbI","@id":"https:\/\/cdmf.org.br\/es\/#\/schema\/person\/0c86b5758e48bcdd7bf9766739759855"},"headline":"Una startup produce una m\u00e1scara reutilizable con mayor protecci\u00f3n contra el SARS-CoV-2","datePublished":"2021-12-17T14:32:52+00:00","dateModified":"2021-12-17T15:07:12+00:00","mainEntityOfPage":{"@id":"https:\/\/cdmf.org.br\/es\/una-startup-produce-una-mascara-reutilizable-con-mayor-proteccion-contra-el-sars-cov-2\/"},"wordCount":1204,"publisher":{"@id":"https:\/\/cdmf.org.br\/es\/#organization"},"image":{"@id":"https:\/\/cdmf.org.br\/es\/una-startup-produce-una-mascara-reutilizable-con-mayor-proteccion-contra-el-sars-cov-2\/#primaryimage"},"thumbnailUrl":"https:\/\/cdmf.org.br\/es\/wp-content\/uploads\/2021\/12\/oto.png","keywords":["CAPES","CDMF","CEPID","CNPq","COVID","FAPESP","Finep","NANOX","UFSCar","UJI"],"articleSection":["Noticias","Slider \u00e9nfasis"],"inLanguage":"es"},{"@type":"WebPage","@id":"https:\/\/cdmf.org.br\/es\/una-startup-produce-una-mascara-reutilizable-con-mayor-proteccion-contra-el-sars-cov-2\/","url":"https:\/\/cdmf.org.br\/es\/una-startup-produce-una-mascara-reutilizable-con-mayor-proteccion-contra-el-sars-cov-2\/","name":"Una startup produce una m\u00e1scara reutilizable con mayor protecci\u00f3n contra el SARS-CoV-2 - Centro de Desarrollo de Materiales Funcionales","isPartOf":{"@id":"https:\/\/cdmf.org.br\/es\/#website"},"primaryImageOfPage":{"@id":"https:\/\/cdmf.org.br\/es\/una-startup-produce-una-mascara-reutilizable-con-mayor-proteccion-contra-el-sars-cov-2\/#primaryimage"},"image":{"@id":"https:\/\/cdmf.org.br\/es\/una-startup-produce-una-mascara-reutilizable-con-mayor-proteccion-contra-el-sars-cov-2\/#primaryimage"},"thumbnailUrl":"https:\/\/cdmf.org.br\/es\/wp-content\/uploads\/2021\/12\/oto.png","datePublished":"2021-12-17T14:32:52+00:00","dateModified":"2021-12-17T15:07:12+00:00","breadcrumb":{"@id":"https:\/\/cdmf.org.br\/es\/una-startup-produce-una-mascara-reutilizable-con-mayor-proteccion-contra-el-sars-cov-2\/#breadcrumb"},"inLanguage":"es","potentialAction":[{"@type":"ReadAction","target":["https:\/\/cdmf.org.br\/es\/una-startup-produce-una-mascara-reutilizable-con-mayor-proteccion-contra-el-sars-cov-2\/"]}]},{"@type":"ImageObject","inLanguage":"es","@id":"https:\/\/cdmf.org.br\/es\/una-startup-produce-una-mascara-reutilizable-con-mayor-proteccion-contra-el-sars-cov-2\/#primaryimage","url":"https:\/\/cdmf.org.br\/es\/wp-content\/uploads\/2021\/12\/oto.png","contentUrl":"https:\/\/cdmf.org.br\/es\/wp-content\/uploads\/2021\/12\/oto.png","width":678,"height":381},{"@type":"BreadcrumbList","@id":"https:\/\/cdmf.org.br\/es\/una-startup-produce-una-mascara-reutilizable-con-mayor-proteccion-contra-el-sars-cov-2\/#breadcrumb","itemListElement":[{"@type":"ListItem","position":1,"name":"Portada","item":"https:\/\/cdmf.org.br\/es\/"},{"@type":"ListItem","position":2,"name":"Una startup produce una m\u00e1scara reutilizable con mayor protecci\u00f3n contra el SARS-CoV-2"}]},{"@type":"WebSite","@id":"https:\/\/cdmf.org.br\/es\/#website","url":"https:\/\/cdmf.org.br\/es\/","name":"Centro de Desarrollo de Materiales Funcionales","description":"Producci\u00f3n de materiales funcionales y nanoestructurados para satisfacer las nuevas necesidades de la sociedad","publisher":{"@id":"https:\/\/cdmf.org.br\/es\/#organization"},"potentialAction":[{"@type":"SearchAction","target":{"@type":"EntryPoint","urlTemplate":"https:\/\/cdmf.org.br\/es\/?s={search_term_string}"},"query-input":{"@type":"PropertyValueSpecification","valueRequired":true,"valueName":"search_term_string"}}],"inLanguage":"es"},{"@type":"Organization","@id":"https:\/\/cdmf.org.br\/es\/#organization","name":"CENTRO DE DESARROLLO DE MATERIALES FUNCIONALES","url":"https:\/\/cdmf.org.br\/es\/","logo":{"@type":"ImageObject","inLanguage":"es","@id":"https:\/\/cdmf.org.br\/es\/#\/schema\/logo\/image\/","url":"https:\/\/cdmf.org.br\/es\/wp-content\/uploads\/2021\/12\/logo-cdmf-labi-ufscar-site-es.png","contentUrl":"https:\/\/cdmf.org.br\/es\/wp-content\/uploads\/2021\/12\/logo-cdmf-labi-ufscar-site-es.png","width":279,"height":92,"caption":"CENTRO DE DESARROLLO DE MATERIALES FUNCIONALES"},"image":{"@id":"https:\/\/cdmf.org.br\/es\/#\/schema\/logo\/image\/"},"sameAs":["https:\/\/www.facebook.com\/CDMFCEPID\/","https:\/\/x.com\/CDMF_comunica","https:\/\/www.instagram.com\/cdmf_fapesp\/","https:\/\/www.linkedin.com\/company\/33200618\/admin\/","https:\/\/www.youtube.com\/playlist?list=UU3F0dJH6jQgFUC66RLxfetg"]},{"@type":"Person","@id":"https:\/\/cdmf.org.br\/es\/#\/schema\/person\/0c86b5758e48bcdd7bf9766739759855","name":"LAbI","image":{"@type":"ImageObject","inLanguage":"es","@id":"https:\/\/secure.gravatar.com\/avatar\/12a7eca69d80041ba1ec4d8a982f14f38d7ebc5ec1d6e844decf3c74fc0f27bb?s=96&d=mm&r=g","url":"https:\/\/secure.gravatar.com\/avatar\/12a7eca69d80041ba1ec4d8a982f14f38d7ebc5ec1d6e844decf3c74fc0f27bb?s=96&d=mm&r=g","contentUrl":"https:\/\/secure.gravatar.com\/avatar\/12a7eca69d80041ba1ec4d8a982f14f38d7ebc5ec1d6e844decf3c74fc0f27bb?s=96&d=mm&r=g","caption":"LAbI"},"sameAs":["https:\/\/cdmf.org.br\/es"],"url":"https:\/\/cdmf.org.br\/es\/author\/labi\/"}]}},"_links":{"self":[{"href":"https:\/\/cdmf.org.br\/es\/wp-json\/wp\/v2\/posts\/106","targetHints":{"allow":["GET"]}}],"collection":[{"href":"https:\/\/cdmf.org.br\/es\/wp-json\/wp\/v2\/posts"}],"about":[{"href":"https:\/\/cdmf.org.br\/es\/wp-json\/wp\/v2\/types\/post"}],"author":[{"embeddable":true,"href":"https:\/\/cdmf.org.br\/es\/wp-json\/wp\/v2\/users\/1"}],"replies":[{"embeddable":true,"href":"https:\/\/cdmf.org.br\/es\/wp-json\/wp\/v2\/comments?post=106"}],"version-history":[{"count":1,"href":"https:\/\/cdmf.org.br\/es\/wp-json\/wp\/v2\/posts\/106\/revisions"}],"predecessor-version":[{"id":108,"href":"https:\/\/cdmf.org.br\/es\/wp-json\/wp\/v2\/posts\/106\/revisions\/108"}],"wp:featuredmedia":[{"embeddable":true,"href":"https:\/\/cdmf.org.br\/es\/wp-json\/wp\/v2\/media\/107"}],"wp:attachment":[{"href":"https:\/\/cdmf.org.br\/es\/wp-json\/wp\/v2\/media?parent=106"}],"wp:term":[{"taxonomy":"category","embeddable":true,"href":"https:\/\/cdmf.org.br\/es\/wp-json\/wp\/v2\/categories?post=106"},{"taxonomy":"post_tag","embeddable":true,"href":"https:\/\/cdmf.org.br\/es\/wp-json\/wp\/v2\/tags?post=106"}],"curies":[{"name":"wp","href":"https:\/\/api.w.org\/{rel}","templated":true}]}}