{"id":115,"date":"2021-12-17T14:48:46","date_gmt":"2021-12-17T14:48:46","guid":{"rendered":"https:\/\/cdmf.org.br\/es\/?p=115"},"modified":"2021-12-17T14:48:48","modified_gmt":"2021-12-17T14:48:48","slug":"nuevos-materiales-fotocataliticos-y-biocidas-para-la-eliminacion-de-farmacos-en-aguas-residuales","status":"publish","type":"post","link":"https:\/\/cdmf.org.br\/es\/nuevos-materiales-fotocataliticos-y-biocidas-para-la-eliminacion-de-farmacos-en-aguas-residuales\/","title":{"rendered":"Nuevos materiales fotocatal\u00edticos y biocidas para la eliminaci\u00f3n de f\u00e1rmacos en aguas residuales"},"content":{"rendered":"\n<p>El Laboratorio de Qu\u00edmica Te\u00f3rica y Computacional (QTC) de la Universitat Jaume I de Castell\u00f3 (UJI) en colaboraci\u00f3n con el Centro de Desarrollo&nbsp;de Materiales&nbsp;Funcionales&nbsp;(<strong><a href=\"http:\/\/cdmf.org.br\/\" target=\"_blank\" rel=\"noreferrer noopener\">CDMF<\/a><\/strong>) de la Universidad&nbsp;Federal de S\u00e3o Carlos (<strong><a href=\"https:\/\/www2.ufscar.br\/\" target=\"_blank\" rel=\"noreferrer noopener\">UFSCar<\/a><\/strong>) han publicado un art\u00edculo titulado&nbsp;<a href=\"https:\/\/pubs.acs.org\/doi\/10.1021\/acs.inorgchem.0c03186\" target=\"_blank\" rel=\"noreferrer noopener\"><strong><em>Selective Synthesis of \u03b1-, \u03b2-, and \u03b3-Ag2WO4 Polymorphs: Promising Platforms for Photocatalytic and Antibacterial Materials<\/em><\/strong><\/a>&nbsp;en la revista cient\u00edfica&nbsp;<strong><a href=\"https:\/\/pubs.acs.org\/journal\/inocaj\" target=\"_blank\" rel=\"noreferrer noopener\"><em>Inorganic Chemistry<\/em><\/a><\/strong>, que presenta nuevos materiales fotocal\u00edticos y biocidas para la eliminaci\u00f3n de f\u00e1rmacos en aguas residuales.<\/p>\n\n\n\n<p>El estudio presenta un procedimiento, por un m\u00e9todo simple a temperatura ambiente sin utilizar surfactantes, que permite la s\u00edntesis selectiva de polimorfos del wolframato de plata (Ag<sub>2<\/sub>WO<sub>4<\/sub>), conocidos como \u03b1-, \u03b2-, y \u03b3; estas dos ventajas facilitan la producci\u00f3n de estos materiales a escala industrial. Adem\u00e1s, la investigaci\u00f3n discute los posibles mecanismos de actividad fotocatal\u00edtica y antibacteriana de los polimorfos, as\u00ed como los procesos de formaci\u00f3n y crecimiento.<\/p>\n\n\n\n<p>Inicialmente, los polimorfos del wolframato de plata (fases \u03b1, \u03b2, y \u03b3) se sintetizaron de forma selectiva por precipitaci\u00f3n controlando las relaciones volum\u00e9tricas de los dos precursores en disoluci\u00f3n: nitrato de plata y wolframato de sodio. Una vez superadas estas fases, se investigaron las propiedades estructurales, microestructurales&nbsp;y electr\u00f3nicas del material usando una combinaci\u00f3n de diversas t\u00e9cnicas experimentales.<\/p>\n\n\n\n<p>A continuaci\u00f3n, sobre radiaci\u00f3n de luz ultravioleta, se analizaron las relaciones estructura-actividad entre la morfolog\u00eda y las actividades fotocatal\u00edticas, con especial \u00e9nfasis en la degradaci\u00f3n del f\u00e1rmaco&nbsp;<em>amiloride<\/em>, un diur\u00e9tico que impide que el cuerpo absorba demasiada sal y ayuda a mantener los niveles de potasio, y propiedades antibacterianas para la eliminaci\u00f3n del&nbsp;<em>Staphylococcus aureus<\/em>&nbsp;(resistente a la penicilina).<\/p>\n\n\n\n<p>En la investigaci\u00f3n se utilizaron diversos m\u00e9todos de an\u00e1lisis y caracterizaci\u00f3n, como difracci\u00f3n de rayos X y refinamientos de Rietveld, espectroscop\u00eda de absorci\u00f3n de rayos X, microscop\u00eda electr\u00f3nica de barrido por emisi\u00f3n de campo e im\u00e1genes de fotoluminiscencia, entre otros. Tambi\u00e9n se realizaron c\u00e1lculos de primeros principios a nivel de la teor\u00eda del funcional de la densidad.<\/p>\n\n\n\n<p>El equipo investigador llevar\u00e1 a cabo estudios te\u00f3ricos y computacionales para complementar y racionalizar los resultados experimentales, que han permitido comprender de una forma detallada, en el nivel at\u00f3mico, la morfolog\u00eda y las superficies externas de los polimorfos de wolframato de plata, que son los responsables de las actividades fotocatal\u00edticas y antibacterianas.<\/p>\n\n\n\n<p>Los resultados indican que incluso el \u03b1-Ag<sub>2<\/sub>WO<sub>4<\/sub>, siendo la fase m\u00e1s estable y la que m\u00e1s se ha explorado en varias aplicaciones, fue la fase \u03b2-Ag<sub>2<\/sub>WO<sub>4<\/sub>&nbsp;la que present\u00f3 los mejores resultados para las aplicaciones exploradas. \u00abA partir de ahora queremos investigar otros comportamientos y aplicaciones de las fases \u03b2- y \u03b3-Ag<sub>2<\/sub>WO<sub>4<\/sub>, las menos estables y, por tanto, las que menos se han estudiado hasta ahora\u00bb, se\u00f1ala el profesor Juan Andr\u00e9s, director del Laboratorio de QTC de la UJI e investigador principal de este trabajo.<\/p>\n\n\n\n<p>Desde hace m\u00e1s de treinta a\u00f1os, la colaboraci\u00f3n entre el Laboratorio de QTC de la UJI y el CDMF ha permitido obtener nuevos materiales y tecnolog\u00edas, publicando m\u00e1s de 80 art\u00edculos sobre semiconductores en las revistas m\u00e1s prestigiosas de qu\u00edmica, f\u00edsica, ciencia de materiales y nanotecnolog\u00eda.<\/p>\n\n\n\n<p>______________________________________________________________________________________________________________<\/p>\n\n\n\n<p><strong>CDMF<\/strong><\/p>\n\n\n\n<p>El CDMF es uno de los Centros de Investigaci\u00f3n, Innovaci\u00f3n y Difusi\u00f3n (<a rel=\"noreferrer noopener\" href=\"https:\/\/cepid.fapesp.br\/home\/\" target=\"_blank\">Cepids<\/a>) apoyados por la Fundaci\u00f3n de Apoyo a la Investigaci\u00f3n del Estado de S\u00e3o Paulo (<a rel=\"noreferrer noopener\" href=\"https:\/\/fapesp.br\/\" target=\"_blank\">Fapesp<\/a>), y tambi\u00e9n recibe inversi\u00f3n del Consejo Nacional de Desarrollo Cient\u00edfico y Tecnol\u00f3gico (<a rel=\"noreferrer noopener\" href=\"https:\/\/www.gov.br\/cnpq\" target=\"_blank\">CNPq<\/a>), del Instituto Nacional de Materiales. Ciencia y Tecnolog\u00eda en Nanotecnolog\u00eda (INCTMN). Trabaja en colaboraci\u00f3n con varios laboratorios del mundo en los que se agrupan el INTEMA, de Argentina, y la Universidad Jaume I, de Espa\u00f1a.<\/p>\n\n\n\n<p>Publicado originalmente en\u00a0<a href=\"https:\/\/ruvid.org\/\" target=\"_blank\" rel=\"noreferrer noopener\">RUVID<\/a><\/p>\n","protected":false},"excerpt":{"rendered":"<div class=\"mh-excerpt\"><p>El Laboratorio de Qu\u00edmica Te\u00f3rica y Computacional (QTC) de la Universitat Jaume I de Castell\u00f3 (UJI) en colaboraci\u00f3n con el Centro de Desarrollo&nbsp;de Materiales&nbsp;Funcionales&nbsp;(CDMF) de la Universidad&nbsp;Federal de S\u00e3o Carlos (UFSCar) han publicado un art\u00edculo <a class=\"mh-excerpt-more\" href=\"https:\/\/cdmf.org.br\/es\/nuevos-materiales-fotocataliticos-y-biocidas-para-la-eliminacion-de-farmacos-en-aguas-residuales\/\" title=\"Nuevos materiales fotocatal\u00edticos y biocidas para la eliminaci\u00f3n de f\u00e1rmacos en aguas residuales\">[&#8230;]<\/a><\/p>\n<\/div>","protected":false},"author":1,"featured_media":116,"comment_status":"closed","ping_status":"open","sticky":false,"template":"","format":"standard","meta":{"_monsterinsights_skip_tracking":false,"_monsterinsights_sitenote_active":false,"_monsterinsights_sitenote_note":"","_monsterinsights_sitenote_category":0,"footnotes":""},"categories":[4],"tags":[17,13,14,16,15,20,18,21],"class_list":{"0":"post-115","1":"post","2":"type-post","3":"status-publish","4":"format-standard","5":"has-post-thumbnail","7":"category-noticias","8":"tag-capes","9":"tag-cdmf","10":"tag-cepid","11":"tag-cnpq","12":"tag-fapesp","13":"tag-finep","14":"tag-ufscar","15":"tag-uji"},"yoast_head":"<!-- This site is optimized with the Yoast SEO plugin v27.2 - https:\/\/yoast.com\/product\/yoast-seo-wordpress\/ -->\n<title>Nuevos materiales fotocatal\u00edticos y biocidas para la eliminaci\u00f3n de f\u00e1rmacos en aguas residuales - Centro de Desarrollo de Materiales Funcionales<\/title>\n<meta name=\"robots\" content=\"index, follow, max-snippet:-1, max-image-preview:large, max-video-preview:-1\" \/>\n<link rel=\"canonical\" href=\"https:\/\/cdmf.org.br\/es\/nuevos-materiales-fotocataliticos-y-biocidas-para-la-eliminacion-de-farmacos-en-aguas-residuales\/\" \/>\n<meta property=\"og:locale\" content=\"es_ES\" \/>\n<meta property=\"og:type\" content=\"article\" \/>\n<meta property=\"og:title\" content=\"Nuevos materiales fotocatal\u00edticos y biocidas para la eliminaci\u00f3n de f\u00e1rmacos en aguas residuales - Centro de Desarrollo de Materiales Funcionales\" \/>\n<meta property=\"og:description\" content=\"El Laboratorio de Qu\u00edmica Te\u00f3rica y Computacional (QTC) de la Universitat Jaume I de Castell\u00f3 (UJI) en colaboraci\u00f3n con el Centro de Desarrollo&nbsp;de Materiales&nbsp;Funcionales&nbsp;(CDMF) de la Universidad&nbsp;Federal de S\u00e3o Carlos (UFSCar) han publicado un art\u00edculo [...]\" \/>\n<meta property=\"og:url\" content=\"https:\/\/cdmf.org.br\/es\/nuevos-materiales-fotocataliticos-y-biocidas-para-la-eliminacion-de-farmacos-en-aguas-residuales\/\" \/>\n<meta property=\"og:site_name\" content=\"Centro de Desarrollo de Materiales Funcionales\" \/>\n<meta property=\"article:publisher\" content=\"https:\/\/www.facebook.com\/CDMFCEPID\/\" \/>\n<meta property=\"article:published_time\" content=\"2021-12-17T14:48:46+00:00\" \/>\n<meta property=\"article:modified_time\" content=\"2021-12-17T14:48:48+00:00\" \/>\n<meta property=\"og:image\" content=\"https:\/\/cdmf.org.br\/es\/wp-content\/uploads\/2021\/12\/nuevos.gif\" \/>\n\t<meta property=\"og:image:width\" content=\"500\" \/>\n\t<meta property=\"og:image:height\" content=\"254\" \/>\n\t<meta property=\"og:image:type\" content=\"image\/gif\" \/>\n<meta name=\"author\" content=\"LAbI\" \/>\n<meta name=\"twitter:card\" content=\"summary_large_image\" \/>\n<meta name=\"twitter:creator\" content=\"@CDMF_comunica\" \/>\n<meta name=\"twitter:site\" content=\"@CDMF_comunica\" \/>\n<meta name=\"twitter:label1\" content=\"Escrito por\" \/>\n\t<meta name=\"twitter:data1\" content=\"LAbI\" \/>\n\t<meta name=\"twitter:label2\" content=\"Tiempo de lectura\" \/>\n\t<meta name=\"twitter:data2\" content=\"3 minutos\" \/>\n<script type=\"application\/ld+json\" class=\"yoast-schema-graph\">{\"@context\":\"https:\/\/schema.org\",\"@graph\":[{\"@type\":\"Article\",\"@id\":\"https:\/\/cdmf.org.br\/es\/nuevos-materiales-fotocataliticos-y-biocidas-para-la-eliminacion-de-farmacos-en-aguas-residuales\/#article\",\"isPartOf\":{\"@id\":\"https:\/\/cdmf.org.br\/es\/nuevos-materiales-fotocataliticos-y-biocidas-para-la-eliminacion-de-farmacos-en-aguas-residuales\/\"},\"author\":{\"name\":\"LAbI\",\"@id\":\"https:\/\/cdmf.org.br\/es\/#\/schema\/person\/0c86b5758e48bcdd7bf9766739759855\"},\"headline\":\"Nuevos materiales fotocatal\u00edticos y biocidas para la eliminaci\u00f3n de f\u00e1rmacos en aguas residuales\",\"datePublished\":\"2021-12-17T14:48:46+00:00\",\"dateModified\":\"2021-12-17T14:48:48+00:00\",\"mainEntityOfPage\":{\"@id\":\"https:\/\/cdmf.org.br\/es\/nuevos-materiales-fotocataliticos-y-biocidas-para-la-eliminacion-de-farmacos-en-aguas-residuales\/\"},\"wordCount\":686,\"publisher\":{\"@id\":\"https:\/\/cdmf.org.br\/es\/#organization\"},\"image\":{\"@id\":\"https:\/\/cdmf.org.br\/es\/nuevos-materiales-fotocataliticos-y-biocidas-para-la-eliminacion-de-farmacos-en-aguas-residuales\/#primaryimage\"},\"thumbnailUrl\":\"https:\/\/cdmf.org.br\/es\/wp-content\/uploads\/2021\/12\/nuevos.gif\",\"keywords\":[\"CAPES\",\"CDMF\",\"CEPID\",\"CNPq\",\"FAPESP\",\"Finep\",\"UFSCar\",\"UJI\"],\"articleSection\":[\"Noticias\"],\"inLanguage\":\"es\"},{\"@type\":\"WebPage\",\"@id\":\"https:\/\/cdmf.org.br\/es\/nuevos-materiales-fotocataliticos-y-biocidas-para-la-eliminacion-de-farmacos-en-aguas-residuales\/\",\"url\":\"https:\/\/cdmf.org.br\/es\/nuevos-materiales-fotocataliticos-y-biocidas-para-la-eliminacion-de-farmacos-en-aguas-residuales\/\",\"name\":\"Nuevos materiales fotocatal\u00edticos y biocidas para la eliminaci\u00f3n de f\u00e1rmacos en aguas residuales - Centro de Desarrollo de Materiales Funcionales\",\"isPartOf\":{\"@id\":\"https:\/\/cdmf.org.br\/es\/#website\"},\"primaryImageOfPage\":{\"@id\":\"https:\/\/cdmf.org.br\/es\/nuevos-materiales-fotocataliticos-y-biocidas-para-la-eliminacion-de-farmacos-en-aguas-residuales\/#primaryimage\"},\"image\":{\"@id\":\"https:\/\/cdmf.org.br\/es\/nuevos-materiales-fotocataliticos-y-biocidas-para-la-eliminacion-de-farmacos-en-aguas-residuales\/#primaryimage\"},\"thumbnailUrl\":\"https:\/\/cdmf.org.br\/es\/wp-content\/uploads\/2021\/12\/nuevos.gif\",\"datePublished\":\"2021-12-17T14:48:46+00:00\",\"dateModified\":\"2021-12-17T14:48:48+00:00\",\"breadcrumb\":{\"@id\":\"https:\/\/cdmf.org.br\/es\/nuevos-materiales-fotocataliticos-y-biocidas-para-la-eliminacion-de-farmacos-en-aguas-residuales\/#breadcrumb\"},\"inLanguage\":\"es\",\"potentialAction\":[{\"@type\":\"ReadAction\",\"target\":[\"https:\/\/cdmf.org.br\/es\/nuevos-materiales-fotocataliticos-y-biocidas-para-la-eliminacion-de-farmacos-en-aguas-residuales\/\"]}]},{\"@type\":\"ImageObject\",\"inLanguage\":\"es\",\"@id\":\"https:\/\/cdmf.org.br\/es\/nuevos-materiales-fotocataliticos-y-biocidas-para-la-eliminacion-de-farmacos-en-aguas-residuales\/#primaryimage\",\"url\":\"https:\/\/cdmf.org.br\/es\/wp-content\/uploads\/2021\/12\/nuevos.gif\",\"contentUrl\":\"https:\/\/cdmf.org.br\/es\/wp-content\/uploads\/2021\/12\/nuevos.gif\",\"width\":500,\"height\":254},{\"@type\":\"BreadcrumbList\",\"@id\":\"https:\/\/cdmf.org.br\/es\/nuevos-materiales-fotocataliticos-y-biocidas-para-la-eliminacion-de-farmacos-en-aguas-residuales\/#breadcrumb\",\"itemListElement\":[{\"@type\":\"ListItem\",\"position\":1,\"name\":\"Portada\",\"item\":\"https:\/\/cdmf.org.br\/es\/\"},{\"@type\":\"ListItem\",\"position\":2,\"name\":\"Nuevos materiales fotocatal\u00edticos y biocidas para la eliminaci\u00f3n de f\u00e1rmacos en aguas residuales\"}]},{\"@type\":\"WebSite\",\"@id\":\"https:\/\/cdmf.org.br\/es\/#website\",\"url\":\"https:\/\/cdmf.org.br\/es\/\",\"name\":\"Centro de Desarrollo de Materiales Funcionales\",\"description\":\"Producci\u00f3n de materiales funcionales y nanoestructurados para satisfacer las nuevas necesidades de la sociedad\",\"publisher\":{\"@id\":\"https:\/\/cdmf.org.br\/es\/#organization\"},\"potentialAction\":[{\"@type\":\"SearchAction\",\"target\":{\"@type\":\"EntryPoint\",\"urlTemplate\":\"https:\/\/cdmf.org.br\/es\/?s={search_term_string}\"},\"query-input\":{\"@type\":\"PropertyValueSpecification\",\"valueRequired\":true,\"valueName\":\"search_term_string\"}}],\"inLanguage\":\"es\"},{\"@type\":\"Organization\",\"@id\":\"https:\/\/cdmf.org.br\/es\/#organization\",\"name\":\"CENTRO DE DESARROLLO DE MATERIALES FUNCIONALES\",\"url\":\"https:\/\/cdmf.org.br\/es\/\",\"logo\":{\"@type\":\"ImageObject\",\"inLanguage\":\"es\",\"@id\":\"https:\/\/cdmf.org.br\/es\/#\/schema\/logo\/image\/\",\"url\":\"https:\/\/cdmf.org.br\/es\/wp-content\/uploads\/2021\/12\/logo-cdmf-labi-ufscar-site-es.png\",\"contentUrl\":\"https:\/\/cdmf.org.br\/es\/wp-content\/uploads\/2021\/12\/logo-cdmf-labi-ufscar-site-es.png\",\"width\":279,\"height\":92,\"caption\":\"CENTRO DE DESARROLLO DE MATERIALES FUNCIONALES\"},\"image\":{\"@id\":\"https:\/\/cdmf.org.br\/es\/#\/schema\/logo\/image\/\"},\"sameAs\":[\"https:\/\/www.facebook.com\/CDMFCEPID\/\",\"https:\/\/x.com\/CDMF_comunica\",\"https:\/\/www.instagram.com\/cdmf_fapesp\/\",\"https:\/\/www.linkedin.com\/company\/33200618\/admin\/\",\"https:\/\/www.youtube.com\/playlist?list=UU3F0dJH6jQgFUC66RLxfetg\"]},{\"@type\":\"Person\",\"@id\":\"https:\/\/cdmf.org.br\/es\/#\/schema\/person\/0c86b5758e48bcdd7bf9766739759855\",\"name\":\"LAbI\",\"image\":{\"@type\":\"ImageObject\",\"inLanguage\":\"es\",\"@id\":\"https:\/\/secure.gravatar.com\/avatar\/12a7eca69d80041ba1ec4d8a982f14f38d7ebc5ec1d6e844decf3c74fc0f27bb?s=96&d=mm&r=g\",\"url\":\"https:\/\/secure.gravatar.com\/avatar\/12a7eca69d80041ba1ec4d8a982f14f38d7ebc5ec1d6e844decf3c74fc0f27bb?s=96&d=mm&r=g\",\"contentUrl\":\"https:\/\/secure.gravatar.com\/avatar\/12a7eca69d80041ba1ec4d8a982f14f38d7ebc5ec1d6e844decf3c74fc0f27bb?s=96&d=mm&r=g\",\"caption\":\"LAbI\"},\"sameAs\":[\"https:\/\/cdmf.org.br\/es\"],\"url\":\"https:\/\/cdmf.org.br\/es\/author\/labi\/\"}]}<\/script>\n<!-- \/ Yoast SEO plugin. -->","yoast_head_json":{"title":"Nuevos materiales fotocatal\u00edticos y biocidas para la eliminaci\u00f3n de f\u00e1rmacos en aguas residuales - Centro de Desarrollo de Materiales Funcionales","robots":{"index":"index","follow":"follow","max-snippet":"max-snippet:-1","max-image-preview":"max-image-preview:large","max-video-preview":"max-video-preview:-1"},"canonical":"https:\/\/cdmf.org.br\/es\/nuevos-materiales-fotocataliticos-y-biocidas-para-la-eliminacion-de-farmacos-en-aguas-residuales\/","og_locale":"es_ES","og_type":"article","og_title":"Nuevos materiales fotocatal\u00edticos y biocidas para la eliminaci\u00f3n de f\u00e1rmacos en aguas residuales - Centro de Desarrollo de Materiales Funcionales","og_description":"El Laboratorio de Qu\u00edmica Te\u00f3rica y Computacional (QTC) de la Universitat Jaume I de Castell\u00f3 (UJI) en colaboraci\u00f3n con el Centro de Desarrollo&nbsp;de Materiales&nbsp;Funcionales&nbsp;(CDMF) de la Universidad&nbsp;Federal de S\u00e3o Carlos (UFSCar) han publicado un art\u00edculo [...]","og_url":"https:\/\/cdmf.org.br\/es\/nuevos-materiales-fotocataliticos-y-biocidas-para-la-eliminacion-de-farmacos-en-aguas-residuales\/","og_site_name":"Centro de Desarrollo de Materiales Funcionales","article_publisher":"https:\/\/www.facebook.com\/CDMFCEPID\/","article_published_time":"2021-12-17T14:48:46+00:00","article_modified_time":"2021-12-17T14:48:48+00:00","og_image":[{"width":500,"height":254,"url":"https:\/\/cdmf.org.br\/es\/wp-content\/uploads\/2021\/12\/nuevos.gif","type":"image\/gif"}],"author":"LAbI","twitter_card":"summary_large_image","twitter_creator":"@CDMF_comunica","twitter_site":"@CDMF_comunica","twitter_misc":{"Escrito por":"LAbI","Tiempo de lectura":"3 minutos"},"schema":{"@context":"https:\/\/schema.org","@graph":[{"@type":"Article","@id":"https:\/\/cdmf.org.br\/es\/nuevos-materiales-fotocataliticos-y-biocidas-para-la-eliminacion-de-farmacos-en-aguas-residuales\/#article","isPartOf":{"@id":"https:\/\/cdmf.org.br\/es\/nuevos-materiales-fotocataliticos-y-biocidas-para-la-eliminacion-de-farmacos-en-aguas-residuales\/"},"author":{"name":"LAbI","@id":"https:\/\/cdmf.org.br\/es\/#\/schema\/person\/0c86b5758e48bcdd7bf9766739759855"},"headline":"Nuevos materiales fotocatal\u00edticos y biocidas para la eliminaci\u00f3n de f\u00e1rmacos en aguas residuales","datePublished":"2021-12-17T14:48:46+00:00","dateModified":"2021-12-17T14:48:48+00:00","mainEntityOfPage":{"@id":"https:\/\/cdmf.org.br\/es\/nuevos-materiales-fotocataliticos-y-biocidas-para-la-eliminacion-de-farmacos-en-aguas-residuales\/"},"wordCount":686,"publisher":{"@id":"https:\/\/cdmf.org.br\/es\/#organization"},"image":{"@id":"https:\/\/cdmf.org.br\/es\/nuevos-materiales-fotocataliticos-y-biocidas-para-la-eliminacion-de-farmacos-en-aguas-residuales\/#primaryimage"},"thumbnailUrl":"https:\/\/cdmf.org.br\/es\/wp-content\/uploads\/2021\/12\/nuevos.gif","keywords":["CAPES","CDMF","CEPID","CNPq","FAPESP","Finep","UFSCar","UJI"],"articleSection":["Noticias"],"inLanguage":"es"},{"@type":"WebPage","@id":"https:\/\/cdmf.org.br\/es\/nuevos-materiales-fotocataliticos-y-biocidas-para-la-eliminacion-de-farmacos-en-aguas-residuales\/","url":"https:\/\/cdmf.org.br\/es\/nuevos-materiales-fotocataliticos-y-biocidas-para-la-eliminacion-de-farmacos-en-aguas-residuales\/","name":"Nuevos materiales fotocatal\u00edticos y biocidas para la eliminaci\u00f3n de f\u00e1rmacos en aguas residuales - Centro de Desarrollo de Materiales Funcionales","isPartOf":{"@id":"https:\/\/cdmf.org.br\/es\/#website"},"primaryImageOfPage":{"@id":"https:\/\/cdmf.org.br\/es\/nuevos-materiales-fotocataliticos-y-biocidas-para-la-eliminacion-de-farmacos-en-aguas-residuales\/#primaryimage"},"image":{"@id":"https:\/\/cdmf.org.br\/es\/nuevos-materiales-fotocataliticos-y-biocidas-para-la-eliminacion-de-farmacos-en-aguas-residuales\/#primaryimage"},"thumbnailUrl":"https:\/\/cdmf.org.br\/es\/wp-content\/uploads\/2021\/12\/nuevos.gif","datePublished":"2021-12-17T14:48:46+00:00","dateModified":"2021-12-17T14:48:48+00:00","breadcrumb":{"@id":"https:\/\/cdmf.org.br\/es\/nuevos-materiales-fotocataliticos-y-biocidas-para-la-eliminacion-de-farmacos-en-aguas-residuales\/#breadcrumb"},"inLanguage":"es","potentialAction":[{"@type":"ReadAction","target":["https:\/\/cdmf.org.br\/es\/nuevos-materiales-fotocataliticos-y-biocidas-para-la-eliminacion-de-farmacos-en-aguas-residuales\/"]}]},{"@type":"ImageObject","inLanguage":"es","@id":"https:\/\/cdmf.org.br\/es\/nuevos-materiales-fotocataliticos-y-biocidas-para-la-eliminacion-de-farmacos-en-aguas-residuales\/#primaryimage","url":"https:\/\/cdmf.org.br\/es\/wp-content\/uploads\/2021\/12\/nuevos.gif","contentUrl":"https:\/\/cdmf.org.br\/es\/wp-content\/uploads\/2021\/12\/nuevos.gif","width":500,"height":254},{"@type":"BreadcrumbList","@id":"https:\/\/cdmf.org.br\/es\/nuevos-materiales-fotocataliticos-y-biocidas-para-la-eliminacion-de-farmacos-en-aguas-residuales\/#breadcrumb","itemListElement":[{"@type":"ListItem","position":1,"name":"Portada","item":"https:\/\/cdmf.org.br\/es\/"},{"@type":"ListItem","position":2,"name":"Nuevos materiales fotocatal\u00edticos y biocidas para la eliminaci\u00f3n de f\u00e1rmacos en aguas residuales"}]},{"@type":"WebSite","@id":"https:\/\/cdmf.org.br\/es\/#website","url":"https:\/\/cdmf.org.br\/es\/","name":"Centro de Desarrollo de Materiales Funcionales","description":"Producci\u00f3n de materiales funcionales y nanoestructurados para satisfacer las nuevas necesidades de la sociedad","publisher":{"@id":"https:\/\/cdmf.org.br\/es\/#organization"},"potentialAction":[{"@type":"SearchAction","target":{"@type":"EntryPoint","urlTemplate":"https:\/\/cdmf.org.br\/es\/?s={search_term_string}"},"query-input":{"@type":"PropertyValueSpecification","valueRequired":true,"valueName":"search_term_string"}}],"inLanguage":"es"},{"@type":"Organization","@id":"https:\/\/cdmf.org.br\/es\/#organization","name":"CENTRO DE DESARROLLO DE MATERIALES FUNCIONALES","url":"https:\/\/cdmf.org.br\/es\/","logo":{"@type":"ImageObject","inLanguage":"es","@id":"https:\/\/cdmf.org.br\/es\/#\/schema\/logo\/image\/","url":"https:\/\/cdmf.org.br\/es\/wp-content\/uploads\/2021\/12\/logo-cdmf-labi-ufscar-site-es.png","contentUrl":"https:\/\/cdmf.org.br\/es\/wp-content\/uploads\/2021\/12\/logo-cdmf-labi-ufscar-site-es.png","width":279,"height":92,"caption":"CENTRO DE DESARROLLO DE MATERIALES FUNCIONALES"},"image":{"@id":"https:\/\/cdmf.org.br\/es\/#\/schema\/logo\/image\/"},"sameAs":["https:\/\/www.facebook.com\/CDMFCEPID\/","https:\/\/x.com\/CDMF_comunica","https:\/\/www.instagram.com\/cdmf_fapesp\/","https:\/\/www.linkedin.com\/company\/33200618\/admin\/","https:\/\/www.youtube.com\/playlist?list=UU3F0dJH6jQgFUC66RLxfetg"]},{"@type":"Person","@id":"https:\/\/cdmf.org.br\/es\/#\/schema\/person\/0c86b5758e48bcdd7bf9766739759855","name":"LAbI","image":{"@type":"ImageObject","inLanguage":"es","@id":"https:\/\/secure.gravatar.com\/avatar\/12a7eca69d80041ba1ec4d8a982f14f38d7ebc5ec1d6e844decf3c74fc0f27bb?s=96&d=mm&r=g","url":"https:\/\/secure.gravatar.com\/avatar\/12a7eca69d80041ba1ec4d8a982f14f38d7ebc5ec1d6e844decf3c74fc0f27bb?s=96&d=mm&r=g","contentUrl":"https:\/\/secure.gravatar.com\/avatar\/12a7eca69d80041ba1ec4d8a982f14f38d7ebc5ec1d6e844decf3c74fc0f27bb?s=96&d=mm&r=g","caption":"LAbI"},"sameAs":["https:\/\/cdmf.org.br\/es"],"url":"https:\/\/cdmf.org.br\/es\/author\/labi\/"}]}},"_links":{"self":[{"href":"https:\/\/cdmf.org.br\/es\/wp-json\/wp\/v2\/posts\/115","targetHints":{"allow":["GET"]}}],"collection":[{"href":"https:\/\/cdmf.org.br\/es\/wp-json\/wp\/v2\/posts"}],"about":[{"href":"https:\/\/cdmf.org.br\/es\/wp-json\/wp\/v2\/types\/post"}],"author":[{"embeddable":true,"href":"https:\/\/cdmf.org.br\/es\/wp-json\/wp\/v2\/users\/1"}],"replies":[{"embeddable":true,"href":"https:\/\/cdmf.org.br\/es\/wp-json\/wp\/v2\/comments?post=115"}],"version-history":[{"count":1,"href":"https:\/\/cdmf.org.br\/es\/wp-json\/wp\/v2\/posts\/115\/revisions"}],"predecessor-version":[{"id":117,"href":"https:\/\/cdmf.org.br\/es\/wp-json\/wp\/v2\/posts\/115\/revisions\/117"}],"wp:featuredmedia":[{"embeddable":true,"href":"https:\/\/cdmf.org.br\/es\/wp-json\/wp\/v2\/media\/116"}],"wp:attachment":[{"href":"https:\/\/cdmf.org.br\/es\/wp-json\/wp\/v2\/media?parent=115"}],"wp:term":[{"taxonomy":"category","embeddable":true,"href":"https:\/\/cdmf.org.br\/es\/wp-json\/wp\/v2\/categories?post=115"},{"taxonomy":"post_tag","embeddable":true,"href":"https:\/\/cdmf.org.br\/es\/wp-json\/wp\/v2\/tags?post=115"}],"curies":[{"name":"wp","href":"https:\/\/api.w.org\/{rel}","templated":true}]}}