{"id":121,"date":"2021-12-17T15:06:57","date_gmt":"2021-12-17T15:06:57","guid":{"rendered":"https:\/\/cdmf.org.br\/es\/?p=121"},"modified":"2021-12-17T15:06:58","modified_gmt":"2021-12-17T15:06:58","slug":"empresas-textiles-de-brasil-comercializan-prendas-con-las-nanoparticulas-anticovid-testadas-en-la-uji","status":"publish","type":"post","link":"https:\/\/cdmf.org.br\/es\/empresas-textiles-de-brasil-comercializan-prendas-con-las-nanoparticulas-anticovid-testadas-en-la-uji\/","title":{"rendered":"Empresas textiles de Brasil comercializan prendas con las nanopart\u00edculas anticovid testadas en la UJI"},"content":{"rendered":"\n<p>Las nanopart\u00edculas de plata que inactivan el SARS-CoV-2 desarrolladas por la empresa brasile\u00f1a Nanox y testadas en colaboraci\u00f3n con el Instituto de Ciencias Biom\u00e9dicas de la Universidad de S\u00e3o Paulo (USP), el Centro para el Desarrollo de Materiales Funcionales de la Universidad Federal de S\u00e3o Carlos (UFSCAR) y el Laboratorio de Qu\u00edmica Te\u00f3rica y Computacional de la Universitat Jaume I de Castell\u00f3n, dirigido por el profesor&nbsp;<strong>Juan Andr\u00e9s Bort<\/strong>, han llegado a las pasarelas de moda. Varias empresas textiles de este pa\u00eds han comenzado a comercializar diferentes prendas con este material que elimina el coronavirus en unos minutos.<\/p>\n\n\n\n<p>\u201cEl tiempo de permanencia del virus en tejidos convencionales, seg\u00fan las evaluaciones realizadas por los principales centros de investigaci\u00f3n, es en promedio superior a un d\u00eda\u201d, comenta el profesor&nbsp;<strong>Elson Longo<\/strong>, investigador y docente em\u00e9rito de la Universidad Federal de S\u00e3o Carlos y director del CDMF\/Fapesp. \u201cPor ello, la prueba de la eficacia de la incorporaci\u00f3n de la soluci\u00f3n a base de micropart\u00edculas de plata en la composici\u00f3n de nuevos tejidos hizo que r\u00e1pidamente el mercado de prendas de vestir y productos textiles volviera su atenci\u00f3n hacia este oxidante que elimina el virus\u201d, explica.<\/p>\n\n\n\n<p>\u201cEl aditivo de plata que usamos ahora para inactivar el SARS-CoV-2 ya exist\u00eda y fue utilizado en la industria de varias formas; sin embargo, antes de la pandemia, no ten\u00edamos forma de saber que tambi\u00e9n ten\u00eda esta funci\u00f3n\u201d, indica&nbsp;<strong>Daniel Minozzi<\/strong>, director de Nanox. Con la llegada del nuevo coronavirus los investigadores de la empresa tuvieron la idea de evaluar si estos materiales tambi\u00e9n eran capaces de inactivar el SARS-CoV-2, ya que la acci\u00f3n ya hab\u00eda sido demostrada en trabajos cient\u00edficos contra algunos tipos de virus.<\/p>\n\n\n\n<p>Fundada por tres estudiantes de qu\u00edmica de la Universidad Federal de S\u00e3o Carlos (Ufscar) en 2004, Nanox ya suministraba estas micropart\u00edculas textiles con actividad bactericida y fungicida a los segmentos textiles y otros, es decir, en los tejidos previenen la proliferaci\u00f3n de hongos y bacterias que causan malos olores. Ahora, ha sido la encargada de fabricar los aditivos utilizados en los productos de las empresas del grupo Malwee o la firma Delfim Tecidos.<\/p>\n\n\n\n<p>Desde hace m\u00e1s de treinta a\u00f1os, la colaboraci\u00f3n entre el QTC de la UJI y el CDMF ha permitido obtener nuevos materiales y tecnolog\u00edas, publicando m\u00e1s de 80 art\u00edculos sobre semiconductores en las revistas m\u00e1s prestigiosas de Qu\u00edmica, F\u00edsica, Ciencia de Materiales y Nanotecnolog\u00eda. La empresa Nanox fue una&nbsp;<em>spin off&nbsp;<\/em>y despu\u00e9s&nbsp;<em>start up<\/em>&nbsp;del CDMF, y actualmente es una empresa de base tecnol\u00f3gica que comercializa sus productos en todo el mundo. Sus fundadores (<strong>Gustavo Simoes&nbsp;<\/strong>y&nbsp;<strong>Guilherme Tremiliosi<\/strong>) han sido alumnos de doctorado del profesor Elson Longo, director del CDMF, y del profesor Juan Andr\u00e9s, director del Laboratorio de QTC de la UJI.<\/p>\n\n\n\n<p>La originalidad de los proyectos de I+D+i entre el QTC y el CDMF, y ahora con la empresa Nanox, consiste en conectar la teor\u00eda y la simulaci\u00f3n con la experimentaci\u00f3n. Esta estrategia ha permitido encontrar y dise\u00f1ar relaciones estructura-actividad y obtener nuevas propiedades f\u00edsicas y qu\u00edmicas de materiales para aplicaciones tecnol\u00f3gicas espec\u00edficas, en este caso un tejido capaz de eliminar por contacto el SARS-CoV-2.<\/p>\n\n\n\n<p>Por otra parte, se est\u00e1 utilizado l\u00e1ser de femtosegundos y haz de electrones como una herramienta novedosa para maximizar la actividad de estos semiconductores, lo que permite una disminuci\u00f3n en el material utilizado sin p\u00e9rdida de actividad microbicida. Toda esta tecnolog\u00eda se basa en un fen\u00f3meno in\u00e9dito asociado a la formaci\u00f3n de nanopart\u00edculas de plata bajo irradiaci\u00f3n de electrones o l\u00e1ser, lo que ha permitido desarrollar rutas m\u00e1s ecol\u00f3gicas y tecnolog\u00edas sostenibles para obtener materiales con propiedades \u00f3pticas mejoradas que act\u00faa como nuevos catalizadores y fotocatalizadores, as\u00ed como potentes bactericidas, fungicidas, antivirales y agentes toxicol\u00f3gicos.<\/p>\n\n\n\n<p>______________________________________________________________________________________________________________<\/p>\n\n\n\n<p><strong>CDMF<\/strong><\/p>\n\n\n\n<p>El CDMF es uno de los Centros de Investigaci\u00f3n, Innovaci\u00f3n y Difusi\u00f3n (<a rel=\"noreferrer noopener\" href=\"https:\/\/cepid.fapesp.br\/home\/\" target=\"_blank\">Cepids<\/a>) apoyados por la Fundaci\u00f3n de Apoyo a la Investigaci\u00f3n del Estado de S\u00e3o Paulo (<a rel=\"noreferrer noopener\" href=\"https:\/\/fapesp.br\/\" target=\"_blank\">Fapesp<\/a>), y tambi\u00e9n recibe inversi\u00f3n del Consejo Nacional de Desarrollo Cient\u00edfico y Tecnol\u00f3gico (<a rel=\"noreferrer noopener\" href=\"https:\/\/www.gov.br\/cnpq\" target=\"_blank\">CNPq<\/a>), del Instituto Nacional de Materiales. Ciencia y Tecnolog\u00eda en Nanotecnolog\u00eda (INCTMN). Trabaja en colaboraci\u00f3n con varios laboratorios del mundo en los que se agrupan el INTEMA (de Argentina) y la Universidad Jaume I de Espa\u00f1a.<\/p>\n\n\n\n<p>Publicado originalmente en <a href=\"https:\/\/castellonplaza.com\/\" target=\"_blank\" rel=\"noreferrer noopener\">castell\u00f3nplaza<\/a><\/p>\n","protected":false},"excerpt":{"rendered":"<div class=\"mh-excerpt\"><p>Las nanopart\u00edculas de plata que inactivan el SARS-CoV-2 desarrolladas por la empresa brasile\u00f1a Nanox y testadas en colaboraci\u00f3n con el Instituto de Ciencias Biom\u00e9dicas de la Universidad de S\u00e3o Paulo (USP), el Centro para el <a class=\"mh-excerpt-more\" href=\"https:\/\/cdmf.org.br\/es\/empresas-textiles-de-brasil-comercializan-prendas-con-las-nanoparticulas-anticovid-testadas-en-la-uji\/\" title=\"Empresas textiles de Brasil comercializan prendas con las nanopart\u00edculas anticovid testadas en la UJI\">[&#8230;]<\/a><\/p>\n<\/div>","protected":false},"author":1,"featured_media":122,"comment_status":"closed","ping_status":"open","sticky":false,"template":"","format":"standard","meta":{"_monsterinsights_skip_tracking":false,"_monsterinsights_sitenote_active":false,"_monsterinsights_sitenote_note":"","_monsterinsights_sitenote_category":0,"footnotes":""},"categories":[4],"tags":[17,13,14,16,15,20,22,18,21],"class_list":{"0":"post-121","1":"post","2":"type-post","3":"status-publish","4":"format-standard","5":"has-post-thumbnail","7":"category-noticias","8":"tag-capes","9":"tag-cdmf","10":"tag-cepid","11":"tag-cnpq","12":"tag-fapesp","13":"tag-finep","14":"tag-nanox","15":"tag-ufscar","16":"tag-uji"},"yoast_head":"<!-- This site is optimized with the Yoast SEO plugin v27.2 - https:\/\/yoast.com\/product\/yoast-seo-wordpress\/ -->\n<title>Empresas textiles de Brasil comercializan prendas con las nanopart\u00edculas anticovid testadas en la UJI - Centro de Desarrollo de Materiales Funcionales<\/title>\n<meta name=\"robots\" content=\"index, follow, max-snippet:-1, max-image-preview:large, max-video-preview:-1\" \/>\n<link rel=\"canonical\" href=\"https:\/\/cdmf.org.br\/es\/empresas-textiles-de-brasil-comercializan-prendas-con-las-nanoparticulas-anticovid-testadas-en-la-uji\/\" \/>\n<meta property=\"og:locale\" content=\"es_ES\" \/>\n<meta property=\"og:type\" content=\"article\" \/>\n<meta property=\"og:title\" content=\"Empresas textiles de Brasil comercializan prendas con las nanopart\u00edculas anticovid testadas en la UJI - Centro de Desarrollo de Materiales Funcionales\" \/>\n<meta property=\"og:description\" content=\"Las nanopart\u00edculas de plata que inactivan el SARS-CoV-2 desarrolladas por la empresa brasile\u00f1a Nanox y testadas en colaboraci\u00f3n con el Instituto de Ciencias Biom\u00e9dicas de la Universidad de S\u00e3o Paulo (USP), el Centro para el [...]\" \/>\n<meta property=\"og:url\" content=\"https:\/\/cdmf.org.br\/es\/empresas-textiles-de-brasil-comercializan-prendas-con-las-nanoparticulas-anticovid-testadas-en-la-uji\/\" \/>\n<meta property=\"og:site_name\" content=\"Centro de Desarrollo de Materiales Funcionales\" \/>\n<meta property=\"article:publisher\" content=\"https:\/\/www.facebook.com\/CDMFCEPID\/\" \/>\n<meta property=\"article:published_time\" content=\"2021-12-17T15:06:57+00:00\" \/>\n<meta property=\"article:modified_time\" content=\"2021-12-17T15:06:58+00:00\" \/>\n<meta property=\"og:image\" content=\"https:\/\/cdmf.org.br\/es\/wp-content\/uploads\/2021\/12\/plaza.jpg\" \/>\n\t<meta property=\"og:image:width\" content=\"768\" \/>\n\t<meta property=\"og:image:height\" content=\"512\" \/>\n\t<meta property=\"og:image:type\" content=\"image\/jpeg\" \/>\n<meta name=\"author\" content=\"LAbI\" \/>\n<meta name=\"twitter:card\" content=\"summary_large_image\" \/>\n<meta name=\"twitter:creator\" content=\"@CDMF_comunica\" \/>\n<meta name=\"twitter:site\" content=\"@CDMF_comunica\" \/>\n<meta name=\"twitter:label1\" content=\"Escrito por\" \/>\n\t<meta name=\"twitter:data1\" content=\"LAbI\" \/>\n\t<meta name=\"twitter:label2\" content=\"Tiempo de lectura\" \/>\n\t<meta name=\"twitter:data2\" content=\"4 minutos\" \/>\n<script type=\"application\/ld+json\" class=\"yoast-schema-graph\">{\"@context\":\"https:\/\/schema.org\",\"@graph\":[{\"@type\":\"Article\",\"@id\":\"https:\/\/cdmf.org.br\/es\/empresas-textiles-de-brasil-comercializan-prendas-con-las-nanoparticulas-anticovid-testadas-en-la-uji\/#article\",\"isPartOf\":{\"@id\":\"https:\/\/cdmf.org.br\/es\/empresas-textiles-de-brasil-comercializan-prendas-con-las-nanoparticulas-anticovid-testadas-en-la-uji\/\"},\"author\":{\"name\":\"LAbI\",\"@id\":\"https:\/\/cdmf.org.br\/es\/#\/schema\/person\/0c86b5758e48bcdd7bf9766739759855\"},\"headline\":\"Empresas textiles de Brasil comercializan prendas con las nanopart\u00edculas anticovid testadas en la UJI\",\"datePublished\":\"2021-12-17T15:06:57+00:00\",\"dateModified\":\"2021-12-17T15:06:58+00:00\",\"mainEntityOfPage\":{\"@id\":\"https:\/\/cdmf.org.br\/es\/empresas-textiles-de-brasil-comercializan-prendas-con-las-nanoparticulas-anticovid-testadas-en-la-uji\/\"},\"wordCount\":807,\"publisher\":{\"@id\":\"https:\/\/cdmf.org.br\/es\/#organization\"},\"image\":{\"@id\":\"https:\/\/cdmf.org.br\/es\/empresas-textiles-de-brasil-comercializan-prendas-con-las-nanoparticulas-anticovid-testadas-en-la-uji\/#primaryimage\"},\"thumbnailUrl\":\"https:\/\/cdmf.org.br\/es\/wp-content\/uploads\/2021\/12\/plaza.jpg\",\"keywords\":[\"CAPES\",\"CDMF\",\"CEPID\",\"CNPq\",\"FAPESP\",\"Finep\",\"NANOX\",\"UFSCar\",\"UJI\"],\"articleSection\":[\"Noticias\"],\"inLanguage\":\"es\"},{\"@type\":\"WebPage\",\"@id\":\"https:\/\/cdmf.org.br\/es\/empresas-textiles-de-brasil-comercializan-prendas-con-las-nanoparticulas-anticovid-testadas-en-la-uji\/\",\"url\":\"https:\/\/cdmf.org.br\/es\/empresas-textiles-de-brasil-comercializan-prendas-con-las-nanoparticulas-anticovid-testadas-en-la-uji\/\",\"name\":\"Empresas textiles de Brasil comercializan prendas con las nanopart\u00edculas anticovid testadas en la UJI - Centro de Desarrollo de Materiales Funcionales\",\"isPartOf\":{\"@id\":\"https:\/\/cdmf.org.br\/es\/#website\"},\"primaryImageOfPage\":{\"@id\":\"https:\/\/cdmf.org.br\/es\/empresas-textiles-de-brasil-comercializan-prendas-con-las-nanoparticulas-anticovid-testadas-en-la-uji\/#primaryimage\"},\"image\":{\"@id\":\"https:\/\/cdmf.org.br\/es\/empresas-textiles-de-brasil-comercializan-prendas-con-las-nanoparticulas-anticovid-testadas-en-la-uji\/#primaryimage\"},\"thumbnailUrl\":\"https:\/\/cdmf.org.br\/es\/wp-content\/uploads\/2021\/12\/plaza.jpg\",\"datePublished\":\"2021-12-17T15:06:57+00:00\",\"dateModified\":\"2021-12-17T15:06:58+00:00\",\"breadcrumb\":{\"@id\":\"https:\/\/cdmf.org.br\/es\/empresas-textiles-de-brasil-comercializan-prendas-con-las-nanoparticulas-anticovid-testadas-en-la-uji\/#breadcrumb\"},\"inLanguage\":\"es\",\"potentialAction\":[{\"@type\":\"ReadAction\",\"target\":[\"https:\/\/cdmf.org.br\/es\/empresas-textiles-de-brasil-comercializan-prendas-con-las-nanoparticulas-anticovid-testadas-en-la-uji\/\"]}]},{\"@type\":\"ImageObject\",\"inLanguage\":\"es\",\"@id\":\"https:\/\/cdmf.org.br\/es\/empresas-textiles-de-brasil-comercializan-prendas-con-las-nanoparticulas-anticovid-testadas-en-la-uji\/#primaryimage\",\"url\":\"https:\/\/cdmf.org.br\/es\/wp-content\/uploads\/2021\/12\/plaza.jpg\",\"contentUrl\":\"https:\/\/cdmf.org.br\/es\/wp-content\/uploads\/2021\/12\/plaza.jpg\",\"width\":768,\"height\":512},{\"@type\":\"BreadcrumbList\",\"@id\":\"https:\/\/cdmf.org.br\/es\/empresas-textiles-de-brasil-comercializan-prendas-con-las-nanoparticulas-anticovid-testadas-en-la-uji\/#breadcrumb\",\"itemListElement\":[{\"@type\":\"ListItem\",\"position\":1,\"name\":\"Portada\",\"item\":\"https:\/\/cdmf.org.br\/es\/\"},{\"@type\":\"ListItem\",\"position\":2,\"name\":\"Empresas textiles de Brasil comercializan prendas con las nanopart\u00edculas anticovid testadas en la UJI\"}]},{\"@type\":\"WebSite\",\"@id\":\"https:\/\/cdmf.org.br\/es\/#website\",\"url\":\"https:\/\/cdmf.org.br\/es\/\",\"name\":\"Centro de Desarrollo de Materiales Funcionales\",\"description\":\"Producci\u00f3n de materiales funcionales y nanoestructurados para satisfacer las nuevas necesidades de la sociedad\",\"publisher\":{\"@id\":\"https:\/\/cdmf.org.br\/es\/#organization\"},\"potentialAction\":[{\"@type\":\"SearchAction\",\"target\":{\"@type\":\"EntryPoint\",\"urlTemplate\":\"https:\/\/cdmf.org.br\/es\/?s={search_term_string}\"},\"query-input\":{\"@type\":\"PropertyValueSpecification\",\"valueRequired\":true,\"valueName\":\"search_term_string\"}}],\"inLanguage\":\"es\"},{\"@type\":\"Organization\",\"@id\":\"https:\/\/cdmf.org.br\/es\/#organization\",\"name\":\"CENTRO DE DESARROLLO DE MATERIALES FUNCIONALES\",\"url\":\"https:\/\/cdmf.org.br\/es\/\",\"logo\":{\"@type\":\"ImageObject\",\"inLanguage\":\"es\",\"@id\":\"https:\/\/cdmf.org.br\/es\/#\/schema\/logo\/image\/\",\"url\":\"https:\/\/cdmf.org.br\/es\/wp-content\/uploads\/2021\/12\/logo-cdmf-labi-ufscar-site-es.png\",\"contentUrl\":\"https:\/\/cdmf.org.br\/es\/wp-content\/uploads\/2021\/12\/logo-cdmf-labi-ufscar-site-es.png\",\"width\":279,\"height\":92,\"caption\":\"CENTRO DE DESARROLLO DE MATERIALES FUNCIONALES\"},\"image\":{\"@id\":\"https:\/\/cdmf.org.br\/es\/#\/schema\/logo\/image\/\"},\"sameAs\":[\"https:\/\/www.facebook.com\/CDMFCEPID\/\",\"https:\/\/x.com\/CDMF_comunica\",\"https:\/\/www.instagram.com\/cdmf_fapesp\/\",\"https:\/\/www.linkedin.com\/company\/33200618\/admin\/\",\"https:\/\/www.youtube.com\/playlist?list=UU3F0dJH6jQgFUC66RLxfetg\"]},{\"@type\":\"Person\",\"@id\":\"https:\/\/cdmf.org.br\/es\/#\/schema\/person\/0c86b5758e48bcdd7bf9766739759855\",\"name\":\"LAbI\",\"image\":{\"@type\":\"ImageObject\",\"inLanguage\":\"es\",\"@id\":\"https:\/\/secure.gravatar.com\/avatar\/12a7eca69d80041ba1ec4d8a982f14f38d7ebc5ec1d6e844decf3c74fc0f27bb?s=96&d=mm&r=g\",\"url\":\"https:\/\/secure.gravatar.com\/avatar\/12a7eca69d80041ba1ec4d8a982f14f38d7ebc5ec1d6e844decf3c74fc0f27bb?s=96&d=mm&r=g\",\"contentUrl\":\"https:\/\/secure.gravatar.com\/avatar\/12a7eca69d80041ba1ec4d8a982f14f38d7ebc5ec1d6e844decf3c74fc0f27bb?s=96&d=mm&r=g\",\"caption\":\"LAbI\"},\"sameAs\":[\"https:\/\/cdmf.org.br\/es\"],\"url\":\"https:\/\/cdmf.org.br\/es\/author\/labi\/\"}]}<\/script>\n<!-- \/ Yoast SEO plugin. -->","yoast_head_json":{"title":"Empresas textiles de Brasil comercializan prendas con las nanopart\u00edculas anticovid testadas en la UJI - Centro de Desarrollo de Materiales Funcionales","robots":{"index":"index","follow":"follow","max-snippet":"max-snippet:-1","max-image-preview":"max-image-preview:large","max-video-preview":"max-video-preview:-1"},"canonical":"https:\/\/cdmf.org.br\/es\/empresas-textiles-de-brasil-comercializan-prendas-con-las-nanoparticulas-anticovid-testadas-en-la-uji\/","og_locale":"es_ES","og_type":"article","og_title":"Empresas textiles de Brasil comercializan prendas con las nanopart\u00edculas anticovid testadas en la UJI - Centro de Desarrollo de Materiales Funcionales","og_description":"Las nanopart\u00edculas de plata que inactivan el SARS-CoV-2 desarrolladas por la empresa brasile\u00f1a Nanox y testadas en colaboraci\u00f3n con el Instituto de Ciencias Biom\u00e9dicas de la Universidad de S\u00e3o Paulo (USP), el Centro para el [...]","og_url":"https:\/\/cdmf.org.br\/es\/empresas-textiles-de-brasil-comercializan-prendas-con-las-nanoparticulas-anticovid-testadas-en-la-uji\/","og_site_name":"Centro de Desarrollo de Materiales Funcionales","article_publisher":"https:\/\/www.facebook.com\/CDMFCEPID\/","article_published_time":"2021-12-17T15:06:57+00:00","article_modified_time":"2021-12-17T15:06:58+00:00","og_image":[{"width":768,"height":512,"url":"https:\/\/cdmf.org.br\/es\/wp-content\/uploads\/2021\/12\/plaza.jpg","type":"image\/jpeg"}],"author":"LAbI","twitter_card":"summary_large_image","twitter_creator":"@CDMF_comunica","twitter_site":"@CDMF_comunica","twitter_misc":{"Escrito por":"LAbI","Tiempo de lectura":"4 minutos"},"schema":{"@context":"https:\/\/schema.org","@graph":[{"@type":"Article","@id":"https:\/\/cdmf.org.br\/es\/empresas-textiles-de-brasil-comercializan-prendas-con-las-nanoparticulas-anticovid-testadas-en-la-uji\/#article","isPartOf":{"@id":"https:\/\/cdmf.org.br\/es\/empresas-textiles-de-brasil-comercializan-prendas-con-las-nanoparticulas-anticovid-testadas-en-la-uji\/"},"author":{"name":"LAbI","@id":"https:\/\/cdmf.org.br\/es\/#\/schema\/person\/0c86b5758e48bcdd7bf9766739759855"},"headline":"Empresas textiles de Brasil comercializan prendas con las nanopart\u00edculas anticovid testadas en la UJI","datePublished":"2021-12-17T15:06:57+00:00","dateModified":"2021-12-17T15:06:58+00:00","mainEntityOfPage":{"@id":"https:\/\/cdmf.org.br\/es\/empresas-textiles-de-brasil-comercializan-prendas-con-las-nanoparticulas-anticovid-testadas-en-la-uji\/"},"wordCount":807,"publisher":{"@id":"https:\/\/cdmf.org.br\/es\/#organization"},"image":{"@id":"https:\/\/cdmf.org.br\/es\/empresas-textiles-de-brasil-comercializan-prendas-con-las-nanoparticulas-anticovid-testadas-en-la-uji\/#primaryimage"},"thumbnailUrl":"https:\/\/cdmf.org.br\/es\/wp-content\/uploads\/2021\/12\/plaza.jpg","keywords":["CAPES","CDMF","CEPID","CNPq","FAPESP","Finep","NANOX","UFSCar","UJI"],"articleSection":["Noticias"],"inLanguage":"es"},{"@type":"WebPage","@id":"https:\/\/cdmf.org.br\/es\/empresas-textiles-de-brasil-comercializan-prendas-con-las-nanoparticulas-anticovid-testadas-en-la-uji\/","url":"https:\/\/cdmf.org.br\/es\/empresas-textiles-de-brasil-comercializan-prendas-con-las-nanoparticulas-anticovid-testadas-en-la-uji\/","name":"Empresas textiles de Brasil comercializan prendas con las nanopart\u00edculas anticovid testadas en la UJI - Centro de Desarrollo de Materiales Funcionales","isPartOf":{"@id":"https:\/\/cdmf.org.br\/es\/#website"},"primaryImageOfPage":{"@id":"https:\/\/cdmf.org.br\/es\/empresas-textiles-de-brasil-comercializan-prendas-con-las-nanoparticulas-anticovid-testadas-en-la-uji\/#primaryimage"},"image":{"@id":"https:\/\/cdmf.org.br\/es\/empresas-textiles-de-brasil-comercializan-prendas-con-las-nanoparticulas-anticovid-testadas-en-la-uji\/#primaryimage"},"thumbnailUrl":"https:\/\/cdmf.org.br\/es\/wp-content\/uploads\/2021\/12\/plaza.jpg","datePublished":"2021-12-17T15:06:57+00:00","dateModified":"2021-12-17T15:06:58+00:00","breadcrumb":{"@id":"https:\/\/cdmf.org.br\/es\/empresas-textiles-de-brasil-comercializan-prendas-con-las-nanoparticulas-anticovid-testadas-en-la-uji\/#breadcrumb"},"inLanguage":"es","potentialAction":[{"@type":"ReadAction","target":["https:\/\/cdmf.org.br\/es\/empresas-textiles-de-brasil-comercializan-prendas-con-las-nanoparticulas-anticovid-testadas-en-la-uji\/"]}]},{"@type":"ImageObject","inLanguage":"es","@id":"https:\/\/cdmf.org.br\/es\/empresas-textiles-de-brasil-comercializan-prendas-con-las-nanoparticulas-anticovid-testadas-en-la-uji\/#primaryimage","url":"https:\/\/cdmf.org.br\/es\/wp-content\/uploads\/2021\/12\/plaza.jpg","contentUrl":"https:\/\/cdmf.org.br\/es\/wp-content\/uploads\/2021\/12\/plaza.jpg","width":768,"height":512},{"@type":"BreadcrumbList","@id":"https:\/\/cdmf.org.br\/es\/empresas-textiles-de-brasil-comercializan-prendas-con-las-nanoparticulas-anticovid-testadas-en-la-uji\/#breadcrumb","itemListElement":[{"@type":"ListItem","position":1,"name":"Portada","item":"https:\/\/cdmf.org.br\/es\/"},{"@type":"ListItem","position":2,"name":"Empresas textiles de Brasil comercializan prendas con las nanopart\u00edculas anticovid testadas en la UJI"}]},{"@type":"WebSite","@id":"https:\/\/cdmf.org.br\/es\/#website","url":"https:\/\/cdmf.org.br\/es\/","name":"Centro de Desarrollo de Materiales Funcionales","description":"Producci\u00f3n de materiales funcionales y nanoestructurados para satisfacer las nuevas necesidades de la sociedad","publisher":{"@id":"https:\/\/cdmf.org.br\/es\/#organization"},"potentialAction":[{"@type":"SearchAction","target":{"@type":"EntryPoint","urlTemplate":"https:\/\/cdmf.org.br\/es\/?s={search_term_string}"},"query-input":{"@type":"PropertyValueSpecification","valueRequired":true,"valueName":"search_term_string"}}],"inLanguage":"es"},{"@type":"Organization","@id":"https:\/\/cdmf.org.br\/es\/#organization","name":"CENTRO DE DESARROLLO DE MATERIALES FUNCIONALES","url":"https:\/\/cdmf.org.br\/es\/","logo":{"@type":"ImageObject","inLanguage":"es","@id":"https:\/\/cdmf.org.br\/es\/#\/schema\/logo\/image\/","url":"https:\/\/cdmf.org.br\/es\/wp-content\/uploads\/2021\/12\/logo-cdmf-labi-ufscar-site-es.png","contentUrl":"https:\/\/cdmf.org.br\/es\/wp-content\/uploads\/2021\/12\/logo-cdmf-labi-ufscar-site-es.png","width":279,"height":92,"caption":"CENTRO DE DESARROLLO DE MATERIALES FUNCIONALES"},"image":{"@id":"https:\/\/cdmf.org.br\/es\/#\/schema\/logo\/image\/"},"sameAs":["https:\/\/www.facebook.com\/CDMFCEPID\/","https:\/\/x.com\/CDMF_comunica","https:\/\/www.instagram.com\/cdmf_fapesp\/","https:\/\/www.linkedin.com\/company\/33200618\/admin\/","https:\/\/www.youtube.com\/playlist?list=UU3F0dJH6jQgFUC66RLxfetg"]},{"@type":"Person","@id":"https:\/\/cdmf.org.br\/es\/#\/schema\/person\/0c86b5758e48bcdd7bf9766739759855","name":"LAbI","image":{"@type":"ImageObject","inLanguage":"es","@id":"https:\/\/secure.gravatar.com\/avatar\/12a7eca69d80041ba1ec4d8a982f14f38d7ebc5ec1d6e844decf3c74fc0f27bb?s=96&d=mm&r=g","url":"https:\/\/secure.gravatar.com\/avatar\/12a7eca69d80041ba1ec4d8a982f14f38d7ebc5ec1d6e844decf3c74fc0f27bb?s=96&d=mm&r=g","contentUrl":"https:\/\/secure.gravatar.com\/avatar\/12a7eca69d80041ba1ec4d8a982f14f38d7ebc5ec1d6e844decf3c74fc0f27bb?s=96&d=mm&r=g","caption":"LAbI"},"sameAs":["https:\/\/cdmf.org.br\/es"],"url":"https:\/\/cdmf.org.br\/es\/author\/labi\/"}]}},"_links":{"self":[{"href":"https:\/\/cdmf.org.br\/es\/wp-json\/wp\/v2\/posts\/121","targetHints":{"allow":["GET"]}}],"collection":[{"href":"https:\/\/cdmf.org.br\/es\/wp-json\/wp\/v2\/posts"}],"about":[{"href":"https:\/\/cdmf.org.br\/es\/wp-json\/wp\/v2\/types\/post"}],"author":[{"embeddable":true,"href":"https:\/\/cdmf.org.br\/es\/wp-json\/wp\/v2\/users\/1"}],"replies":[{"embeddable":true,"href":"https:\/\/cdmf.org.br\/es\/wp-json\/wp\/v2\/comments?post=121"}],"version-history":[{"count":1,"href":"https:\/\/cdmf.org.br\/es\/wp-json\/wp\/v2\/posts\/121\/revisions"}],"predecessor-version":[{"id":123,"href":"https:\/\/cdmf.org.br\/es\/wp-json\/wp\/v2\/posts\/121\/revisions\/123"}],"wp:featuredmedia":[{"embeddable":true,"href":"https:\/\/cdmf.org.br\/es\/wp-json\/wp\/v2\/media\/122"}],"wp:attachment":[{"href":"https:\/\/cdmf.org.br\/es\/wp-json\/wp\/v2\/media?parent=121"}],"wp:term":[{"taxonomy":"category","embeddable":true,"href":"https:\/\/cdmf.org.br\/es\/wp-json\/wp\/v2\/categories?post=121"},{"taxonomy":"post_tag","embeddable":true,"href":"https:\/\/cdmf.org.br\/es\/wp-json\/wp\/v2\/tags?post=121"}],"curies":[{"name":"wp","href":"https:\/\/api.w.org\/{rel}","templated":true}]}}