{"id":125,"date":"2021-12-17T15:15:12","date_gmt":"2021-12-17T15:15:12","guid":{"rendered":"https:\/\/cdmf.org.br\/es\/?p=125"},"modified":"2021-12-17T15:15:14","modified_gmt":"2021-12-17T15:15:14","slug":"la-membrana-plastica-que-protege-las-superficies-contra-el-coronavirus","status":"publish","type":"post","link":"https:\/\/cdmf.org.br\/es\/la-membrana-plastica-que-protege-las-superficies-contra-el-coronavirus\/","title":{"rendered":"La membrana pl\u00e1stica que protege las superficies contra el coronavirus"},"content":{"rendered":"\n<p>El desarrollo de este nuevo material, que&nbsp;<strong>se puede utilizar a modo de una imprimaci\u00f3n pl\u00e1stica aplicable sobre diferentes materiales<\/strong>, est\u00e1 basado en una combinaci\u00f3n de&nbsp;<strong>nanopart\u00edculas de plata, s\u00edlice y polietileno<\/strong>, con capacidad para oxidar el virus SARS-CoV-2, logrando una r\u00e1pida capacidad&nbsp;<strong>microbicida de casi el 100%<\/strong>.<\/p>\n\n\n\n<p>Los responsables de investigaci\u00f3n de la Universidad Jaume I de Castell\u00f3n (UJI), en combinaci\u00f3n con el Centro de Desarrollo de Materiales Funcionales (CDMF) de Brasil, la empresa Nanox Tecnologia y el Instituto de Ciencias Biom\u00e9dicas de la Universidad de S\u00e3o Paulo (ICB-USP), han unido sus conocimientos sobre las&nbsp;<strong>propiedades bactericidas y fungicidas de las nanopart\u00edculas de plata y s\u00edlice<\/strong>&nbsp;para desactivar virus y bacterias, desarrollando una pel\u00edcula pl\u00e1stica adhesiva para proteger superficies, como manecillas de puertas, pasamanos, botones de ascensores y pantallas t\u00e1ctiles, con la&nbsp;<strong>capacidad de neutralizar este coronavirus por contacto<\/strong>.<\/p>\n\n\n\n<p><strong>M\u00c1S DE 15 A\u00d1OS<\/strong><\/p>\n\n\n\n<p>La reciente pandemia no ha hecho m\u00e1s que acelerar el desarrollo de este nuevo compuesto que ya se estaba investigando en el CDMF desde hace m\u00e1s de tres lustros con nanopart\u00edculas de plata y s\u00edlice. En realidad,&nbsp;<strong>cuando lleg\u00f3 el coronavirus causante del Covid-19, la tecnolog\u00eda para matar bacterias y virus ya estaba desarrollada<\/strong>.<\/p>\n\n\n\n<p>Ya se ha demostrado que el SARS-CoV-2 se puede desactivar gracias a un proceso de oxidaci\u00f3n, provocado en este nuevo compuesto por la combinaci\u00f3n de semiconductores de \u00f3xidos met\u00e1licos.<\/p>\n\n\n\n<p>Estos materiales disponen de la capacidad suficiente para intercambiar electrones con el medio que los rodea: transfieren electrones al ox\u00edgeno, para formar un ion per\u00f3xido, que absorbe ese prot\u00f3n y forma un radical per\u00f3xido. Estos radicales, per\u00f3xido e hidr\u00f3xido, oxidan bacterias, hongos y virus, concluye la documentaci\u00f3n cient\u00edfica que acompa\u00f1a a la presentaci\u00f3n de este trabajo.<\/p>\n\n\n\n<p><strong>UTILIZACI\u00d3N DIVERSA<\/strong><\/p>\n\n\n\n<p>Una vez comprobada la inactivaci\u00f3n del virus al entrar en contacto con este compuesto m\u00faltiple, se logr\u00f3 su funcionalizaci\u00f3n en superficies de tejidos y telas, y la fabricaci\u00f3n de mascarillas. Estas nuevas tecnolog\u00edas se han aplicado en la fabricaci\u00f3n de mascarillas de alta tecnolog\u00eda (OTO reutilizable, actualmente en producci\u00f3n por ELKA), y en tejidos con aplicaciones en equipos de protecci\u00f3n personal (EPI) y ropa para uso hospitalario.<\/p>\n\n\n\n<p>El compuesto que ha mostrado su eficacia al aplicarlo sobre fibras de algod\u00f3n y otros materiales textiles ha llegado un poco m\u00e1s lejos, desarrollado una pel\u00edcula pl\u00e1stica adhesiva para proteger superficies, como manecillas de puertas, pasamanos, botones de ascensores y pantallas t\u00e1ctiles. En pruebas realizadas en el laboratorio de bioseguridad de nivel 3 (NB3) del Instituto de Ciencias Biom\u00e9dicas de la Universidad de S\u00e3o Paulo (ICB-USP), se ha demostrado que el material a base de polietileno elimina el 99,84% de las part\u00edculas del SARS-CoV -2 despu\u00e9s de dos minutos de contacto.<\/p>\n\n\n\n<p>______________________________________________________________________________________________________________<\/p>\n\n\n\n<p><strong>CDMF<\/strong><\/p>\n\n\n\n<p>El CDMF es uno de los Centros de Investigaci\u00f3n, Innovaci\u00f3n y Difusi\u00f3n (<a rel=\"noreferrer noopener\" href=\"https:\/\/cepid.fapesp.br\/home\/\" target=\"_blank\">Cepids<\/a>) apoyados por la Fundaci\u00f3n de Apoyo a la Investigaci\u00f3n del Estado de S\u00e3o Paulo (<a rel=\"noreferrer noopener\" href=\"https:\/\/fapesp.br\/\" target=\"_blank\">Fapesp<\/a>), y tambi\u00e9n recibe inversi\u00f3n del Consejo Nacional de Desarrollo Cient\u00edfico y Tecnol\u00f3gico (<a rel=\"noreferrer noopener\" href=\"https:\/\/www.gov.br\/cnpq\" target=\"_blank\">CNPq<\/a>), del Instituto Nacional de Materiales. Ciencia y Tecnolog\u00eda en Nanotecnolog\u00eda (INCTMN). Trabaja en colaboraci\u00f3n con varios laboratorios del mundo en los que se agrupan el INTEMA (de Argentina) y la Universidad Jaume I de Espa\u00f1a.<\/p>\n\n\n\n<p>Publicado originalmente en <a href=\"https:\/\/www.sportlife.es\/\" target=\"_blank\" rel=\"noreferrer noopener\">SportLife<\/a><\/p>\n","protected":false},"excerpt":{"rendered":"<div class=\"mh-excerpt\"><p>El desarrollo de este nuevo material, que&nbsp;se puede utilizar a modo de una imprimaci\u00f3n pl\u00e1stica aplicable sobre diferentes materiales, est\u00e1 basado en una combinaci\u00f3n de&nbsp;nanopart\u00edculas de plata, s\u00edlice y polietileno, con capacidad para oxidar el <a class=\"mh-excerpt-more\" href=\"https:\/\/cdmf.org.br\/es\/la-membrana-plastica-que-protege-las-superficies-contra-el-coronavirus\/\" title=\"La membrana pl\u00e1stica que protege las superficies contra el coronavirus\">[&#8230;]<\/a><\/p>\n<\/div>","protected":false},"author":1,"featured_media":126,"comment_status":"closed","ping_status":"open","sticky":false,"template":"","format":"standard","meta":{"_monsterinsights_skip_tracking":false,"_monsterinsights_sitenote_active":false,"_monsterinsights_sitenote_note":"","_monsterinsights_sitenote_category":0,"footnotes":""},"categories":[4],"tags":[17,13,14,16,15,20,18,21],"class_list":{"0":"post-125","1":"post","2":"type-post","3":"status-publish","4":"format-standard","5":"has-post-thumbnail","7":"category-noticias","8":"tag-capes","9":"tag-cdmf","10":"tag-cepid","11":"tag-cnpq","12":"tag-fapesp","13":"tag-finep","14":"tag-ufscar","15":"tag-uji"},"yoast_head":"<!-- This site is optimized with the Yoast SEO plugin v27.2 - https:\/\/yoast.com\/product\/yoast-seo-wordpress\/ -->\n<title>La membrana pl\u00e1stica que protege las superficies contra el coronavirus - Centro de Desarrollo de Materiales Funcionales<\/title>\n<meta name=\"robots\" content=\"index, follow, max-snippet:-1, max-image-preview:large, max-video-preview:-1\" \/>\n<link rel=\"canonical\" href=\"https:\/\/cdmf.org.br\/es\/la-membrana-plastica-que-protege-las-superficies-contra-el-coronavirus\/\" \/>\n<meta property=\"og:locale\" content=\"es_ES\" \/>\n<meta property=\"og:type\" content=\"article\" \/>\n<meta property=\"og:title\" content=\"La membrana pl\u00e1stica que protege las superficies contra el coronavirus - Centro de Desarrollo de Materiales Funcionales\" \/>\n<meta property=\"og:description\" content=\"El desarrollo de este nuevo material, que&nbsp;se puede utilizar a modo de una imprimaci\u00f3n pl\u00e1stica aplicable sobre diferentes materiales, est\u00e1 basado en una combinaci\u00f3n de&nbsp;nanopart\u00edculas de plata, s\u00edlice y polietileno, con capacidad para oxidar el [...]\" \/>\n<meta property=\"og:url\" content=\"https:\/\/cdmf.org.br\/es\/la-membrana-plastica-que-protege-las-superficies-contra-el-coronavirus\/\" \/>\n<meta property=\"og:site_name\" content=\"Centro de Desarrollo de Materiales Funcionales\" \/>\n<meta property=\"article:publisher\" content=\"https:\/\/www.facebook.com\/CDMFCEPID\/\" \/>\n<meta property=\"article:published_time\" content=\"2021-12-17T15:15:12+00:00\" \/>\n<meta property=\"article:modified_time\" content=\"2021-12-17T15:15:14+00:00\" \/>\n<meta property=\"og:image\" content=\"https:\/\/cdmf.org.br\/es\/wp-content\/uploads\/2021\/12\/pelicula-678x381-1.jpeg\" \/>\n\t<meta property=\"og:image:width\" content=\"678\" \/>\n\t<meta property=\"og:image:height\" content=\"381\" \/>\n\t<meta property=\"og:image:type\" content=\"image\/jpeg\" \/>\n<meta name=\"author\" content=\"LAbI\" \/>\n<meta name=\"twitter:card\" content=\"summary_large_image\" \/>\n<meta name=\"twitter:creator\" content=\"@CDMF_comunica\" \/>\n<meta name=\"twitter:site\" content=\"@CDMF_comunica\" \/>\n<meta name=\"twitter:label1\" content=\"Escrito por\" \/>\n\t<meta name=\"twitter:data1\" content=\"LAbI\" \/>\n\t<meta name=\"twitter:label2\" content=\"Tiempo de lectura\" \/>\n\t<meta name=\"twitter:data2\" content=\"3 minutos\" \/>\n<script type=\"application\/ld+json\" class=\"yoast-schema-graph\">{\"@context\":\"https:\/\/schema.org\",\"@graph\":[{\"@type\":\"Article\",\"@id\":\"https:\/\/cdmf.org.br\/es\/la-membrana-plastica-que-protege-las-superficies-contra-el-coronavirus\/#article\",\"isPartOf\":{\"@id\":\"https:\/\/cdmf.org.br\/es\/la-membrana-plastica-que-protege-las-superficies-contra-el-coronavirus\/\"},\"author\":{\"name\":\"LAbI\",\"@id\":\"https:\/\/cdmf.org.br\/es\/#\/schema\/person\/0c86b5758e48bcdd7bf9766739759855\"},\"headline\":\"La membrana pl\u00e1stica que protege las superficies contra el coronavirus\",\"datePublished\":\"2021-12-17T15:15:12+00:00\",\"dateModified\":\"2021-12-17T15:15:14+00:00\",\"mainEntityOfPage\":{\"@id\":\"https:\/\/cdmf.org.br\/es\/la-membrana-plastica-que-protege-las-superficies-contra-el-coronavirus\/\"},\"wordCount\":607,\"publisher\":{\"@id\":\"https:\/\/cdmf.org.br\/es\/#organization\"},\"image\":{\"@id\":\"https:\/\/cdmf.org.br\/es\/la-membrana-plastica-que-protege-las-superficies-contra-el-coronavirus\/#primaryimage\"},\"thumbnailUrl\":\"https:\/\/cdmf.org.br\/es\/wp-content\/uploads\/2021\/12\/pelicula-678x381-1.jpeg\",\"keywords\":[\"CAPES\",\"CDMF\",\"CEPID\",\"CNPq\",\"FAPESP\",\"Finep\",\"UFSCar\",\"UJI\"],\"articleSection\":[\"Noticias\"],\"inLanguage\":\"es\"},{\"@type\":\"WebPage\",\"@id\":\"https:\/\/cdmf.org.br\/es\/la-membrana-plastica-que-protege-las-superficies-contra-el-coronavirus\/\",\"url\":\"https:\/\/cdmf.org.br\/es\/la-membrana-plastica-que-protege-las-superficies-contra-el-coronavirus\/\",\"name\":\"La membrana pl\u00e1stica que protege las superficies contra el coronavirus - Centro de Desarrollo de Materiales Funcionales\",\"isPartOf\":{\"@id\":\"https:\/\/cdmf.org.br\/es\/#website\"},\"primaryImageOfPage\":{\"@id\":\"https:\/\/cdmf.org.br\/es\/la-membrana-plastica-que-protege-las-superficies-contra-el-coronavirus\/#primaryimage\"},\"image\":{\"@id\":\"https:\/\/cdmf.org.br\/es\/la-membrana-plastica-que-protege-las-superficies-contra-el-coronavirus\/#primaryimage\"},\"thumbnailUrl\":\"https:\/\/cdmf.org.br\/es\/wp-content\/uploads\/2021\/12\/pelicula-678x381-1.jpeg\",\"datePublished\":\"2021-12-17T15:15:12+00:00\",\"dateModified\":\"2021-12-17T15:15:14+00:00\",\"breadcrumb\":{\"@id\":\"https:\/\/cdmf.org.br\/es\/la-membrana-plastica-que-protege-las-superficies-contra-el-coronavirus\/#breadcrumb\"},\"inLanguage\":\"es\",\"potentialAction\":[{\"@type\":\"ReadAction\",\"target\":[\"https:\/\/cdmf.org.br\/es\/la-membrana-plastica-que-protege-las-superficies-contra-el-coronavirus\/\"]}]},{\"@type\":\"ImageObject\",\"inLanguage\":\"es\",\"@id\":\"https:\/\/cdmf.org.br\/es\/la-membrana-plastica-que-protege-las-superficies-contra-el-coronavirus\/#primaryimage\",\"url\":\"https:\/\/cdmf.org.br\/es\/wp-content\/uploads\/2021\/12\/pelicula-678x381-1.jpeg\",\"contentUrl\":\"https:\/\/cdmf.org.br\/es\/wp-content\/uploads\/2021\/12\/pelicula-678x381-1.jpeg\",\"width\":678,\"height\":381},{\"@type\":\"BreadcrumbList\",\"@id\":\"https:\/\/cdmf.org.br\/es\/la-membrana-plastica-que-protege-las-superficies-contra-el-coronavirus\/#breadcrumb\",\"itemListElement\":[{\"@type\":\"ListItem\",\"position\":1,\"name\":\"Portada\",\"item\":\"https:\/\/cdmf.org.br\/es\/\"},{\"@type\":\"ListItem\",\"position\":2,\"name\":\"La membrana pl\u00e1stica que protege las superficies contra el coronavirus\"}]},{\"@type\":\"WebSite\",\"@id\":\"https:\/\/cdmf.org.br\/es\/#website\",\"url\":\"https:\/\/cdmf.org.br\/es\/\",\"name\":\"Centro de Desarrollo de Materiales Funcionales\",\"description\":\"Producci\u00f3n de materiales funcionales y nanoestructurados para satisfacer las nuevas necesidades de la sociedad\",\"publisher\":{\"@id\":\"https:\/\/cdmf.org.br\/es\/#organization\"},\"potentialAction\":[{\"@type\":\"SearchAction\",\"target\":{\"@type\":\"EntryPoint\",\"urlTemplate\":\"https:\/\/cdmf.org.br\/es\/?s={search_term_string}\"},\"query-input\":{\"@type\":\"PropertyValueSpecification\",\"valueRequired\":true,\"valueName\":\"search_term_string\"}}],\"inLanguage\":\"es\"},{\"@type\":\"Organization\",\"@id\":\"https:\/\/cdmf.org.br\/es\/#organization\",\"name\":\"CENTRO DE DESARROLLO DE MATERIALES FUNCIONALES\",\"url\":\"https:\/\/cdmf.org.br\/es\/\",\"logo\":{\"@type\":\"ImageObject\",\"inLanguage\":\"es\",\"@id\":\"https:\/\/cdmf.org.br\/es\/#\/schema\/logo\/image\/\",\"url\":\"https:\/\/cdmf.org.br\/es\/wp-content\/uploads\/2021\/12\/logo-cdmf-labi-ufscar-site-es.png\",\"contentUrl\":\"https:\/\/cdmf.org.br\/es\/wp-content\/uploads\/2021\/12\/logo-cdmf-labi-ufscar-site-es.png\",\"width\":279,\"height\":92,\"caption\":\"CENTRO DE DESARROLLO DE MATERIALES FUNCIONALES\"},\"image\":{\"@id\":\"https:\/\/cdmf.org.br\/es\/#\/schema\/logo\/image\/\"},\"sameAs\":[\"https:\/\/www.facebook.com\/CDMFCEPID\/\",\"https:\/\/x.com\/CDMF_comunica\",\"https:\/\/www.instagram.com\/cdmf_fapesp\/\",\"https:\/\/www.linkedin.com\/company\/33200618\/admin\/\",\"https:\/\/www.youtube.com\/playlist?list=UU3F0dJH6jQgFUC66RLxfetg\"]},{\"@type\":\"Person\",\"@id\":\"https:\/\/cdmf.org.br\/es\/#\/schema\/person\/0c86b5758e48bcdd7bf9766739759855\",\"name\":\"LAbI\",\"image\":{\"@type\":\"ImageObject\",\"inLanguage\":\"es\",\"@id\":\"https:\/\/secure.gravatar.com\/avatar\/12a7eca69d80041ba1ec4d8a982f14f38d7ebc5ec1d6e844decf3c74fc0f27bb?s=96&d=mm&r=g\",\"url\":\"https:\/\/secure.gravatar.com\/avatar\/12a7eca69d80041ba1ec4d8a982f14f38d7ebc5ec1d6e844decf3c74fc0f27bb?s=96&d=mm&r=g\",\"contentUrl\":\"https:\/\/secure.gravatar.com\/avatar\/12a7eca69d80041ba1ec4d8a982f14f38d7ebc5ec1d6e844decf3c74fc0f27bb?s=96&d=mm&r=g\",\"caption\":\"LAbI\"},\"sameAs\":[\"https:\/\/cdmf.org.br\/es\"],\"url\":\"https:\/\/cdmf.org.br\/es\/author\/labi\/\"}]}<\/script>\n<!-- \/ Yoast SEO plugin. -->","yoast_head_json":{"title":"La membrana pl\u00e1stica que protege las superficies contra el coronavirus - Centro de Desarrollo de Materiales Funcionales","robots":{"index":"index","follow":"follow","max-snippet":"max-snippet:-1","max-image-preview":"max-image-preview:large","max-video-preview":"max-video-preview:-1"},"canonical":"https:\/\/cdmf.org.br\/es\/la-membrana-plastica-que-protege-las-superficies-contra-el-coronavirus\/","og_locale":"es_ES","og_type":"article","og_title":"La membrana pl\u00e1stica que protege las superficies contra el coronavirus - Centro de Desarrollo de Materiales Funcionales","og_description":"El desarrollo de este nuevo material, que&nbsp;se puede utilizar a modo de una imprimaci\u00f3n pl\u00e1stica aplicable sobre diferentes materiales, est\u00e1 basado en una combinaci\u00f3n de&nbsp;nanopart\u00edculas de plata, s\u00edlice y polietileno, con capacidad para oxidar el [...]","og_url":"https:\/\/cdmf.org.br\/es\/la-membrana-plastica-que-protege-las-superficies-contra-el-coronavirus\/","og_site_name":"Centro de Desarrollo de Materiales Funcionales","article_publisher":"https:\/\/www.facebook.com\/CDMFCEPID\/","article_published_time":"2021-12-17T15:15:12+00:00","article_modified_time":"2021-12-17T15:15:14+00:00","og_image":[{"width":678,"height":381,"url":"https:\/\/cdmf.org.br\/es\/wp-content\/uploads\/2021\/12\/pelicula-678x381-1.jpeg","type":"image\/jpeg"}],"author":"LAbI","twitter_card":"summary_large_image","twitter_creator":"@CDMF_comunica","twitter_site":"@CDMF_comunica","twitter_misc":{"Escrito por":"LAbI","Tiempo de lectura":"3 minutos"},"schema":{"@context":"https:\/\/schema.org","@graph":[{"@type":"Article","@id":"https:\/\/cdmf.org.br\/es\/la-membrana-plastica-que-protege-las-superficies-contra-el-coronavirus\/#article","isPartOf":{"@id":"https:\/\/cdmf.org.br\/es\/la-membrana-plastica-que-protege-las-superficies-contra-el-coronavirus\/"},"author":{"name":"LAbI","@id":"https:\/\/cdmf.org.br\/es\/#\/schema\/person\/0c86b5758e48bcdd7bf9766739759855"},"headline":"La membrana pl\u00e1stica que protege las superficies contra el coronavirus","datePublished":"2021-12-17T15:15:12+00:00","dateModified":"2021-12-17T15:15:14+00:00","mainEntityOfPage":{"@id":"https:\/\/cdmf.org.br\/es\/la-membrana-plastica-que-protege-las-superficies-contra-el-coronavirus\/"},"wordCount":607,"publisher":{"@id":"https:\/\/cdmf.org.br\/es\/#organization"},"image":{"@id":"https:\/\/cdmf.org.br\/es\/la-membrana-plastica-que-protege-las-superficies-contra-el-coronavirus\/#primaryimage"},"thumbnailUrl":"https:\/\/cdmf.org.br\/es\/wp-content\/uploads\/2021\/12\/pelicula-678x381-1.jpeg","keywords":["CAPES","CDMF","CEPID","CNPq","FAPESP","Finep","UFSCar","UJI"],"articleSection":["Noticias"],"inLanguage":"es"},{"@type":"WebPage","@id":"https:\/\/cdmf.org.br\/es\/la-membrana-plastica-que-protege-las-superficies-contra-el-coronavirus\/","url":"https:\/\/cdmf.org.br\/es\/la-membrana-plastica-que-protege-las-superficies-contra-el-coronavirus\/","name":"La membrana pl\u00e1stica que protege las superficies contra el coronavirus - Centro de Desarrollo de Materiales Funcionales","isPartOf":{"@id":"https:\/\/cdmf.org.br\/es\/#website"},"primaryImageOfPage":{"@id":"https:\/\/cdmf.org.br\/es\/la-membrana-plastica-que-protege-las-superficies-contra-el-coronavirus\/#primaryimage"},"image":{"@id":"https:\/\/cdmf.org.br\/es\/la-membrana-plastica-que-protege-las-superficies-contra-el-coronavirus\/#primaryimage"},"thumbnailUrl":"https:\/\/cdmf.org.br\/es\/wp-content\/uploads\/2021\/12\/pelicula-678x381-1.jpeg","datePublished":"2021-12-17T15:15:12+00:00","dateModified":"2021-12-17T15:15:14+00:00","breadcrumb":{"@id":"https:\/\/cdmf.org.br\/es\/la-membrana-plastica-que-protege-las-superficies-contra-el-coronavirus\/#breadcrumb"},"inLanguage":"es","potentialAction":[{"@type":"ReadAction","target":["https:\/\/cdmf.org.br\/es\/la-membrana-plastica-que-protege-las-superficies-contra-el-coronavirus\/"]}]},{"@type":"ImageObject","inLanguage":"es","@id":"https:\/\/cdmf.org.br\/es\/la-membrana-plastica-que-protege-las-superficies-contra-el-coronavirus\/#primaryimage","url":"https:\/\/cdmf.org.br\/es\/wp-content\/uploads\/2021\/12\/pelicula-678x381-1.jpeg","contentUrl":"https:\/\/cdmf.org.br\/es\/wp-content\/uploads\/2021\/12\/pelicula-678x381-1.jpeg","width":678,"height":381},{"@type":"BreadcrumbList","@id":"https:\/\/cdmf.org.br\/es\/la-membrana-plastica-que-protege-las-superficies-contra-el-coronavirus\/#breadcrumb","itemListElement":[{"@type":"ListItem","position":1,"name":"Portada","item":"https:\/\/cdmf.org.br\/es\/"},{"@type":"ListItem","position":2,"name":"La membrana pl\u00e1stica que protege las superficies contra el coronavirus"}]},{"@type":"WebSite","@id":"https:\/\/cdmf.org.br\/es\/#website","url":"https:\/\/cdmf.org.br\/es\/","name":"Centro de Desarrollo de Materiales Funcionales","description":"Producci\u00f3n de materiales funcionales y nanoestructurados para satisfacer las nuevas necesidades de la sociedad","publisher":{"@id":"https:\/\/cdmf.org.br\/es\/#organization"},"potentialAction":[{"@type":"SearchAction","target":{"@type":"EntryPoint","urlTemplate":"https:\/\/cdmf.org.br\/es\/?s={search_term_string}"},"query-input":{"@type":"PropertyValueSpecification","valueRequired":true,"valueName":"search_term_string"}}],"inLanguage":"es"},{"@type":"Organization","@id":"https:\/\/cdmf.org.br\/es\/#organization","name":"CENTRO DE DESARROLLO DE MATERIALES FUNCIONALES","url":"https:\/\/cdmf.org.br\/es\/","logo":{"@type":"ImageObject","inLanguage":"es","@id":"https:\/\/cdmf.org.br\/es\/#\/schema\/logo\/image\/","url":"https:\/\/cdmf.org.br\/es\/wp-content\/uploads\/2021\/12\/logo-cdmf-labi-ufscar-site-es.png","contentUrl":"https:\/\/cdmf.org.br\/es\/wp-content\/uploads\/2021\/12\/logo-cdmf-labi-ufscar-site-es.png","width":279,"height":92,"caption":"CENTRO DE DESARROLLO DE MATERIALES FUNCIONALES"},"image":{"@id":"https:\/\/cdmf.org.br\/es\/#\/schema\/logo\/image\/"},"sameAs":["https:\/\/www.facebook.com\/CDMFCEPID\/","https:\/\/x.com\/CDMF_comunica","https:\/\/www.instagram.com\/cdmf_fapesp\/","https:\/\/www.linkedin.com\/company\/33200618\/admin\/","https:\/\/www.youtube.com\/playlist?list=UU3F0dJH6jQgFUC66RLxfetg"]},{"@type":"Person","@id":"https:\/\/cdmf.org.br\/es\/#\/schema\/person\/0c86b5758e48bcdd7bf9766739759855","name":"LAbI","image":{"@type":"ImageObject","inLanguage":"es","@id":"https:\/\/secure.gravatar.com\/avatar\/12a7eca69d80041ba1ec4d8a982f14f38d7ebc5ec1d6e844decf3c74fc0f27bb?s=96&d=mm&r=g","url":"https:\/\/secure.gravatar.com\/avatar\/12a7eca69d80041ba1ec4d8a982f14f38d7ebc5ec1d6e844decf3c74fc0f27bb?s=96&d=mm&r=g","contentUrl":"https:\/\/secure.gravatar.com\/avatar\/12a7eca69d80041ba1ec4d8a982f14f38d7ebc5ec1d6e844decf3c74fc0f27bb?s=96&d=mm&r=g","caption":"LAbI"},"sameAs":["https:\/\/cdmf.org.br\/es"],"url":"https:\/\/cdmf.org.br\/es\/author\/labi\/"}]}},"_links":{"self":[{"href":"https:\/\/cdmf.org.br\/es\/wp-json\/wp\/v2\/posts\/125","targetHints":{"allow":["GET"]}}],"collection":[{"href":"https:\/\/cdmf.org.br\/es\/wp-json\/wp\/v2\/posts"}],"about":[{"href":"https:\/\/cdmf.org.br\/es\/wp-json\/wp\/v2\/types\/post"}],"author":[{"embeddable":true,"href":"https:\/\/cdmf.org.br\/es\/wp-json\/wp\/v2\/users\/1"}],"replies":[{"embeddable":true,"href":"https:\/\/cdmf.org.br\/es\/wp-json\/wp\/v2\/comments?post=125"}],"version-history":[{"count":1,"href":"https:\/\/cdmf.org.br\/es\/wp-json\/wp\/v2\/posts\/125\/revisions"}],"predecessor-version":[{"id":127,"href":"https:\/\/cdmf.org.br\/es\/wp-json\/wp\/v2\/posts\/125\/revisions\/127"}],"wp:featuredmedia":[{"embeddable":true,"href":"https:\/\/cdmf.org.br\/es\/wp-json\/wp\/v2\/media\/126"}],"wp:attachment":[{"href":"https:\/\/cdmf.org.br\/es\/wp-json\/wp\/v2\/media?parent=125"}],"wp:term":[{"taxonomy":"category","embeddable":true,"href":"https:\/\/cdmf.org.br\/es\/wp-json\/wp\/v2\/categories?post=125"},{"taxonomy":"post_tag","embeddable":true,"href":"https:\/\/cdmf.org.br\/es\/wp-json\/wp\/v2\/tags?post=125"}],"curies":[{"name":"wp","href":"https:\/\/api.w.org\/{rel}","templated":true}]}}