{"id":134,"date":"2021-12-17T15:25:55","date_gmt":"2021-12-17T15:25:55","guid":{"rendered":"https:\/\/cdmf.org.br\/es\/?p=134"},"modified":"2021-12-17T15:32:55","modified_gmt":"2021-12-17T15:32:55","slug":"video-educativo-sobre-las-vacunas-producido-por-el-cdmf-y-el-labi-en-su-version-en-espanol-en-asociacion-con-uji-y-unmdp","status":"publish","type":"post","link":"https:\/\/cdmf.org.br\/es\/video-educativo-sobre-las-vacunas-producido-por-el-cdmf-y-el-labi-en-su-version-en-espanol-en-asociacion-con-uji-y-unmdp\/","title":{"rendered":"Video educativo sobre las vacunas producido por el CDMF y el LAbI en su versi\u00f3n en espa\u00f1ol en asociaci\u00f3n con UJI y UNMdP"},"content":{"rendered":"\n<p>\u00c9ste es un video educativo que aborda la seguridad de las vacunas contra COVID-19 y la importancia de la vacunaci\u00f3n como una forma de afrontar la enfermedad producida por el SARS COV 2. Este video fue producido y editado por el Centro de Desarrollo de Materiales Funcionales (<a href=\"http:\/\/cdmf.org.br\/\" target=\"_blank\" rel=\"noreferrer noopener\">CDMF<\/a>) y el Laboratorio de Interactividad Abierta de la Universidad Federal de S\u00e3o Carlos (<a href=\"https:\/\/www.labi.ufscar.br\/\" target=\"_blank\" rel=\"noreferrer noopener\">LAbI \u2013 UFSCar<\/a>). Esta versi\u00f3n en espa\u00f1ol dise\u00f1ada en colaboraci\u00f3n con el Laboratorio de Qu\u00edmica Te\u00f3rica y Computacional (QTC) de la Universitat Jaume I (<a href=\"https:\/\/www.uji.es\/\" target=\"_blank\" rel=\"noreferrer noopener\">UJI<\/a>), de Espa\u00f1a, y con la Universidad Nacional de Mar del Plata (<a href=\"https:\/\/www.mdp.edu.ar\/\" target=\"_blank\" rel=\"noreferrer noopener\">UNMdP<\/a>), de Argentina.<\/p>\n\n\n\n<p>La nueva versi\u00f3n del video cont\u00f3 con la traducci\u00f3n del gui\u00f3n por la Dra. Amanda F. Gouveia, de la UJI, y la revisi\u00f3n del Dr. Juan Andr\u00e9s, tambi\u00e9n de la UJI, y El Dr. Miguel Ponce, de la UNMdP y PVE (CNPQ), todos integrantes de la CDMF. La narraci\u00f3n estuvo a cargo de Mg. Darugna Ayel\u00e9n, maestra de primaria\/alfabetizaci\u00f3n de la ciudad de Tandil, Argentina.<\/p>\n\n\n\n<p>El video tiene una duraci\u00f3n de aproximadamente 2 minutos y ya se ha puesto a disposici\u00f3n en las m\u00e1s diversas redes sociales, como Facebook, Instagram, Twitter y Linkedin por CDMF y LAbI. Adem\u00e1s, se desarroll\u00f3 un formato de menor resoluci\u00f3n para compartir en listas de transmisi\u00f3n de WhatsApp.<\/p>\n\n\n\n<p>Mira el video a continuaci\u00f3n:<\/p>\n\n\n\n<figure class=\"wp-block-embed is-type-video is-provider-youtube wp-block-embed-youtube wp-embed-aspect-16-9 wp-has-aspect-ratio\"><div class=\"wp-block-embed__wrapper\">\n<div class=\"epyt-video-wrapper\"><iframe loading=\"lazy\"  id=\"_ytid_44545\"  width=\"800\" height=\"450\"  data-origwidth=\"800\" data-origheight=\"450\" src=\"https:\/\/www.youtube.com\/embed\/LjxUt6D0uGI?enablejsapi=1&#038;autoplay=0&#038;cc_load_policy=0&#038;cc_lang_pref=&#038;iv_load_policy=1&#038;loop=0&#038;rel=1&#038;fs=1&#038;playsinline=0&#038;autohide=2&#038;theme=dark&#038;color=red&#038;controls=1&#038;disablekb=0&#038;\" class=\"__youtube_prefs__  epyt-is-override  no-lazyload\" title=\"YouTube player\"  allow=\"fullscreen; accelerometer; autoplay; clipboard-write; encrypted-media; gyroscope; picture-in-picture; web-share\" referrerpolicy=\"strict-origin-when-cross-origin\" allowfullscreen data-no-lazy=\"1\" data-skipgform_ajax_framebjll=\"\"><\/iframe><\/div>\n<\/div><\/figure>\n\n\n\n<p>El nuevo video es parte de las acciones de la campa\u00f1a \u201cConf\u00edo en la vacuna\u201d lanzada recientemente por el CDMF, que desde el surgimiento de la crisis sanitaria del COVID-19. Se vienen desarrollando investigaciones que dan lugar a productos innovadores como as\u00ed tambi\u00e9n se realiza la difusi\u00f3n de informaci\u00f3n cient\u00edfica confiable como una forma de afrontar la pandemia.<\/p>\n\n\n\n<p>______________________________________________________________________________________________________________<\/p>\n\n\n\n<p><strong>CDMF<\/strong><\/p>\n\n\n\n<p>El CDMF es uno de los Centros de Investigaci\u00f3n, Innovaci\u00f3n y Difusi\u00f3n (<a rel=\"noreferrer noopener\" href=\"https:\/\/cepid.fapesp.br\/home\/\" target=\"_blank\">Cepids<\/a>) apoyados por la Fundaci\u00f3n de Apoyo a la Investigaci\u00f3n del Estado de S\u00e3o Paulo (<a rel=\"noreferrer noopener\" href=\"https:\/\/fapesp.br\/\" target=\"_blank\">Fapesp<\/a>), y tambi\u00e9n recibe inversi\u00f3n del Consejo Nacional de Desarrollo Cient\u00edfico y Tecnol\u00f3gico (<a rel=\"noreferrer noopener\" href=\"https:\/\/www.gov.br\/cnpq\" target=\"_blank\">CNPq<\/a>), del Instituto Nacional de Materiales. Ciencia y Tecnolog\u00eda en Nanotecnolog\u00eda (INCTMN). Trabaja en colaboraci\u00f3n con varios laboratorios del mundo en los que se agrupan el INTEMA (de Argentina) y la Universidad Jaume I de Espa\u00f1a.<\/p>\n","protected":false},"excerpt":{"rendered":"<div class=\"mh-excerpt\"><p>\u00c9ste es un video educativo que aborda la seguridad de las vacunas contra COVID-19 y la importancia de la vacunaci\u00f3n como una forma de afrontar la enfermedad producida por el SARS COV 2. Este video <a class=\"mh-excerpt-more\" href=\"https:\/\/cdmf.org.br\/es\/video-educativo-sobre-las-vacunas-producido-por-el-cdmf-y-el-labi-en-su-version-en-espanol-en-asociacion-con-uji-y-unmdp\/\" title=\"Video educativo sobre las vacunas producido por el CDMF y el LAbI en su versi\u00f3n en espa\u00f1ol en asociaci\u00f3n con UJI y UNMdP\">[&#8230;]<\/a><\/p>\n<\/div>","protected":false},"author":1,"featured_media":139,"comment_status":"closed","ping_status":"open","sticky":false,"template":"","format":"standard","meta":{"_monsterinsights_skip_tracking":false,"_monsterinsights_sitenote_active":false,"_monsterinsights_sitenote_note":"","_monsterinsights_sitenote_category":0,"footnotes":""},"categories":[4],"tags":[17,13,14,16,23,15,20,30,31,18,21,25,32],"class_list":{"0":"post-134","1":"post","2":"type-post","3":"status-publish","4":"format-standard","5":"has-post-thumbnail","7":"category-noticias","8":"tag-capes","9":"tag-cdmf","10":"tag-cepid","11":"tag-cnpq","12":"tag-covid","13":"tag-fapesp","14":"tag-finep","15":"tag-labi","16":"tag-labi-ufscar","17":"tag-ufscar","18":"tag-uji","19":"tag-unmdp","20":"tag-vacunas"},"yoast_head":"<!-- This site is optimized with the Yoast SEO plugin v27.2 - https:\/\/yoast.com\/product\/yoast-seo-wordpress\/ -->\n<title>Video educativo sobre las vacunas producido por el CDMF y el LAbI en su versi\u00f3n en espa\u00f1ol en asociaci\u00f3n con UJI y UNMdP - Centro de Desarrollo de Materiales Funcionales<\/title>\n<meta name=\"robots\" content=\"index, follow, max-snippet:-1, max-image-preview:large, max-video-preview:-1\" \/>\n<link rel=\"canonical\" href=\"https:\/\/cdmf.org.br\/es\/video-educativo-sobre-las-vacunas-producido-por-el-cdmf-y-el-labi-en-su-version-en-espanol-en-asociacion-con-uji-y-unmdp\/\" \/>\n<meta property=\"og:locale\" content=\"es_ES\" \/>\n<meta property=\"og:type\" content=\"article\" \/>\n<meta property=\"og:title\" content=\"Video educativo sobre las vacunas producido por el CDMF y el LAbI en su versi\u00f3n en espa\u00f1ol en asociaci\u00f3n con UJI y UNMdP - Centro de Desarrollo de Materiales Funcionales\" \/>\n<meta property=\"og:description\" content=\"\u00c9ste es un video educativo que aborda la seguridad de las vacunas contra COVID-19 y la importancia de la vacunaci\u00f3n como una forma de afrontar la enfermedad producida por el SARS COV 2. Este video [...]\" \/>\n<meta property=\"og:url\" content=\"https:\/\/cdmf.org.br\/es\/video-educativo-sobre-las-vacunas-producido-por-el-cdmf-y-el-labi-en-su-version-en-espanol-en-asociacion-con-uji-y-unmdp\/\" \/>\n<meta property=\"og:site_name\" content=\"Centro de Desarrollo de Materiales Funcionales\" \/>\n<meta property=\"article:publisher\" content=\"https:\/\/www.facebook.com\/CDMFCEPID\/\" \/>\n<meta property=\"article:published_time\" content=\"2021-12-17T15:25:55+00:00\" \/>\n<meta property=\"article:modified_time\" content=\"2021-12-17T15:32:55+00:00\" \/>\n<meta property=\"og:image\" content=\"https:\/\/cdmf.org.br\/es\/wp-content\/uploads\/2021\/12\/vacunas.jpg\" \/>\n\t<meta property=\"og:image:width\" content=\"678\" \/>\n\t<meta property=\"og:image:height\" content=\"381\" \/>\n\t<meta property=\"og:image:type\" content=\"image\/jpeg\" \/>\n<meta name=\"author\" content=\"LAbI\" \/>\n<meta name=\"twitter:card\" content=\"summary_large_image\" \/>\n<meta name=\"twitter:creator\" content=\"@CDMF_comunica\" \/>\n<meta name=\"twitter:site\" content=\"@CDMF_comunica\" \/>\n<meta name=\"twitter:label1\" content=\"Escrito por\" \/>\n\t<meta name=\"twitter:data1\" content=\"LAbI\" \/>\n\t<meta name=\"twitter:label2\" content=\"Tiempo de lectura\" \/>\n\t<meta name=\"twitter:data2\" content=\"2 minutos\" \/>\n<script type=\"application\/ld+json\" class=\"yoast-schema-graph\">{\"@context\":\"https:\/\/schema.org\",\"@graph\":[{\"@type\":\"Article\",\"@id\":\"https:\/\/cdmf.org.br\/es\/video-educativo-sobre-las-vacunas-producido-por-el-cdmf-y-el-labi-en-su-version-en-espanol-en-asociacion-con-uji-y-unmdp\/#article\",\"isPartOf\":{\"@id\":\"https:\/\/cdmf.org.br\/es\/video-educativo-sobre-las-vacunas-producido-por-el-cdmf-y-el-labi-en-su-version-en-espanol-en-asociacion-con-uji-y-unmdp\/\"},\"author\":{\"name\":\"LAbI\",\"@id\":\"https:\/\/cdmf.org.br\/es\/#\/schema\/person\/0c86b5758e48bcdd7bf9766739759855\"},\"headline\":\"Video educativo sobre las vacunas producido por el CDMF y el LAbI en su versi\u00f3n en espa\u00f1ol en asociaci\u00f3n con UJI y UNMdP\",\"datePublished\":\"2021-12-17T15:25:55+00:00\",\"dateModified\":\"2021-12-17T15:32:55+00:00\",\"mainEntityOfPage\":{\"@id\":\"https:\/\/cdmf.org.br\/es\/video-educativo-sobre-las-vacunas-producido-por-el-cdmf-y-el-labi-en-su-version-en-espanol-en-asociacion-con-uji-y-unmdp\/\"},\"wordCount\":428,\"publisher\":{\"@id\":\"https:\/\/cdmf.org.br\/es\/#organization\"},\"image\":{\"@id\":\"https:\/\/cdmf.org.br\/es\/video-educativo-sobre-las-vacunas-producido-por-el-cdmf-y-el-labi-en-su-version-en-espanol-en-asociacion-con-uji-y-unmdp\/#primaryimage\"},\"thumbnailUrl\":\"https:\/\/cdmf.org.br\/es\/wp-content\/uploads\/2021\/12\/vacunas.jpg\",\"keywords\":[\"CAPES\",\"CDMF\",\"CEPID\",\"CNPq\",\"COVID\",\"FAPESP\",\"Finep\",\"LAbI\",\"LAbI - UFSCar\",\"UFSCar\",\"UJI\",\"UNMdP\",\"Vacunas\"],\"articleSection\":[\"Noticias\"],\"inLanguage\":\"es\"},{\"@type\":\"WebPage\",\"@id\":\"https:\/\/cdmf.org.br\/es\/video-educativo-sobre-las-vacunas-producido-por-el-cdmf-y-el-labi-en-su-version-en-espanol-en-asociacion-con-uji-y-unmdp\/\",\"url\":\"https:\/\/cdmf.org.br\/es\/video-educativo-sobre-las-vacunas-producido-por-el-cdmf-y-el-labi-en-su-version-en-espanol-en-asociacion-con-uji-y-unmdp\/\",\"name\":\"Video educativo sobre las vacunas producido por el CDMF y el LAbI en su versi\u00f3n en espa\u00f1ol en asociaci\u00f3n con UJI y UNMdP - Centro de Desarrollo de Materiales Funcionales\",\"isPartOf\":{\"@id\":\"https:\/\/cdmf.org.br\/es\/#website\"},\"primaryImageOfPage\":{\"@id\":\"https:\/\/cdmf.org.br\/es\/video-educativo-sobre-las-vacunas-producido-por-el-cdmf-y-el-labi-en-su-version-en-espanol-en-asociacion-con-uji-y-unmdp\/#primaryimage\"},\"image\":{\"@id\":\"https:\/\/cdmf.org.br\/es\/video-educativo-sobre-las-vacunas-producido-por-el-cdmf-y-el-labi-en-su-version-en-espanol-en-asociacion-con-uji-y-unmdp\/#primaryimage\"},\"thumbnailUrl\":\"https:\/\/cdmf.org.br\/es\/wp-content\/uploads\/2021\/12\/vacunas.jpg\",\"datePublished\":\"2021-12-17T15:25:55+00:00\",\"dateModified\":\"2021-12-17T15:32:55+00:00\",\"breadcrumb\":{\"@id\":\"https:\/\/cdmf.org.br\/es\/video-educativo-sobre-las-vacunas-producido-por-el-cdmf-y-el-labi-en-su-version-en-espanol-en-asociacion-con-uji-y-unmdp\/#breadcrumb\"},\"inLanguage\":\"es\",\"potentialAction\":[{\"@type\":\"ReadAction\",\"target\":[\"https:\/\/cdmf.org.br\/es\/video-educativo-sobre-las-vacunas-producido-por-el-cdmf-y-el-labi-en-su-version-en-espanol-en-asociacion-con-uji-y-unmdp\/\"]}]},{\"@type\":\"ImageObject\",\"inLanguage\":\"es\",\"@id\":\"https:\/\/cdmf.org.br\/es\/video-educativo-sobre-las-vacunas-producido-por-el-cdmf-y-el-labi-en-su-version-en-espanol-en-asociacion-con-uji-y-unmdp\/#primaryimage\",\"url\":\"https:\/\/cdmf.org.br\/es\/wp-content\/uploads\/2021\/12\/vacunas.jpg\",\"contentUrl\":\"https:\/\/cdmf.org.br\/es\/wp-content\/uploads\/2021\/12\/vacunas.jpg\",\"width\":678,\"height\":381},{\"@type\":\"BreadcrumbList\",\"@id\":\"https:\/\/cdmf.org.br\/es\/video-educativo-sobre-las-vacunas-producido-por-el-cdmf-y-el-labi-en-su-version-en-espanol-en-asociacion-con-uji-y-unmdp\/#breadcrumb\",\"itemListElement\":[{\"@type\":\"ListItem\",\"position\":1,\"name\":\"Portada\",\"item\":\"https:\/\/cdmf.org.br\/es\/\"},{\"@type\":\"ListItem\",\"position\":2,\"name\":\"Video educativo sobre las vacunas producido por el CDMF y el LAbI en su versi\u00f3n en espa\u00f1ol en asociaci\u00f3n con UJI y UNMdP\"}]},{\"@type\":\"WebSite\",\"@id\":\"https:\/\/cdmf.org.br\/es\/#website\",\"url\":\"https:\/\/cdmf.org.br\/es\/\",\"name\":\"Centro de Desarrollo de Materiales Funcionales\",\"description\":\"Producci\u00f3n de materiales funcionales y nanoestructurados para satisfacer las nuevas necesidades de la sociedad\",\"publisher\":{\"@id\":\"https:\/\/cdmf.org.br\/es\/#organization\"},\"potentialAction\":[{\"@type\":\"SearchAction\",\"target\":{\"@type\":\"EntryPoint\",\"urlTemplate\":\"https:\/\/cdmf.org.br\/es\/?s={search_term_string}\"},\"query-input\":{\"@type\":\"PropertyValueSpecification\",\"valueRequired\":true,\"valueName\":\"search_term_string\"}}],\"inLanguage\":\"es\"},{\"@type\":\"Organization\",\"@id\":\"https:\/\/cdmf.org.br\/es\/#organization\",\"name\":\"CENTRO DE DESARROLLO DE MATERIALES FUNCIONALES\",\"url\":\"https:\/\/cdmf.org.br\/es\/\",\"logo\":{\"@type\":\"ImageObject\",\"inLanguage\":\"es\",\"@id\":\"https:\/\/cdmf.org.br\/es\/#\/schema\/logo\/image\/\",\"url\":\"https:\/\/cdmf.org.br\/es\/wp-content\/uploads\/2021\/12\/logo-cdmf-labi-ufscar-site-es.png\",\"contentUrl\":\"https:\/\/cdmf.org.br\/es\/wp-content\/uploads\/2021\/12\/logo-cdmf-labi-ufscar-site-es.png\",\"width\":279,\"height\":92,\"caption\":\"CENTRO DE DESARROLLO DE MATERIALES FUNCIONALES\"},\"image\":{\"@id\":\"https:\/\/cdmf.org.br\/es\/#\/schema\/logo\/image\/\"},\"sameAs\":[\"https:\/\/www.facebook.com\/CDMFCEPID\/\",\"https:\/\/x.com\/CDMF_comunica\",\"https:\/\/www.instagram.com\/cdmf_fapesp\/\",\"https:\/\/www.linkedin.com\/company\/33200618\/admin\/\",\"https:\/\/www.youtube.com\/playlist?list=UU3F0dJH6jQgFUC66RLxfetg\"]},{\"@type\":\"Person\",\"@id\":\"https:\/\/cdmf.org.br\/es\/#\/schema\/person\/0c86b5758e48bcdd7bf9766739759855\",\"name\":\"LAbI\",\"image\":{\"@type\":\"ImageObject\",\"inLanguage\":\"es\",\"@id\":\"https:\/\/secure.gravatar.com\/avatar\/12a7eca69d80041ba1ec4d8a982f14f38d7ebc5ec1d6e844decf3c74fc0f27bb?s=96&d=mm&r=g\",\"url\":\"https:\/\/secure.gravatar.com\/avatar\/12a7eca69d80041ba1ec4d8a982f14f38d7ebc5ec1d6e844decf3c74fc0f27bb?s=96&d=mm&r=g\",\"contentUrl\":\"https:\/\/secure.gravatar.com\/avatar\/12a7eca69d80041ba1ec4d8a982f14f38d7ebc5ec1d6e844decf3c74fc0f27bb?s=96&d=mm&r=g\",\"caption\":\"LAbI\"},\"sameAs\":[\"https:\/\/cdmf.org.br\/es\"],\"url\":\"https:\/\/cdmf.org.br\/es\/author\/labi\/\"}]}<\/script>\n<!-- \/ Yoast SEO plugin. -->","yoast_head_json":{"title":"Video educativo sobre las vacunas producido por el CDMF y el LAbI en su versi\u00f3n en espa\u00f1ol en asociaci\u00f3n con UJI y UNMdP - Centro de Desarrollo de Materiales Funcionales","robots":{"index":"index","follow":"follow","max-snippet":"max-snippet:-1","max-image-preview":"max-image-preview:large","max-video-preview":"max-video-preview:-1"},"canonical":"https:\/\/cdmf.org.br\/es\/video-educativo-sobre-las-vacunas-producido-por-el-cdmf-y-el-labi-en-su-version-en-espanol-en-asociacion-con-uji-y-unmdp\/","og_locale":"es_ES","og_type":"article","og_title":"Video educativo sobre las vacunas producido por el CDMF y el LAbI en su versi\u00f3n en espa\u00f1ol en asociaci\u00f3n con UJI y UNMdP - Centro de Desarrollo de Materiales Funcionales","og_description":"\u00c9ste es un video educativo que aborda la seguridad de las vacunas contra COVID-19 y la importancia de la vacunaci\u00f3n como una forma de afrontar la enfermedad producida por el SARS COV 2. Este video [...]","og_url":"https:\/\/cdmf.org.br\/es\/video-educativo-sobre-las-vacunas-producido-por-el-cdmf-y-el-labi-en-su-version-en-espanol-en-asociacion-con-uji-y-unmdp\/","og_site_name":"Centro de Desarrollo de Materiales Funcionales","article_publisher":"https:\/\/www.facebook.com\/CDMFCEPID\/","article_published_time":"2021-12-17T15:25:55+00:00","article_modified_time":"2021-12-17T15:32:55+00:00","og_image":[{"width":678,"height":381,"url":"https:\/\/cdmf.org.br\/es\/wp-content\/uploads\/2021\/12\/vacunas.jpg","type":"image\/jpeg"}],"author":"LAbI","twitter_card":"summary_large_image","twitter_creator":"@CDMF_comunica","twitter_site":"@CDMF_comunica","twitter_misc":{"Escrito por":"LAbI","Tiempo de lectura":"2 minutos"},"schema":{"@context":"https:\/\/schema.org","@graph":[{"@type":"Article","@id":"https:\/\/cdmf.org.br\/es\/video-educativo-sobre-las-vacunas-producido-por-el-cdmf-y-el-labi-en-su-version-en-espanol-en-asociacion-con-uji-y-unmdp\/#article","isPartOf":{"@id":"https:\/\/cdmf.org.br\/es\/video-educativo-sobre-las-vacunas-producido-por-el-cdmf-y-el-labi-en-su-version-en-espanol-en-asociacion-con-uji-y-unmdp\/"},"author":{"name":"LAbI","@id":"https:\/\/cdmf.org.br\/es\/#\/schema\/person\/0c86b5758e48bcdd7bf9766739759855"},"headline":"Video educativo sobre las vacunas producido por el CDMF y el LAbI en su versi\u00f3n en espa\u00f1ol en asociaci\u00f3n con UJI y UNMdP","datePublished":"2021-12-17T15:25:55+00:00","dateModified":"2021-12-17T15:32:55+00:00","mainEntityOfPage":{"@id":"https:\/\/cdmf.org.br\/es\/video-educativo-sobre-las-vacunas-producido-por-el-cdmf-y-el-labi-en-su-version-en-espanol-en-asociacion-con-uji-y-unmdp\/"},"wordCount":428,"publisher":{"@id":"https:\/\/cdmf.org.br\/es\/#organization"},"image":{"@id":"https:\/\/cdmf.org.br\/es\/video-educativo-sobre-las-vacunas-producido-por-el-cdmf-y-el-labi-en-su-version-en-espanol-en-asociacion-con-uji-y-unmdp\/#primaryimage"},"thumbnailUrl":"https:\/\/cdmf.org.br\/es\/wp-content\/uploads\/2021\/12\/vacunas.jpg","keywords":["CAPES","CDMF","CEPID","CNPq","COVID","FAPESP","Finep","LAbI","LAbI - UFSCar","UFSCar","UJI","UNMdP","Vacunas"],"articleSection":["Noticias"],"inLanguage":"es"},{"@type":"WebPage","@id":"https:\/\/cdmf.org.br\/es\/video-educativo-sobre-las-vacunas-producido-por-el-cdmf-y-el-labi-en-su-version-en-espanol-en-asociacion-con-uji-y-unmdp\/","url":"https:\/\/cdmf.org.br\/es\/video-educativo-sobre-las-vacunas-producido-por-el-cdmf-y-el-labi-en-su-version-en-espanol-en-asociacion-con-uji-y-unmdp\/","name":"Video educativo sobre las vacunas producido por el CDMF y el LAbI en su versi\u00f3n en espa\u00f1ol en asociaci\u00f3n con UJI y UNMdP - Centro de Desarrollo de Materiales Funcionales","isPartOf":{"@id":"https:\/\/cdmf.org.br\/es\/#website"},"primaryImageOfPage":{"@id":"https:\/\/cdmf.org.br\/es\/video-educativo-sobre-las-vacunas-producido-por-el-cdmf-y-el-labi-en-su-version-en-espanol-en-asociacion-con-uji-y-unmdp\/#primaryimage"},"image":{"@id":"https:\/\/cdmf.org.br\/es\/video-educativo-sobre-las-vacunas-producido-por-el-cdmf-y-el-labi-en-su-version-en-espanol-en-asociacion-con-uji-y-unmdp\/#primaryimage"},"thumbnailUrl":"https:\/\/cdmf.org.br\/es\/wp-content\/uploads\/2021\/12\/vacunas.jpg","datePublished":"2021-12-17T15:25:55+00:00","dateModified":"2021-12-17T15:32:55+00:00","breadcrumb":{"@id":"https:\/\/cdmf.org.br\/es\/video-educativo-sobre-las-vacunas-producido-por-el-cdmf-y-el-labi-en-su-version-en-espanol-en-asociacion-con-uji-y-unmdp\/#breadcrumb"},"inLanguage":"es","potentialAction":[{"@type":"ReadAction","target":["https:\/\/cdmf.org.br\/es\/video-educativo-sobre-las-vacunas-producido-por-el-cdmf-y-el-labi-en-su-version-en-espanol-en-asociacion-con-uji-y-unmdp\/"]}]},{"@type":"ImageObject","inLanguage":"es","@id":"https:\/\/cdmf.org.br\/es\/video-educativo-sobre-las-vacunas-producido-por-el-cdmf-y-el-labi-en-su-version-en-espanol-en-asociacion-con-uji-y-unmdp\/#primaryimage","url":"https:\/\/cdmf.org.br\/es\/wp-content\/uploads\/2021\/12\/vacunas.jpg","contentUrl":"https:\/\/cdmf.org.br\/es\/wp-content\/uploads\/2021\/12\/vacunas.jpg","width":678,"height":381},{"@type":"BreadcrumbList","@id":"https:\/\/cdmf.org.br\/es\/video-educativo-sobre-las-vacunas-producido-por-el-cdmf-y-el-labi-en-su-version-en-espanol-en-asociacion-con-uji-y-unmdp\/#breadcrumb","itemListElement":[{"@type":"ListItem","position":1,"name":"Portada","item":"https:\/\/cdmf.org.br\/es\/"},{"@type":"ListItem","position":2,"name":"Video educativo sobre las vacunas producido por el CDMF y el LAbI en su versi\u00f3n en espa\u00f1ol en asociaci\u00f3n con UJI y UNMdP"}]},{"@type":"WebSite","@id":"https:\/\/cdmf.org.br\/es\/#website","url":"https:\/\/cdmf.org.br\/es\/","name":"Centro de Desarrollo de Materiales Funcionales","description":"Producci\u00f3n de materiales funcionales y nanoestructurados para satisfacer las nuevas necesidades de la sociedad","publisher":{"@id":"https:\/\/cdmf.org.br\/es\/#organization"},"potentialAction":[{"@type":"SearchAction","target":{"@type":"EntryPoint","urlTemplate":"https:\/\/cdmf.org.br\/es\/?s={search_term_string}"},"query-input":{"@type":"PropertyValueSpecification","valueRequired":true,"valueName":"search_term_string"}}],"inLanguage":"es"},{"@type":"Organization","@id":"https:\/\/cdmf.org.br\/es\/#organization","name":"CENTRO DE DESARROLLO DE MATERIALES FUNCIONALES","url":"https:\/\/cdmf.org.br\/es\/","logo":{"@type":"ImageObject","inLanguage":"es","@id":"https:\/\/cdmf.org.br\/es\/#\/schema\/logo\/image\/","url":"https:\/\/cdmf.org.br\/es\/wp-content\/uploads\/2021\/12\/logo-cdmf-labi-ufscar-site-es.png","contentUrl":"https:\/\/cdmf.org.br\/es\/wp-content\/uploads\/2021\/12\/logo-cdmf-labi-ufscar-site-es.png","width":279,"height":92,"caption":"CENTRO DE DESARROLLO DE MATERIALES FUNCIONALES"},"image":{"@id":"https:\/\/cdmf.org.br\/es\/#\/schema\/logo\/image\/"},"sameAs":["https:\/\/www.facebook.com\/CDMFCEPID\/","https:\/\/x.com\/CDMF_comunica","https:\/\/www.instagram.com\/cdmf_fapesp\/","https:\/\/www.linkedin.com\/company\/33200618\/admin\/","https:\/\/www.youtube.com\/playlist?list=UU3F0dJH6jQgFUC66RLxfetg"]},{"@type":"Person","@id":"https:\/\/cdmf.org.br\/es\/#\/schema\/person\/0c86b5758e48bcdd7bf9766739759855","name":"LAbI","image":{"@type":"ImageObject","inLanguage":"es","@id":"https:\/\/secure.gravatar.com\/avatar\/12a7eca69d80041ba1ec4d8a982f14f38d7ebc5ec1d6e844decf3c74fc0f27bb?s=96&d=mm&r=g","url":"https:\/\/secure.gravatar.com\/avatar\/12a7eca69d80041ba1ec4d8a982f14f38d7ebc5ec1d6e844decf3c74fc0f27bb?s=96&d=mm&r=g","contentUrl":"https:\/\/secure.gravatar.com\/avatar\/12a7eca69d80041ba1ec4d8a982f14f38d7ebc5ec1d6e844decf3c74fc0f27bb?s=96&d=mm&r=g","caption":"LAbI"},"sameAs":["https:\/\/cdmf.org.br\/es"],"url":"https:\/\/cdmf.org.br\/es\/author\/labi\/"}]}},"_links":{"self":[{"href":"https:\/\/cdmf.org.br\/es\/wp-json\/wp\/v2\/posts\/134","targetHints":{"allow":["GET"]}}],"collection":[{"href":"https:\/\/cdmf.org.br\/es\/wp-json\/wp\/v2\/posts"}],"about":[{"href":"https:\/\/cdmf.org.br\/es\/wp-json\/wp\/v2\/types\/post"}],"author":[{"embeddable":true,"href":"https:\/\/cdmf.org.br\/es\/wp-json\/wp\/v2\/users\/1"}],"replies":[{"embeddable":true,"href":"https:\/\/cdmf.org.br\/es\/wp-json\/wp\/v2\/comments?post=134"}],"version-history":[{"count":1,"href":"https:\/\/cdmf.org.br\/es\/wp-json\/wp\/v2\/posts\/134\/revisions"}],"predecessor-version":[{"id":135,"href":"https:\/\/cdmf.org.br\/es\/wp-json\/wp\/v2\/posts\/134\/revisions\/135"}],"wp:featuredmedia":[{"embeddable":true,"href":"https:\/\/cdmf.org.br\/es\/wp-json\/wp\/v2\/media\/139"}],"wp:attachment":[{"href":"https:\/\/cdmf.org.br\/es\/wp-json\/wp\/v2\/media?parent=134"}],"wp:term":[{"taxonomy":"category","embeddable":true,"href":"https:\/\/cdmf.org.br\/es\/wp-json\/wp\/v2\/categories?post=134"},{"taxonomy":"post_tag","embeddable":true,"href":"https:\/\/cdmf.org.br\/es\/wp-json\/wp\/v2\/tags?post=134"}],"curies":[{"name":"wp","href":"https:\/\/api.w.org\/{rel}","templated":true}]}}