{"id":147,"date":"2021-12-16T21:25:00","date_gmt":"2021-12-16T21:25:00","guid":{"rendered":"https:\/\/cdmf.org.br\/es\/?p=147"},"modified":"2021-12-20T16:41:18","modified_gmt":"2021-12-20T16:41:18","slug":"lucia-helena-mascaro","status":"publish","type":"post","link":"https:\/\/cdmf.org.br\/es\/lucia-helena-mascaro\/","title":{"rendered":"Lucia Helena Mascaro"},"content":{"rendered":"\n<figure class=\"wp-block-image size-full is-resized\"><img loading=\"lazy\" decoding=\"async\" src=\"https:\/\/cdmf.org.br\/es\/wp-content\/uploads\/2021\/12\/professora-lucia-helena-mascaro-cdmf-es.jpg\" alt=\"\" class=\"wp-image-150\" width=\"200\" height=\"200\" srcset=\"https:\/\/cdmf.org.br\/es\/wp-content\/uploads\/2021\/12\/professora-lucia-helena-mascaro-cdmf-es.jpg 400w, https:\/\/cdmf.org.br\/es\/wp-content\/uploads\/2021\/12\/professora-lucia-helena-mascaro-cdmf-es-300x300.jpg 300w, https:\/\/cdmf.org.br\/es\/wp-content\/uploads\/2021\/12\/professora-lucia-helena-mascaro-cdmf-es-150x150.jpg 150w\" sizes=\"auto, (max-width: 200px) 100vw, 200px\" \/><\/figure>\n\n\n\n<p>COORDINADORA DE INVESTIGACI\u00d3N<\/p>\n\n\n\n<p><strong>Universidad Federal de S\u00e3o Carlos (UFSCAR). Centro de Ciencias Exactas y Tecnolog\u00eda (CCET)<\/strong><\/p>\n\n\n\n<p>Pa\u00eds: Brasil<\/p>\n\n\n\n<ul class=\"wp-block-list\"><li><a rel=\"noreferrer noopener\" href=\"http:\/\/www.bv.fapesp.br\/pt\/pesquisador\/7985\/lucia-helena-mascaro\/\" target=\"_blank\">BV-CDI-FAPESP<\/a><\/li><li><a rel=\"noreferrer noopener\" href=\"http:\/\/lattes.cnpq.br\/9130022476352844\" target=\"_blank\">CV Lattes<\/a><\/li><li><a rel=\"noreferrer noopener\" href=\"http:\/\/www.researcherid.com\/rid\/E-3818-2012\" target=\"_blank\">ResearcherID<\/a><\/li><\/ul>\n\n\n\n<p>Profesor Asociado, Departamento de Qu\u00edmica, Universidad Federal de S\u00e3o Carlos. Postdoctorado en la Universidad de Bath en 2013-2014, Doctorado y M\u00e1ster en PPGQ-UFSCar. Tiene experiencia en Qu\u00edmica, enfoc\u00e1ndose en Qu\u00edmica F\u00edsica, actuando en las siguientes materias: ELECTROQU\u00cdMICA, ELECTRODEPOSICI\u00d3N DE ALEACIONES MET\u00c1LICAS Y SEMICONDUCTORES, CORROSI\u00d3N, SENSORES ELECTROQU\u00cdMICOS Y BATER\u00cdAS. Coordinador del Grado en Qu\u00edmica de la UFSCar 2008-2013. Secretar\u00eda Nacional de la Sociedade Iberoaamericana de Eletroqu\u00edmica desde 2008. Director de la Divisi\u00f3n Electroqu\u00edmica de la Sociedade Brasileira de Qu\u00edmica 2012-2014. Tutor del Grupo PET-QU\u00edmica &#8211; UFSCar de 2006 a 2009. Asesor de FAPESP, CNPq, CAPES y FAPEMAT. Revisor de varias revistas: Electrochemistry Communications, Electrochimica Acta, Journal of Electroanalytical Chemistry, Surface and Coatings Technology, Qu\u00edmica Nova, Journal Brazilian Chemistry Society, Synthetic Metals, Journal of Applied Electrochemistry, Journal of Materials Science, Materials Chemistry and Physics, Processing and Application de Cer\u00e1mica, entre otros. Trabaja como profesora y asesora en el Postgrado en Qu\u00edmica de la UFSCar.<\/p>\n","protected":false},"excerpt":{"rendered":"<div class=\"mh-excerpt\"><p>COORDINADORA DE INVESTIGACI\u00d3N Universidad Federal de S\u00e3o Carlos (UFSCAR). Centro de Ciencias Exactas y Tecnolog\u00eda (CCET) Pa\u00eds: Brasil BV-CDI-FAPESP CV Lattes ResearcherID Profesor Asociado, Departamento de Qu\u00edmica, Universidad Federal de S\u00e3o Carlos. Postdoctorado en la <a class=\"mh-excerpt-more\" href=\"https:\/\/cdmf.org.br\/es\/lucia-helena-mascaro\/\" title=\"Lucia Helena Mascaro\">[&#8230;]<\/a><\/p>\n<\/div>","protected":false},"author":1,"featured_media":150,"comment_status":"closed","ping_status":"open","sticky":false,"template":"","format":"standard","meta":{"_monsterinsights_skip_tracking":false,"_monsterinsights_sitenote_active":false,"_monsterinsights_sitenote_note":"","_monsterinsights_sitenote_category":0,"footnotes":""},"categories":[7,6],"tags":[],"class_list":{"0":"post-147","1":"post","2":"type-post","3":"status-publish","4":"format-standard","5":"has-post-thumbnail","7":"category-coordinadores","8":"category-investigadores-principales"},"yoast_head":"<!-- This site is optimized with the Yoast SEO plugin v27.2 - https:\/\/yoast.com\/product\/yoast-seo-wordpress\/ -->\n<title>Lucia Helena Mascaro - Centro de Desarrollo de Materiales Funcionales<\/title>\n<meta name=\"robots\" content=\"index, follow, max-snippet:-1, max-image-preview:large, max-video-preview:-1\" \/>\n<link rel=\"canonical\" href=\"https:\/\/cdmf.org.br\/es\/lucia-helena-mascaro\/\" \/>\n<meta property=\"og:locale\" content=\"es_ES\" \/>\n<meta property=\"og:type\" content=\"article\" \/>\n<meta property=\"og:title\" content=\"Lucia Helena Mascaro - Centro de Desarrollo de Materiales Funcionales\" \/>\n<meta property=\"og:description\" content=\"COORDINADORA DE INVESTIGACI\u00d3N Universidad Federal de S\u00e3o Carlos (UFSCAR). Centro de Ciencias Exactas y Tecnolog\u00eda (CCET) Pa\u00eds: Brasil BV-CDI-FAPESP CV Lattes ResearcherID Profesor Asociado, Departamento de Qu\u00edmica, Universidad Federal de S\u00e3o Carlos. Postdoctorado en la [...]\" \/>\n<meta property=\"og:url\" content=\"https:\/\/cdmf.org.br\/es\/lucia-helena-mascaro\/\" \/>\n<meta property=\"og:site_name\" content=\"Centro de Desarrollo de Materiales Funcionales\" \/>\n<meta property=\"article:publisher\" content=\"https:\/\/www.facebook.com\/CDMFCEPID\/\" \/>\n<meta property=\"article:published_time\" content=\"2021-12-16T21:25:00+00:00\" \/>\n<meta property=\"article:modified_time\" content=\"2021-12-20T16:41:18+00:00\" \/>\n<meta property=\"og:image\" content=\"https:\/\/cdmf.org.br\/es\/wp-content\/uploads\/2021\/12\/professora-lucia-helena-mascaro-cdmf-es.jpg\" \/>\n\t<meta property=\"og:image:width\" content=\"400\" \/>\n\t<meta property=\"og:image:height\" content=\"400\" \/>\n\t<meta property=\"og:image:type\" content=\"image\/jpeg\" \/>\n<meta name=\"author\" content=\"LAbI\" \/>\n<meta name=\"twitter:card\" content=\"summary_large_image\" \/>\n<meta name=\"twitter:creator\" content=\"@CDMF_comunica\" \/>\n<meta name=\"twitter:site\" content=\"@CDMF_comunica\" \/>\n<meta name=\"twitter:label1\" content=\"Escrito por\" \/>\n\t<meta name=\"twitter:data1\" content=\"LAbI\" \/>\n\t<meta name=\"twitter:label2\" content=\"Tiempo de lectura\" \/>\n\t<meta name=\"twitter:data2\" content=\"1 minuto\" \/>\n<script type=\"application\/ld+json\" class=\"yoast-schema-graph\">{\"@context\":\"https:\/\/schema.org\",\"@graph\":[{\"@type\":\"Article\",\"@id\":\"https:\/\/cdmf.org.br\/es\/lucia-helena-mascaro\/#article\",\"isPartOf\":{\"@id\":\"https:\/\/cdmf.org.br\/es\/lucia-helena-mascaro\/\"},\"author\":{\"name\":\"LAbI\",\"@id\":\"https:\/\/cdmf.org.br\/es\/#\/schema\/person\/0c86b5758e48bcdd7bf9766739759855\"},\"headline\":\"Lucia Helena Mascaro\",\"datePublished\":\"2021-12-16T21:25:00+00:00\",\"dateModified\":\"2021-12-20T16:41:18+00:00\",\"mainEntityOfPage\":{\"@id\":\"https:\/\/cdmf.org.br\/es\/lucia-helena-mascaro\/\"},\"wordCount\":201,\"publisher\":{\"@id\":\"https:\/\/cdmf.org.br\/es\/#organization\"},\"image\":{\"@id\":\"https:\/\/cdmf.org.br\/es\/lucia-helena-mascaro\/#primaryimage\"},\"thumbnailUrl\":\"https:\/\/cdmf.org.br\/es\/wp-content\/uploads\/2021\/12\/professora-lucia-helena-mascaro-cdmf-es.jpg\",\"articleSection\":[\"Coordinadores\",\"Investigadores principales\"],\"inLanguage\":\"es\"},{\"@type\":\"WebPage\",\"@id\":\"https:\/\/cdmf.org.br\/es\/lucia-helena-mascaro\/\",\"url\":\"https:\/\/cdmf.org.br\/es\/lucia-helena-mascaro\/\",\"name\":\"Lucia Helena Mascaro - Centro de Desarrollo de Materiales Funcionales\",\"isPartOf\":{\"@id\":\"https:\/\/cdmf.org.br\/es\/#website\"},\"primaryImageOfPage\":{\"@id\":\"https:\/\/cdmf.org.br\/es\/lucia-helena-mascaro\/#primaryimage\"},\"image\":{\"@id\":\"https:\/\/cdmf.org.br\/es\/lucia-helena-mascaro\/#primaryimage\"},\"thumbnailUrl\":\"https:\/\/cdmf.org.br\/es\/wp-content\/uploads\/2021\/12\/professora-lucia-helena-mascaro-cdmf-es.jpg\",\"datePublished\":\"2021-12-16T21:25:00+00:00\",\"dateModified\":\"2021-12-20T16:41:18+00:00\",\"breadcrumb\":{\"@id\":\"https:\/\/cdmf.org.br\/es\/lucia-helena-mascaro\/#breadcrumb\"},\"inLanguage\":\"es\",\"potentialAction\":[{\"@type\":\"ReadAction\",\"target\":[\"https:\/\/cdmf.org.br\/es\/lucia-helena-mascaro\/\"]}]},{\"@type\":\"ImageObject\",\"inLanguage\":\"es\",\"@id\":\"https:\/\/cdmf.org.br\/es\/lucia-helena-mascaro\/#primaryimage\",\"url\":\"https:\/\/cdmf.org.br\/es\/wp-content\/uploads\/2021\/12\/professora-lucia-helena-mascaro-cdmf-es.jpg\",\"contentUrl\":\"https:\/\/cdmf.org.br\/es\/wp-content\/uploads\/2021\/12\/professora-lucia-helena-mascaro-cdmf-es.jpg\",\"width\":400,\"height\":400},{\"@type\":\"BreadcrumbList\",\"@id\":\"https:\/\/cdmf.org.br\/es\/lucia-helena-mascaro\/#breadcrumb\",\"itemListElement\":[{\"@type\":\"ListItem\",\"position\":1,\"name\":\"Portada\",\"item\":\"https:\/\/cdmf.org.br\/es\/\"},{\"@type\":\"ListItem\",\"position\":2,\"name\":\"Lucia Helena Mascaro\"}]},{\"@type\":\"WebSite\",\"@id\":\"https:\/\/cdmf.org.br\/es\/#website\",\"url\":\"https:\/\/cdmf.org.br\/es\/\",\"name\":\"Centro de Desarrollo de Materiales Funcionales\",\"description\":\"Producci\u00f3n de materiales funcionales y nanoestructurados para satisfacer las nuevas necesidades de la sociedad\",\"publisher\":{\"@id\":\"https:\/\/cdmf.org.br\/es\/#organization\"},\"potentialAction\":[{\"@type\":\"SearchAction\",\"target\":{\"@type\":\"EntryPoint\",\"urlTemplate\":\"https:\/\/cdmf.org.br\/es\/?s={search_term_string}\"},\"query-input\":{\"@type\":\"PropertyValueSpecification\",\"valueRequired\":true,\"valueName\":\"search_term_string\"}}],\"inLanguage\":\"es\"},{\"@type\":\"Organization\",\"@id\":\"https:\/\/cdmf.org.br\/es\/#organization\",\"name\":\"CENTRO DE DESARROLLO DE MATERIALES FUNCIONALES\",\"url\":\"https:\/\/cdmf.org.br\/es\/\",\"logo\":{\"@type\":\"ImageObject\",\"inLanguage\":\"es\",\"@id\":\"https:\/\/cdmf.org.br\/es\/#\/schema\/logo\/image\/\",\"url\":\"https:\/\/cdmf.org.br\/es\/wp-content\/uploads\/2021\/12\/logo-cdmf-labi-ufscar-site-es.png\",\"contentUrl\":\"https:\/\/cdmf.org.br\/es\/wp-content\/uploads\/2021\/12\/logo-cdmf-labi-ufscar-site-es.png\",\"width\":279,\"height\":92,\"caption\":\"CENTRO DE DESARROLLO DE MATERIALES FUNCIONALES\"},\"image\":{\"@id\":\"https:\/\/cdmf.org.br\/es\/#\/schema\/logo\/image\/\"},\"sameAs\":[\"https:\/\/www.facebook.com\/CDMFCEPID\/\",\"https:\/\/x.com\/CDMF_comunica\",\"https:\/\/www.instagram.com\/cdmf_fapesp\/\",\"https:\/\/www.linkedin.com\/company\/33200618\/admin\/\",\"https:\/\/www.youtube.com\/playlist?list=UU3F0dJH6jQgFUC66RLxfetg\"]},{\"@type\":\"Person\",\"@id\":\"https:\/\/cdmf.org.br\/es\/#\/schema\/person\/0c86b5758e48bcdd7bf9766739759855\",\"name\":\"LAbI\",\"image\":{\"@type\":\"ImageObject\",\"inLanguage\":\"es\",\"@id\":\"https:\/\/secure.gravatar.com\/avatar\/12a7eca69d80041ba1ec4d8a982f14f38d7ebc5ec1d6e844decf3c74fc0f27bb?s=96&d=mm&r=g\",\"url\":\"https:\/\/secure.gravatar.com\/avatar\/12a7eca69d80041ba1ec4d8a982f14f38d7ebc5ec1d6e844decf3c74fc0f27bb?s=96&d=mm&r=g\",\"contentUrl\":\"https:\/\/secure.gravatar.com\/avatar\/12a7eca69d80041ba1ec4d8a982f14f38d7ebc5ec1d6e844decf3c74fc0f27bb?s=96&d=mm&r=g\",\"caption\":\"LAbI\"},\"sameAs\":[\"https:\/\/cdmf.org.br\/es\"],\"url\":\"https:\/\/cdmf.org.br\/es\/author\/labi\/\"}]}<\/script>\n<!-- \/ Yoast SEO plugin. -->","yoast_head_json":{"title":"Lucia Helena Mascaro - Centro de Desarrollo de Materiales Funcionales","robots":{"index":"index","follow":"follow","max-snippet":"max-snippet:-1","max-image-preview":"max-image-preview:large","max-video-preview":"max-video-preview:-1"},"canonical":"https:\/\/cdmf.org.br\/es\/lucia-helena-mascaro\/","og_locale":"es_ES","og_type":"article","og_title":"Lucia Helena Mascaro - Centro de Desarrollo de Materiales Funcionales","og_description":"COORDINADORA DE INVESTIGACI\u00d3N Universidad Federal de S\u00e3o Carlos (UFSCAR). Centro de Ciencias Exactas y Tecnolog\u00eda (CCET) Pa\u00eds: Brasil BV-CDI-FAPESP CV Lattes ResearcherID Profesor Asociado, Departamento de Qu\u00edmica, Universidad Federal de S\u00e3o Carlos. Postdoctorado en la [...]","og_url":"https:\/\/cdmf.org.br\/es\/lucia-helena-mascaro\/","og_site_name":"Centro de Desarrollo de Materiales Funcionales","article_publisher":"https:\/\/www.facebook.com\/CDMFCEPID\/","article_published_time":"2021-12-16T21:25:00+00:00","article_modified_time":"2021-12-20T16:41:18+00:00","og_image":[{"width":400,"height":400,"url":"https:\/\/cdmf.org.br\/es\/wp-content\/uploads\/2021\/12\/professora-lucia-helena-mascaro-cdmf-es.jpg","type":"image\/jpeg"}],"author":"LAbI","twitter_card":"summary_large_image","twitter_creator":"@CDMF_comunica","twitter_site":"@CDMF_comunica","twitter_misc":{"Escrito por":"LAbI","Tiempo de lectura":"1 minuto"},"schema":{"@context":"https:\/\/schema.org","@graph":[{"@type":"Article","@id":"https:\/\/cdmf.org.br\/es\/lucia-helena-mascaro\/#article","isPartOf":{"@id":"https:\/\/cdmf.org.br\/es\/lucia-helena-mascaro\/"},"author":{"name":"LAbI","@id":"https:\/\/cdmf.org.br\/es\/#\/schema\/person\/0c86b5758e48bcdd7bf9766739759855"},"headline":"Lucia Helena Mascaro","datePublished":"2021-12-16T21:25:00+00:00","dateModified":"2021-12-20T16:41:18+00:00","mainEntityOfPage":{"@id":"https:\/\/cdmf.org.br\/es\/lucia-helena-mascaro\/"},"wordCount":201,"publisher":{"@id":"https:\/\/cdmf.org.br\/es\/#organization"},"image":{"@id":"https:\/\/cdmf.org.br\/es\/lucia-helena-mascaro\/#primaryimage"},"thumbnailUrl":"https:\/\/cdmf.org.br\/es\/wp-content\/uploads\/2021\/12\/professora-lucia-helena-mascaro-cdmf-es.jpg","articleSection":["Coordinadores","Investigadores principales"],"inLanguage":"es"},{"@type":"WebPage","@id":"https:\/\/cdmf.org.br\/es\/lucia-helena-mascaro\/","url":"https:\/\/cdmf.org.br\/es\/lucia-helena-mascaro\/","name":"Lucia Helena Mascaro - Centro de Desarrollo de Materiales Funcionales","isPartOf":{"@id":"https:\/\/cdmf.org.br\/es\/#website"},"primaryImageOfPage":{"@id":"https:\/\/cdmf.org.br\/es\/lucia-helena-mascaro\/#primaryimage"},"image":{"@id":"https:\/\/cdmf.org.br\/es\/lucia-helena-mascaro\/#primaryimage"},"thumbnailUrl":"https:\/\/cdmf.org.br\/es\/wp-content\/uploads\/2021\/12\/professora-lucia-helena-mascaro-cdmf-es.jpg","datePublished":"2021-12-16T21:25:00+00:00","dateModified":"2021-12-20T16:41:18+00:00","breadcrumb":{"@id":"https:\/\/cdmf.org.br\/es\/lucia-helena-mascaro\/#breadcrumb"},"inLanguage":"es","potentialAction":[{"@type":"ReadAction","target":["https:\/\/cdmf.org.br\/es\/lucia-helena-mascaro\/"]}]},{"@type":"ImageObject","inLanguage":"es","@id":"https:\/\/cdmf.org.br\/es\/lucia-helena-mascaro\/#primaryimage","url":"https:\/\/cdmf.org.br\/es\/wp-content\/uploads\/2021\/12\/professora-lucia-helena-mascaro-cdmf-es.jpg","contentUrl":"https:\/\/cdmf.org.br\/es\/wp-content\/uploads\/2021\/12\/professora-lucia-helena-mascaro-cdmf-es.jpg","width":400,"height":400},{"@type":"BreadcrumbList","@id":"https:\/\/cdmf.org.br\/es\/lucia-helena-mascaro\/#breadcrumb","itemListElement":[{"@type":"ListItem","position":1,"name":"Portada","item":"https:\/\/cdmf.org.br\/es\/"},{"@type":"ListItem","position":2,"name":"Lucia Helena Mascaro"}]},{"@type":"WebSite","@id":"https:\/\/cdmf.org.br\/es\/#website","url":"https:\/\/cdmf.org.br\/es\/","name":"Centro de Desarrollo de Materiales Funcionales","description":"Producci\u00f3n de materiales funcionales y nanoestructurados para satisfacer las nuevas necesidades de la sociedad","publisher":{"@id":"https:\/\/cdmf.org.br\/es\/#organization"},"potentialAction":[{"@type":"SearchAction","target":{"@type":"EntryPoint","urlTemplate":"https:\/\/cdmf.org.br\/es\/?s={search_term_string}"},"query-input":{"@type":"PropertyValueSpecification","valueRequired":true,"valueName":"search_term_string"}}],"inLanguage":"es"},{"@type":"Organization","@id":"https:\/\/cdmf.org.br\/es\/#organization","name":"CENTRO DE DESARROLLO DE MATERIALES FUNCIONALES","url":"https:\/\/cdmf.org.br\/es\/","logo":{"@type":"ImageObject","inLanguage":"es","@id":"https:\/\/cdmf.org.br\/es\/#\/schema\/logo\/image\/","url":"https:\/\/cdmf.org.br\/es\/wp-content\/uploads\/2021\/12\/logo-cdmf-labi-ufscar-site-es.png","contentUrl":"https:\/\/cdmf.org.br\/es\/wp-content\/uploads\/2021\/12\/logo-cdmf-labi-ufscar-site-es.png","width":279,"height":92,"caption":"CENTRO DE DESARROLLO DE MATERIALES FUNCIONALES"},"image":{"@id":"https:\/\/cdmf.org.br\/es\/#\/schema\/logo\/image\/"},"sameAs":["https:\/\/www.facebook.com\/CDMFCEPID\/","https:\/\/x.com\/CDMF_comunica","https:\/\/www.instagram.com\/cdmf_fapesp\/","https:\/\/www.linkedin.com\/company\/33200618\/admin\/","https:\/\/www.youtube.com\/playlist?list=UU3F0dJH6jQgFUC66RLxfetg"]},{"@type":"Person","@id":"https:\/\/cdmf.org.br\/es\/#\/schema\/person\/0c86b5758e48bcdd7bf9766739759855","name":"LAbI","image":{"@type":"ImageObject","inLanguage":"es","@id":"https:\/\/secure.gravatar.com\/avatar\/12a7eca69d80041ba1ec4d8a982f14f38d7ebc5ec1d6e844decf3c74fc0f27bb?s=96&d=mm&r=g","url":"https:\/\/secure.gravatar.com\/avatar\/12a7eca69d80041ba1ec4d8a982f14f38d7ebc5ec1d6e844decf3c74fc0f27bb?s=96&d=mm&r=g","contentUrl":"https:\/\/secure.gravatar.com\/avatar\/12a7eca69d80041ba1ec4d8a982f14f38d7ebc5ec1d6e844decf3c74fc0f27bb?s=96&d=mm&r=g","caption":"LAbI"},"sameAs":["https:\/\/cdmf.org.br\/es"],"url":"https:\/\/cdmf.org.br\/es\/author\/labi\/"}]}},"_links":{"self":[{"href":"https:\/\/cdmf.org.br\/es\/wp-json\/wp\/v2\/posts\/147","targetHints":{"allow":["GET"]}}],"collection":[{"href":"https:\/\/cdmf.org.br\/es\/wp-json\/wp\/v2\/posts"}],"about":[{"href":"https:\/\/cdmf.org.br\/es\/wp-json\/wp\/v2\/types\/post"}],"author":[{"embeddable":true,"href":"https:\/\/cdmf.org.br\/es\/wp-json\/wp\/v2\/users\/1"}],"replies":[{"embeddable":true,"href":"https:\/\/cdmf.org.br\/es\/wp-json\/wp\/v2\/comments?post=147"}],"version-history":[{"count":5,"href":"https:\/\/cdmf.org.br\/es\/wp-json\/wp\/v2\/posts\/147\/revisions"}],"predecessor-version":[{"id":167,"href":"https:\/\/cdmf.org.br\/es\/wp-json\/wp\/v2\/posts\/147\/revisions\/167"}],"wp:featuredmedia":[{"embeddable":true,"href":"https:\/\/cdmf.org.br\/es\/wp-json\/wp\/v2\/media\/150"}],"wp:attachment":[{"href":"https:\/\/cdmf.org.br\/es\/wp-json\/wp\/v2\/media?parent=147"}],"wp:term":[{"taxonomy":"category","embeddable":true,"href":"https:\/\/cdmf.org.br\/es\/wp-json\/wp\/v2\/categories?post=147"},{"taxonomy":"post_tag","embeddable":true,"href":"https:\/\/cdmf.org.br\/es\/wp-json\/wp\/v2\/tags?post=147"}],"curies":[{"name":"wp","href":"https:\/\/api.w.org\/{rel}","templated":true}]}}