{"id":157,"date":"2021-12-16T21:16:08","date_gmt":"2021-12-16T21:16:08","guid":{"rendered":"https:\/\/cdmf.org.br\/es\/?p=157"},"modified":"2021-12-17T19:08:17","modified_gmt":"2021-12-17T19:08:17","slug":"emerson-rodrigues-de-camargo","status":"publish","type":"post","link":"https:\/\/cdmf.org.br\/es\/emerson-rodrigues-de-camargo\/","title":{"rendered":"Emerson Rodrigues de Camargo"},"content":{"rendered":"\n<figure class=\"wp-block-image size-large is-resized\"><img loading=\"lazy\" decoding=\"async\" src=\"http:\/\/cdmf.org.br\/wp-content\/uploads\/2016\/12\/Emerson-Rodrigues-Camargo-cdmf-cepid.jpg\" alt=\"\" width=\"200\" height=\"200\"\/><\/figure>\n\n\n\n<p><strong>Universidad Federal de S\u00e3o Carlos (UFSCAR). Centro de Ciencias Exactas y Tecnolog\u00eda (CCET)<\/strong><\/p>\n\n\n\n<p>Pa\u00eds: Brasil<\/p>\n\n\n\n<ul class=\"wp-block-list\"><li><a rel=\"noreferrer noopener\" href=\"http:\/\/www.bv.fapesp.br\/pt\/pesquisador\/33878\/emerson-rodrigues-de-camargo\/\" target=\"_blank\">BV-CDI-FAPESP<\/a><\/li><li><a rel=\"noreferrer noopener\" href=\"http:\/\/lattes.cnpq.br\/7720754304065239\" target=\"_blank\">CV Lattes<\/a><\/li><li><a rel=\"noreferrer noopener\" href=\"https:\/\/scholar.google.com.br\/citations?user=nQWg-bYAAAAJ&amp;hl=pt-BR\" target=\"_blank\">GoogleMyCitations<\/a><\/li><li><a rel=\"noreferrer noopener\" href=\"http:\/\/www.researcherid.com\/rid\/B-9829-2012\" target=\"_blank\">ResearcherID<\/a><\/li><\/ul>\n\n\n\n<p>Licenciado en Qu\u00edmica (1996) y M\u00e1ster en Qu\u00edmica por la Universidad Federal de S\u00e3o Carlos (1998), Doctor en Ciencias por el Instituto Tecnol\u00f3gico de Tokio (2001), donde recibi\u00f3 el Premio Tejima a la mejor tesis doctoral de un estudiante extranjero en 2001. Estudios posdoctorales en Brasil y Jap\u00f3n en temas relacionados con los materiales nanom\u00e9tricos. Trabaj\u00f3 como investigador en Orbys Desenvolvimento de Tecnologia de Materiais Ltda. entre 2005 y 2006 y actualmente es profesor asociado en el Departamento de Qu\u00edmica de la UFSCar &#8211; Universidad Federal de S\u00e3o Carlos en el \u00e1rea de f\u00edsico-qu\u00edmica de materiales, estando acreditado como asesor del PPGQ\/UFSCar desde 2007 y complet\u00f3 la supervisi\u00f3n de diez disertaciones de maestr\u00eda y cinco tesis de doctorado. Tiene experiencia en la qu\u00edmica de materiales nanom\u00e9tricos, como los \u00f3xidos complejos, los nanocompuestos polim\u00e9ricos y la s\u00edntesis h\u00fameda de materiales. Actualmente desarrolla investigaciones sobre biomateriales y materiales h\u00edbridos utilizando rutas de s\u00edntesis h\u00fameda y qu\u00edmica de coloides, trabajando en el CEPID\/CDMF-Centro de Desarrollo de Materiales Funcionales, colaborando con varios investigadores en Brasil y EEUU, Jap\u00f3n y Portugal, adem\u00e1s de apoyar la investigaci\u00f3n tecnol\u00f3gica en varias empresas.<\/p>\n","protected":false},"excerpt":{"rendered":"<div class=\"mh-excerpt\"><p>Universidad Federal de S\u00e3o Carlos (UFSCAR). Centro de Ciencias Exactas y Tecnolog\u00eda (CCET) Pa\u00eds: Brasil BV-CDI-FAPESP CV Lattes GoogleMyCitations ResearcherID Licenciado en Qu\u00edmica (1996) y M\u00e1ster en Qu\u00edmica por la Universidad Federal de S\u00e3o Carlos <a class=\"mh-excerpt-more\" href=\"https:\/\/cdmf.org.br\/es\/emerson-rodrigues-de-camargo\/\" title=\"Emerson Rodrigues de Camargo\">[&#8230;]<\/a><\/p>\n<\/div>","protected":false},"author":1,"featured_media":158,"comment_status":"closed","ping_status":"open","sticky":false,"template":"","format":"standard","meta":{"_monsterinsights_skip_tracking":false,"_monsterinsights_sitenote_active":false,"_monsterinsights_sitenote_note":"","_monsterinsights_sitenote_category":0,"footnotes":""},"categories":[6],"tags":[],"class_list":{"0":"post-157","1":"post","2":"type-post","3":"status-publish","4":"format-standard","5":"has-post-thumbnail","7":"category-investigadores-principales"},"yoast_head":"<!-- This site is optimized with the Yoast SEO plugin v27.2 - https:\/\/yoast.com\/product\/yoast-seo-wordpress\/ -->\n<title>Emerson Rodrigues de Camargo - Centro de Desarrollo de Materiales Funcionales<\/title>\n<meta name=\"robots\" content=\"index, follow, max-snippet:-1, max-image-preview:large, max-video-preview:-1\" \/>\n<link rel=\"canonical\" href=\"https:\/\/cdmf.org.br\/es\/emerson-rodrigues-de-camargo\/\" \/>\n<meta property=\"og:locale\" content=\"es_ES\" \/>\n<meta property=\"og:type\" content=\"article\" \/>\n<meta property=\"og:title\" content=\"Emerson Rodrigues de Camargo - Centro de Desarrollo de Materiales Funcionales\" \/>\n<meta property=\"og:description\" content=\"Universidad Federal de S\u00e3o Carlos (UFSCAR). Centro de Ciencias Exactas y Tecnolog\u00eda (CCET) Pa\u00eds: Brasil BV-CDI-FAPESP CV Lattes GoogleMyCitations ResearcherID Licenciado en Qu\u00edmica (1996) y M\u00e1ster en Qu\u00edmica por la Universidad Federal de S\u00e3o Carlos [...]\" \/>\n<meta property=\"og:url\" content=\"https:\/\/cdmf.org.br\/es\/emerson-rodrigues-de-camargo\/\" \/>\n<meta property=\"og:site_name\" content=\"Centro de Desarrollo de Materiales Funcionales\" \/>\n<meta property=\"article:publisher\" content=\"https:\/\/www.facebook.com\/CDMFCEPID\/\" \/>\n<meta property=\"article:published_time\" content=\"2021-12-16T21:16:08+00:00\" \/>\n<meta property=\"article:modified_time\" content=\"2021-12-17T19:08:17+00:00\" \/>\n<meta property=\"og:image\" content=\"https:\/\/cdmf.org.br\/es\/wp-content\/uploads\/2021\/12\/Emerson-Rodrigues-Camargo-cdmf-cepid-es.jpg\" \/>\n\t<meta property=\"og:image:width\" content=\"400\" \/>\n\t<meta property=\"og:image:height\" content=\"400\" \/>\n\t<meta property=\"og:image:type\" content=\"image\/jpeg\" \/>\n<meta name=\"author\" content=\"LAbI\" \/>\n<meta name=\"twitter:card\" content=\"summary_large_image\" \/>\n<meta name=\"twitter:creator\" content=\"@CDMF_comunica\" \/>\n<meta name=\"twitter:site\" content=\"@CDMF_comunica\" \/>\n<meta name=\"twitter:label1\" content=\"Escrito por\" \/>\n\t<meta name=\"twitter:data1\" content=\"LAbI\" \/>\n\t<meta name=\"twitter:label2\" content=\"Tiempo de lectura\" \/>\n\t<meta name=\"twitter:data2\" content=\"1 minuto\" \/>\n<script type=\"application\/ld+json\" class=\"yoast-schema-graph\">{\"@context\":\"https:\/\/schema.org\",\"@graph\":[{\"@type\":\"Article\",\"@id\":\"https:\/\/cdmf.org.br\/es\/emerson-rodrigues-de-camargo\/#article\",\"isPartOf\":{\"@id\":\"https:\/\/cdmf.org.br\/es\/emerson-rodrigues-de-camargo\/\"},\"author\":{\"name\":\"LAbI\",\"@id\":\"https:\/\/cdmf.org.br\/es\/#\/schema\/person\/0c86b5758e48bcdd7bf9766739759855\"},\"headline\":\"Emerson Rodrigues de Camargo\",\"datePublished\":\"2021-12-16T21:16:08+00:00\",\"dateModified\":\"2021-12-17T19:08:17+00:00\",\"mainEntityOfPage\":{\"@id\":\"https:\/\/cdmf.org.br\/es\/emerson-rodrigues-de-camargo\/\"},\"wordCount\":233,\"publisher\":{\"@id\":\"https:\/\/cdmf.org.br\/es\/#organization\"},\"image\":{\"@id\":\"https:\/\/cdmf.org.br\/es\/emerson-rodrigues-de-camargo\/#primaryimage\"},\"thumbnailUrl\":\"https:\/\/cdmf.org.br\/es\/wp-content\/uploads\/2021\/12\/Emerson-Rodrigues-Camargo-cdmf-cepid-es.jpg\",\"articleSection\":[\"Investigadores principales\"],\"inLanguage\":\"es\"},{\"@type\":\"WebPage\",\"@id\":\"https:\/\/cdmf.org.br\/es\/emerson-rodrigues-de-camargo\/\",\"url\":\"https:\/\/cdmf.org.br\/es\/emerson-rodrigues-de-camargo\/\",\"name\":\"Emerson Rodrigues de Camargo - Centro de Desarrollo de Materiales Funcionales\",\"isPartOf\":{\"@id\":\"https:\/\/cdmf.org.br\/es\/#website\"},\"primaryImageOfPage\":{\"@id\":\"https:\/\/cdmf.org.br\/es\/emerson-rodrigues-de-camargo\/#primaryimage\"},\"image\":{\"@id\":\"https:\/\/cdmf.org.br\/es\/emerson-rodrigues-de-camargo\/#primaryimage\"},\"thumbnailUrl\":\"https:\/\/cdmf.org.br\/es\/wp-content\/uploads\/2021\/12\/Emerson-Rodrigues-Camargo-cdmf-cepid-es.jpg\",\"datePublished\":\"2021-12-16T21:16:08+00:00\",\"dateModified\":\"2021-12-17T19:08:17+00:00\",\"breadcrumb\":{\"@id\":\"https:\/\/cdmf.org.br\/es\/emerson-rodrigues-de-camargo\/#breadcrumb\"},\"inLanguage\":\"es\",\"potentialAction\":[{\"@type\":\"ReadAction\",\"target\":[\"https:\/\/cdmf.org.br\/es\/emerson-rodrigues-de-camargo\/\"]}]},{\"@type\":\"ImageObject\",\"inLanguage\":\"es\",\"@id\":\"https:\/\/cdmf.org.br\/es\/emerson-rodrigues-de-camargo\/#primaryimage\",\"url\":\"https:\/\/cdmf.org.br\/es\/wp-content\/uploads\/2021\/12\/Emerson-Rodrigues-Camargo-cdmf-cepid-es.jpg\",\"contentUrl\":\"https:\/\/cdmf.org.br\/es\/wp-content\/uploads\/2021\/12\/Emerson-Rodrigues-Camargo-cdmf-cepid-es.jpg\",\"width\":400,\"height\":400},{\"@type\":\"BreadcrumbList\",\"@id\":\"https:\/\/cdmf.org.br\/es\/emerson-rodrigues-de-camargo\/#breadcrumb\",\"itemListElement\":[{\"@type\":\"ListItem\",\"position\":1,\"name\":\"Portada\",\"item\":\"https:\/\/cdmf.org.br\/es\/\"},{\"@type\":\"ListItem\",\"position\":2,\"name\":\"Emerson Rodrigues de Camargo\"}]},{\"@type\":\"WebSite\",\"@id\":\"https:\/\/cdmf.org.br\/es\/#website\",\"url\":\"https:\/\/cdmf.org.br\/es\/\",\"name\":\"Centro de Desarrollo de Materiales Funcionales\",\"description\":\"Producci\u00f3n de materiales funcionales y nanoestructurados para satisfacer las nuevas necesidades de la sociedad\",\"publisher\":{\"@id\":\"https:\/\/cdmf.org.br\/es\/#organization\"},\"potentialAction\":[{\"@type\":\"SearchAction\",\"target\":{\"@type\":\"EntryPoint\",\"urlTemplate\":\"https:\/\/cdmf.org.br\/es\/?s={search_term_string}\"},\"query-input\":{\"@type\":\"PropertyValueSpecification\",\"valueRequired\":true,\"valueName\":\"search_term_string\"}}],\"inLanguage\":\"es\"},{\"@type\":\"Organization\",\"@id\":\"https:\/\/cdmf.org.br\/es\/#organization\",\"name\":\"CENTRO DE DESARROLLO DE MATERIALES FUNCIONALES\",\"url\":\"https:\/\/cdmf.org.br\/es\/\",\"logo\":{\"@type\":\"ImageObject\",\"inLanguage\":\"es\",\"@id\":\"https:\/\/cdmf.org.br\/es\/#\/schema\/logo\/image\/\",\"url\":\"https:\/\/cdmf.org.br\/es\/wp-content\/uploads\/2021\/12\/logo-cdmf-labi-ufscar-site-es.png\",\"contentUrl\":\"https:\/\/cdmf.org.br\/es\/wp-content\/uploads\/2021\/12\/logo-cdmf-labi-ufscar-site-es.png\",\"width\":279,\"height\":92,\"caption\":\"CENTRO DE DESARROLLO DE MATERIALES FUNCIONALES\"},\"image\":{\"@id\":\"https:\/\/cdmf.org.br\/es\/#\/schema\/logo\/image\/\"},\"sameAs\":[\"https:\/\/www.facebook.com\/CDMFCEPID\/\",\"https:\/\/x.com\/CDMF_comunica\",\"https:\/\/www.instagram.com\/cdmf_fapesp\/\",\"https:\/\/www.linkedin.com\/company\/33200618\/admin\/\",\"https:\/\/www.youtube.com\/playlist?list=UU3F0dJH6jQgFUC66RLxfetg\"]},{\"@type\":\"Person\",\"@id\":\"https:\/\/cdmf.org.br\/es\/#\/schema\/person\/0c86b5758e48bcdd7bf9766739759855\",\"name\":\"LAbI\",\"image\":{\"@type\":\"ImageObject\",\"inLanguage\":\"es\",\"@id\":\"https:\/\/secure.gravatar.com\/avatar\/12a7eca69d80041ba1ec4d8a982f14f38d7ebc5ec1d6e844decf3c74fc0f27bb?s=96&d=mm&r=g\",\"url\":\"https:\/\/secure.gravatar.com\/avatar\/12a7eca69d80041ba1ec4d8a982f14f38d7ebc5ec1d6e844decf3c74fc0f27bb?s=96&d=mm&r=g\",\"contentUrl\":\"https:\/\/secure.gravatar.com\/avatar\/12a7eca69d80041ba1ec4d8a982f14f38d7ebc5ec1d6e844decf3c74fc0f27bb?s=96&d=mm&r=g\",\"caption\":\"LAbI\"},\"sameAs\":[\"https:\/\/cdmf.org.br\/es\"],\"url\":\"https:\/\/cdmf.org.br\/es\/author\/labi\/\"}]}<\/script>\n<!-- \/ Yoast SEO plugin. -->","yoast_head_json":{"title":"Emerson Rodrigues de Camargo - Centro de Desarrollo de Materiales Funcionales","robots":{"index":"index","follow":"follow","max-snippet":"max-snippet:-1","max-image-preview":"max-image-preview:large","max-video-preview":"max-video-preview:-1"},"canonical":"https:\/\/cdmf.org.br\/es\/emerson-rodrigues-de-camargo\/","og_locale":"es_ES","og_type":"article","og_title":"Emerson Rodrigues de Camargo - Centro de Desarrollo de Materiales Funcionales","og_description":"Universidad Federal de S\u00e3o Carlos (UFSCAR). Centro de Ciencias Exactas y Tecnolog\u00eda (CCET) Pa\u00eds: Brasil BV-CDI-FAPESP CV Lattes GoogleMyCitations ResearcherID Licenciado en Qu\u00edmica (1996) y M\u00e1ster en Qu\u00edmica por la Universidad Federal de S\u00e3o Carlos [...]","og_url":"https:\/\/cdmf.org.br\/es\/emerson-rodrigues-de-camargo\/","og_site_name":"Centro de Desarrollo de Materiales Funcionales","article_publisher":"https:\/\/www.facebook.com\/CDMFCEPID\/","article_published_time":"2021-12-16T21:16:08+00:00","article_modified_time":"2021-12-17T19:08:17+00:00","og_image":[{"width":400,"height":400,"url":"https:\/\/cdmf.org.br\/es\/wp-content\/uploads\/2021\/12\/Emerson-Rodrigues-Camargo-cdmf-cepid-es.jpg","type":"image\/jpeg"}],"author":"LAbI","twitter_card":"summary_large_image","twitter_creator":"@CDMF_comunica","twitter_site":"@CDMF_comunica","twitter_misc":{"Escrito por":"LAbI","Tiempo de lectura":"1 minuto"},"schema":{"@context":"https:\/\/schema.org","@graph":[{"@type":"Article","@id":"https:\/\/cdmf.org.br\/es\/emerson-rodrigues-de-camargo\/#article","isPartOf":{"@id":"https:\/\/cdmf.org.br\/es\/emerson-rodrigues-de-camargo\/"},"author":{"name":"LAbI","@id":"https:\/\/cdmf.org.br\/es\/#\/schema\/person\/0c86b5758e48bcdd7bf9766739759855"},"headline":"Emerson Rodrigues de Camargo","datePublished":"2021-12-16T21:16:08+00:00","dateModified":"2021-12-17T19:08:17+00:00","mainEntityOfPage":{"@id":"https:\/\/cdmf.org.br\/es\/emerson-rodrigues-de-camargo\/"},"wordCount":233,"publisher":{"@id":"https:\/\/cdmf.org.br\/es\/#organization"},"image":{"@id":"https:\/\/cdmf.org.br\/es\/emerson-rodrigues-de-camargo\/#primaryimage"},"thumbnailUrl":"https:\/\/cdmf.org.br\/es\/wp-content\/uploads\/2021\/12\/Emerson-Rodrigues-Camargo-cdmf-cepid-es.jpg","articleSection":["Investigadores principales"],"inLanguage":"es"},{"@type":"WebPage","@id":"https:\/\/cdmf.org.br\/es\/emerson-rodrigues-de-camargo\/","url":"https:\/\/cdmf.org.br\/es\/emerson-rodrigues-de-camargo\/","name":"Emerson Rodrigues de Camargo - Centro de Desarrollo de Materiales Funcionales","isPartOf":{"@id":"https:\/\/cdmf.org.br\/es\/#website"},"primaryImageOfPage":{"@id":"https:\/\/cdmf.org.br\/es\/emerson-rodrigues-de-camargo\/#primaryimage"},"image":{"@id":"https:\/\/cdmf.org.br\/es\/emerson-rodrigues-de-camargo\/#primaryimage"},"thumbnailUrl":"https:\/\/cdmf.org.br\/es\/wp-content\/uploads\/2021\/12\/Emerson-Rodrigues-Camargo-cdmf-cepid-es.jpg","datePublished":"2021-12-16T21:16:08+00:00","dateModified":"2021-12-17T19:08:17+00:00","breadcrumb":{"@id":"https:\/\/cdmf.org.br\/es\/emerson-rodrigues-de-camargo\/#breadcrumb"},"inLanguage":"es","potentialAction":[{"@type":"ReadAction","target":["https:\/\/cdmf.org.br\/es\/emerson-rodrigues-de-camargo\/"]}]},{"@type":"ImageObject","inLanguage":"es","@id":"https:\/\/cdmf.org.br\/es\/emerson-rodrigues-de-camargo\/#primaryimage","url":"https:\/\/cdmf.org.br\/es\/wp-content\/uploads\/2021\/12\/Emerson-Rodrigues-Camargo-cdmf-cepid-es.jpg","contentUrl":"https:\/\/cdmf.org.br\/es\/wp-content\/uploads\/2021\/12\/Emerson-Rodrigues-Camargo-cdmf-cepid-es.jpg","width":400,"height":400},{"@type":"BreadcrumbList","@id":"https:\/\/cdmf.org.br\/es\/emerson-rodrigues-de-camargo\/#breadcrumb","itemListElement":[{"@type":"ListItem","position":1,"name":"Portada","item":"https:\/\/cdmf.org.br\/es\/"},{"@type":"ListItem","position":2,"name":"Emerson Rodrigues de Camargo"}]},{"@type":"WebSite","@id":"https:\/\/cdmf.org.br\/es\/#website","url":"https:\/\/cdmf.org.br\/es\/","name":"Centro de Desarrollo de Materiales Funcionales","description":"Producci\u00f3n de materiales funcionales y nanoestructurados para satisfacer las nuevas necesidades de la sociedad","publisher":{"@id":"https:\/\/cdmf.org.br\/es\/#organization"},"potentialAction":[{"@type":"SearchAction","target":{"@type":"EntryPoint","urlTemplate":"https:\/\/cdmf.org.br\/es\/?s={search_term_string}"},"query-input":{"@type":"PropertyValueSpecification","valueRequired":true,"valueName":"search_term_string"}}],"inLanguage":"es"},{"@type":"Organization","@id":"https:\/\/cdmf.org.br\/es\/#organization","name":"CENTRO DE DESARROLLO DE MATERIALES FUNCIONALES","url":"https:\/\/cdmf.org.br\/es\/","logo":{"@type":"ImageObject","inLanguage":"es","@id":"https:\/\/cdmf.org.br\/es\/#\/schema\/logo\/image\/","url":"https:\/\/cdmf.org.br\/es\/wp-content\/uploads\/2021\/12\/logo-cdmf-labi-ufscar-site-es.png","contentUrl":"https:\/\/cdmf.org.br\/es\/wp-content\/uploads\/2021\/12\/logo-cdmf-labi-ufscar-site-es.png","width":279,"height":92,"caption":"CENTRO DE DESARROLLO DE MATERIALES FUNCIONALES"},"image":{"@id":"https:\/\/cdmf.org.br\/es\/#\/schema\/logo\/image\/"},"sameAs":["https:\/\/www.facebook.com\/CDMFCEPID\/","https:\/\/x.com\/CDMF_comunica","https:\/\/www.instagram.com\/cdmf_fapesp\/","https:\/\/www.linkedin.com\/company\/33200618\/admin\/","https:\/\/www.youtube.com\/playlist?list=UU3F0dJH6jQgFUC66RLxfetg"]},{"@type":"Person","@id":"https:\/\/cdmf.org.br\/es\/#\/schema\/person\/0c86b5758e48bcdd7bf9766739759855","name":"LAbI","image":{"@type":"ImageObject","inLanguage":"es","@id":"https:\/\/secure.gravatar.com\/avatar\/12a7eca69d80041ba1ec4d8a982f14f38d7ebc5ec1d6e844decf3c74fc0f27bb?s=96&d=mm&r=g","url":"https:\/\/secure.gravatar.com\/avatar\/12a7eca69d80041ba1ec4d8a982f14f38d7ebc5ec1d6e844decf3c74fc0f27bb?s=96&d=mm&r=g","contentUrl":"https:\/\/secure.gravatar.com\/avatar\/12a7eca69d80041ba1ec4d8a982f14f38d7ebc5ec1d6e844decf3c74fc0f27bb?s=96&d=mm&r=g","caption":"LAbI"},"sameAs":["https:\/\/cdmf.org.br\/es"],"url":"https:\/\/cdmf.org.br\/es\/author\/labi\/"}]}},"_links":{"self":[{"href":"https:\/\/cdmf.org.br\/es\/wp-json\/wp\/v2\/posts\/157","targetHints":{"allow":["GET"]}}],"collection":[{"href":"https:\/\/cdmf.org.br\/es\/wp-json\/wp\/v2\/posts"}],"about":[{"href":"https:\/\/cdmf.org.br\/es\/wp-json\/wp\/v2\/types\/post"}],"author":[{"embeddable":true,"href":"https:\/\/cdmf.org.br\/es\/wp-json\/wp\/v2\/users\/1"}],"replies":[{"embeddable":true,"href":"https:\/\/cdmf.org.br\/es\/wp-json\/wp\/v2\/comments?post=157"}],"version-history":[{"count":2,"href":"https:\/\/cdmf.org.br\/es\/wp-json\/wp\/v2\/posts\/157\/revisions"}],"predecessor-version":[{"id":160,"href":"https:\/\/cdmf.org.br\/es\/wp-json\/wp\/v2\/posts\/157\/revisions\/160"}],"wp:featuredmedia":[{"embeddable":true,"href":"https:\/\/cdmf.org.br\/es\/wp-json\/wp\/v2\/media\/158"}],"wp:attachment":[{"href":"https:\/\/cdmf.org.br\/es\/wp-json\/wp\/v2\/media?parent=157"}],"wp:term":[{"taxonomy":"category","embeddable":true,"href":"https:\/\/cdmf.org.br\/es\/wp-json\/wp\/v2\/categories?post=157"},{"taxonomy":"post_tag","embeddable":true,"href":"https:\/\/cdmf.org.br\/es\/wp-json\/wp\/v2\/tags?post=157"}],"curies":[{"name":"wp","href":"https:\/\/api.w.org\/{rel}","templated":true}]}}