{"id":187,"date":"2022-02-16T14:48:48","date_gmt":"2022-02-16T14:48:48","guid":{"rendered":"https:\/\/cdmf.org.br\/es\/?p=187"},"modified":"2022-02-16T14:56:32","modified_gmt":"2022-02-16T14:56:32","slug":"cuando-tendremos-mascarillas-mas-sostenibles","status":"publish","type":"post","link":"https:\/\/cdmf.org.br\/es\/cuando-tendremos-mascarillas-mas-sostenibles\/","title":{"rendered":"\u00bfCu\u00e1ndo tendremos mascarillas m\u00e1s\u00a0sostenibles?"},"content":{"rendered":"\n<p>Las infecciones microbianas provocadas por bacterias, hongos, virus y otros pat\u00f3genos han estado siempre presentes a lo largo de la historia de la humanidad.<\/p>\n\n\n\n<p>En este escenario, ya se ha desarrollado desde hace unos cien a\u00f1os una gran variedad de medicamentos (como antibi\u00f3ticos u otros productos qu\u00edmicos). Pero todav\u00eda existen problemas importantes sin resolver que est\u00e1n amenazando a la salud humana. Por ejemplo, la&nbsp;<a href=\"https:\/\/theconversation.com\/asi-descubrimos-como-muchas-bacterias-pueden-volverse-resistentes-a-los-antibioticos-167234\">resistencia a los medicamentos<\/a>&nbsp;y nuevos pat\u00f3genos emergentes.<\/p>\n\n\n\n<p>La&nbsp;<a href=\"https:\/\/covid19.who.int\/\">pandemia actual<\/a>&nbsp;causada por el virus SARS-CoV-2 ha provocado un colapso de los sistemas de salud, impactos socioecon\u00f3micos sin precedentes y cambios significativos en todos los aspectos de la vida humana. Adem\u00e1s, ha causado la muerte de casi seis millones de personas en todo el mundo.<\/p>\n\n\n\n<h2 class=\"wp-block-heading\" id=\"los-aerosoles-de-sars-cov-2\">Los aerosoles de SARS-CoV-2<\/h2>\n\n\n\n<p>Como otras enfermedades respiratorias, la principal fuente de infecci\u00f3n por SARS-CoV-2 y sus variantes es la transmisi\u00f3n de microgotas. Estas se liberan cuando una persona infectada tose, estornuda, habla, canta o respira.<\/p>\n\n\n\n<p>De esta manera, los virus pueden transmitirse de persona a persona a trav\u00e9s de microgotas respiratorias dispersas en el aire (aerosol) o por v\u00edas de contacto directo e indirecto (f\u00f3mites).<\/p>\n\n\n\n<p>Los virus en estas got\u00edculas pueden permanecer viables en el aire y en las superficies por per\u00edodos de tiempo prolongados. Pueden ir desde horas hasta d\u00edas, dependiendo de la superficie del material donde se localicen.<\/p>\n\n\n\n<p>Adem\u00e1s, en funci\u00f3n del tama\u00f1o de las gotas del aerosol procedente del aparato respiratorio, el rango de transporte puede ser m\u00e1s o menos amplio. Por ejemplo, las part\u00edculas m\u00e1s grandes (de m\u00e1s de 20 micras) tienen un alcance m\u00e1s corto (de menos de 1,5 metros). Esto sucede porque son demasiado pesadas para flotar en el aire y caen r\u00e1pidamente sobre las superficies.<\/p>\n\n\n\n<p>Sin embargo, cuando estas&nbsp;<a href=\"https:\/\/pubs.acs.org\/doi\/10.1021\/acsami.1c12227\">part\u00edculas son muy finas<\/a>&nbsp;(menos de 10 micras), pueden transportarse a distancias mucho m\u00e1s lejanas (m\u00e1s de 1,5 metros e incluso m\u00e1s de seis metros) en forma de aerosol.<\/p>\n\n\n\n<h2 class=\"wp-block-heading\" id=\"principal-via-de-proteccion-las-mascarillas\">Principal v\u00eda de protecci\u00f3n: las mascarillas<\/h2>\n\n\n\n<p>Durante la pandemia se han recomendado diferentes medidas para evitar contagios como el lavado de manos, el establecimiento de un distanciamiento social, los confinamientos, la cuarentena y las restricciones de viajes.<\/p>\n\n\n\n<p>Pero hay otra medida que&nbsp;<a href=\"https:\/\/theconversation.com\/la-evidencia-cientifica-demuestra-que-las-mascarillas-frenan-la-incidencia-de-covid-19-y-que-las-quirurgicas-son-la-mejor-opcion-168885\">ha demostrado ser muy efectiva<\/a>&nbsp;en la prevenci\u00f3n y control de infecciones y que todav\u00eda sigue instaurada: el uso de la mascarilla facial protectora. Esta protege a los trabajadores de la salud y a las personas que pueden estar expuestos al virus.<\/p>\n\n\n\n<p>En los pa\u00edses donde la mascarilla ha sido obligatoria desde el principio de la pandemia, como China, Singapur y Corea del Sur, la propagaci\u00f3n de covid-19 ha sido controlada de manera m\u00e1s eficaz. Esto se ha demostrado con&nbsp;<a href=\"https:\/\/doi.org\/10.24875\/RIC.20000196\">datos epidemiol\u00f3gicos<\/a>.<\/p>\n\n\n\n<p>Existe una gran diversidad de&nbsp;<a href=\"https:\/\/theconversation.com\/manual-de-uso-de-las-mascarillas-lo-podemos-hacer-mejor-145462\">tipos de mascarillas<\/a>. Encontramos higi\u00e9nicas, quir\u00fargicas, FFP1, FFP2, KN95, N95, FFP3. Cada una tiene diferente porosidad, est\u00e1n fabricadas por diferentes m\u00e9todos, tienen distintos materiales, distinto n\u00famero de capas, etc.<\/p>\n\n\n\n<div class=\"wp-block-image\"><figure class=\"aligncenter\"><img decoding=\"async\" src=\"https:\/\/images.theconversation.com\/files\/444399\/original\/file-20220203-19-p9ckup.png?ixlib=rb-1.1.0&amp;q=45&amp;auto=format&amp;w=754&amp;fit=clip\" alt=\"\"\/><\/figure><\/div>\n\n\n\n<p><em>Figura 1. Tipos de mascarillas, m\u00e9todos de fabricaci\u00f3n, mascarillas convencionales y mascarillas capaces de inactivar microorganismos. Creado con Biorender. \/ \u00c1ngel Serrano.\u00a0Author provided<\/em><\/p>\n\n\n\n<h2 class=\"wp-block-heading\" id=\"que-limitaciones-tienen-las-mascarillas-actuales\">\u00bfQu\u00e9 limitaciones tienen las mascarillas actuales?<\/h2>\n\n\n\n<p>El mecanismo b\u00e1sico de una mascarilla convencional consiste en que las got\u00edculas de aerosol que contienen virus se capturan en las estructuras porosas de la mascarilla. Estas act\u00faan como barrera f\u00edsica y no permiten que se inhalen por el sistema respiratorio.<\/p>\n\n\n\n<p>Sin embargo, presentan algunas limitaciones. Las mascarillas convencionales est\u00e1n fabricadas de materiales que no tienen capacidad antimicrobiana. Es decir, no son capaces de inactivar los microorganismos en cuanto estos entran en contacto con el tejido de la mascarilla.<\/p>\n\n\n\n<p>Por lo tanto, el virus&nbsp;<a href=\"https:\/\/www.mdpi.com\/2073-4360\/13\/2\/207\">permanece activo en ellas<\/a>&nbsp;(Figura 1) y la infecci\u00f3n puede provocarse f\u00e1cilmente si el usuario toca la mascarilla y luego un ojo o la boca, por ejemplo.<\/p>\n\n\n\n<p>Adem\u00e1s, el uso&nbsp;<a href=\"https:\/\/doi.org\/10.1016\/j.envres.2020.110294\">masivo de mascarillas<\/a>&nbsp;est\u00e1 generando una fuente creciente de desechos que constituye uno de los nuevos problemas ambientales que afronta nuestra sociedad.<\/p>\n\n\n\n<h2 class=\"wp-block-heading\" id=\"una-nueva-generacion-de-mascarillas-mas-sostenibles\">Una nueva generaci\u00f3n de mascarillas m\u00e1s sostenibles<\/h2>\n\n\n\n<p>Tras la irrupci\u00f3n de la nueva variante \u00f3micron se produjo un crecimiento exponencial de contagios. En este contexto, gobiernos de todo el mundo han hecho obligatorio el uso de mascarillas en lugares p\u00fablicos. Todo ello, siguiendo las recomendaciones de la Organizaci\u00f3n Mundial de la Salud (OMS).<\/p>\n\n\n\n<p>En este escenario de uso&nbsp;<a href=\"https:\/\/pubs.acs.org\/doi\/10.1021\/acsami.1c12227\">generalizado de la mascarilla<\/a>, investigadores de todo el mundo est\u00e1n trabajando para poder desarrollar nuevas mascarillas antimicrobianas. El objetivo es que sean autoesterilizables, reutilizables y capaces, adem\u00e1s, de biodegradarse en un tiempo adecuado. As\u00ed proporcionar\u00edan una soluci\u00f3n sostenible con el medio ambiente.<\/p>\n\n\n\n<p>Los materiales o&nbsp;<a href=\"https:\/\/doi.org\/10.3390\/ijms23031162\">recubrimientos antimicrobianos<\/a>&nbsp;funcionan como agentes biocidas que pueden eliminar e inhibir el crecimiento de microorganismos en las superficies. De esta manera, podr\u00edan prevenir la transmisi\u00f3n de pat\u00f3genos.<\/p>\n\n\n\n<p>Estos materiales y recubrimiento biocidas deben ser seguros y no producir efectos nocivos a los consumidores. Las tecnolog\u00edas modernas, junto con los avances de la ciencia y la ingenier\u00eda de materiales, han conseguido aumentar la&nbsp;<a href=\"https:\/\/pubs.acs.org\/doi\/10.1021\/acsami.1c12227\">efectividad de los materiales biocidas<\/a>.<\/p>\n\n\n\n<p>En resumen, las mascarillas antimicrobianas de nueva generaci\u00f3n ser\u00e1n herramientas importantes para prevenir infecciones virales y de otros microorganismos como las bacterias multirresistentes. Estas \u00faltimas, seg\u00fan la OMS, se estima que podr\u00edan producir mayor cantidad de fallecimientos que otras enfermedades como el c\u00e1ncer en el a\u00f1o 2050 si no se toman medidas eficaces hasta entonces.<\/p>\n\n\n\n<p>Estas mascarillas antimicrobianas proporcionan una protecci\u00f3n superior al usuario y reducen la generaci\u00f3n de residuos infecciosos. En el progreso hacia el desarrollo de estas mascarillas ha contribuido significativamente las nuevas tecnolog\u00edas de materiales biocidas que se est\u00e1n implementando en una amplia gama de aplicaciones. Incluida la producci\u00f3n de otros equipamientos protectores como las pantallas faciales, gafas, guantes, ropa, etc.<\/p>\n\n\n\n<p>Sin embargo, hay que reconocer que es necesario hacer un mayor esfuerzo para resolver los crecientes problemas ambientales producidos por la utilizaci\u00f3n masiva de mascarillas faciales no reutilizables.<\/p>\n\n\n\n<p><strong>CDMF<\/strong><\/p>\n\n\n\n<p>El CDMF es uno de los Centros de Investigaci\u00f3n, Innovaci\u00f3n y Difusi\u00f3n (<a rel=\"noreferrer noopener\" href=\"https:\/\/cepid.fapesp.br\/home\/\" target=\"_blank\">Cepids<\/a>) apoyados por la Fundaci\u00f3n de Apoyo a la Investigaci\u00f3n del Estado de S\u00e3o Paulo (<a rel=\"noreferrer noopener\" href=\"https:\/\/fapesp.br\/\" target=\"_blank\">Fapesp<\/a>), y tambi\u00e9n recibe inversi\u00f3n del Consejo Nacional de Desarrollo Cient\u00edfico y Tecnol\u00f3gico (<a rel=\"noreferrer noopener\" href=\"https:\/\/www.gov.br\/cnpq\" target=\"_blank\">CNPq<\/a>), del Instituto Nacional de Materiales. Ciencia y Tecnolog\u00eda en Nanotecnolog\u00eda (INCTMN). Trabaja en colaboraci\u00f3n con varios laboratorios del mundo en los que se agrupan el INTEMA (de Argentina) y la Universidad Jaume I de Espa\u00f1a.<\/p>\n\n\n\n<p>Publicado originalmente en <a href=\"https:\/\/theconversation.com\/cuando-tendremos-mascarillas-mas-sostenibles-175262?utm_source=twitter&amp;utm_medium=bylinetwitterbutton\" target=\"_blank\" rel=\"noreferrer noopener\">The Conversation<\/a><\/p>\n","protected":false},"excerpt":{"rendered":"<div class=\"mh-excerpt\"><p>Las infecciones microbianas provocadas por bacterias, hongos, virus y otros pat\u00f3genos han estado siempre presentes a lo largo de la historia de la humanidad. En este escenario, ya se ha desarrollado desde hace unos cien <a class=\"mh-excerpt-more\" href=\"https:\/\/cdmf.org.br\/es\/cuando-tendremos-mascarillas-mas-sostenibles\/\" title=\"\u00bfCu\u00e1ndo tendremos mascarillas m\u00e1s\u00a0sostenibles?\">[&#8230;]<\/a><\/p>\n<\/div>","protected":false},"author":1,"featured_media":189,"comment_status":"closed","ping_status":"open","sticky":false,"template":"","format":"standard","meta":{"_monsterinsights_skip_tracking":false,"_monsterinsights_sitenote_active":false,"_monsterinsights_sitenote_note":"","_monsterinsights_sitenote_category":0,"footnotes":""},"categories":[4,26],"tags":[36,17,13,14,16,15,20,35,18,21,24,33],"class_list":{"0":"post-187","1":"post","2":"type-post","3":"status-publish","4":"format-standard","5":"has-post-thumbnail","7":"category-noticias","8":"category-slider-enfasis","9":"tag-ufrgs","10":"tag-capes","11":"tag-cdmf","12":"tag-cepid","13":"tag-cnpq","14":"tag-fapesp","15":"tag-finep","16":"tag-ucv","17":"tag-ufscar","18":"tag-uji","19":"tag-unesp","20":"tag-usp"},"yoast_head":"<!-- This site is optimized with the Yoast SEO plugin v27.2 - https:\/\/yoast.com\/product\/yoast-seo-wordpress\/ -->\n<title>\u00bfCu\u00e1ndo tendremos mascarillas m\u00e1s\u00a0sostenibles? - Centro de Desarrollo de Materiales Funcionales<\/title>\n<meta name=\"robots\" content=\"index, follow, max-snippet:-1, max-image-preview:large, max-video-preview:-1\" \/>\n<link rel=\"canonical\" href=\"https:\/\/cdmf.org.br\/es\/cuando-tendremos-mascarillas-mas-sostenibles\/\" \/>\n<meta property=\"og:locale\" content=\"es_ES\" \/>\n<meta property=\"og:type\" content=\"article\" \/>\n<meta property=\"og:title\" content=\"\u00bfCu\u00e1ndo tendremos mascarillas m\u00e1s\u00a0sostenibles? - Centro de Desarrollo de Materiales Funcionales\" \/>\n<meta property=\"og:description\" content=\"Las infecciones microbianas provocadas por bacterias, hongos, virus y otros pat\u00f3genos han estado siempre presentes a lo largo de la historia de la humanidad. En este escenario, ya se ha desarrollado desde hace unos cien [...]\" \/>\n<meta property=\"og:url\" content=\"https:\/\/cdmf.org.br\/es\/cuando-tendremos-mascarillas-mas-sostenibles\/\" \/>\n<meta property=\"og:site_name\" content=\"Centro de Desarrollo de Materiales Funcionales\" \/>\n<meta property=\"article:publisher\" content=\"https:\/\/www.facebook.com\/CDMFCEPID\/\" \/>\n<meta property=\"article:published_time\" content=\"2022-02-16T14:48:48+00:00\" \/>\n<meta property=\"article:modified_time\" content=\"2022-02-16T14:56:32+00:00\" \/>\n<meta property=\"og:image\" content=\"https:\/\/cdmf.org.br\/es\/wp-content\/uploads\/2022\/02\/masc.png\" \/>\n\t<meta property=\"og:image:width\" content=\"1490\" \/>\n\t<meta property=\"og:image:height\" content=\"828\" \/>\n\t<meta property=\"og:image:type\" content=\"image\/png\" \/>\n<meta name=\"author\" content=\"LAbI\" \/>\n<meta name=\"twitter:card\" content=\"summary_large_image\" \/>\n<meta name=\"twitter:creator\" content=\"@CDMF_comunica\" \/>\n<meta name=\"twitter:site\" content=\"@CDMF_comunica\" \/>\n<meta name=\"twitter:label1\" content=\"Escrito por\" \/>\n\t<meta name=\"twitter:data1\" content=\"LAbI\" \/>\n\t<meta name=\"twitter:label2\" content=\"Tiempo de lectura\" \/>\n\t<meta name=\"twitter:data2\" content=\"5 minutos\" \/>\n<script type=\"application\/ld+json\" class=\"yoast-schema-graph\">{\"@context\":\"https:\/\/schema.org\",\"@graph\":[{\"@type\":\"Article\",\"@id\":\"https:\/\/cdmf.org.br\/es\/cuando-tendremos-mascarillas-mas-sostenibles\/#article\",\"isPartOf\":{\"@id\":\"https:\/\/cdmf.org.br\/es\/cuando-tendremos-mascarillas-mas-sostenibles\/\"},\"author\":{\"name\":\"LAbI\",\"@id\":\"https:\/\/cdmf.org.br\/es\/#\/schema\/person\/0c86b5758e48bcdd7bf9766739759855\"},\"headline\":\"\u00bfCu\u00e1ndo tendremos mascarillas m\u00e1s\u00a0sostenibles?\",\"datePublished\":\"2022-02-16T14:48:48+00:00\",\"dateModified\":\"2022-02-16T14:56:32+00:00\",\"mainEntityOfPage\":{\"@id\":\"https:\/\/cdmf.org.br\/es\/cuando-tendremos-mascarillas-mas-sostenibles\/\"},\"wordCount\":1143,\"publisher\":{\"@id\":\"https:\/\/cdmf.org.br\/es\/#organization\"},\"image\":{\"@id\":\"https:\/\/cdmf.org.br\/es\/cuando-tendremos-mascarillas-mas-sostenibles\/#primaryimage\"},\"thumbnailUrl\":\"https:\/\/cdmf.org.br\/es\/wp-content\/uploads\/2022\/02\/masc.png\",\"keywords\":[\"#UFRGS\",\"CAPES\",\"CDMF\",\"CEPID\",\"CNPq\",\"FAPESP\",\"Finep\",\"UCV\",\"UFSCar\",\"UJI\",\"Unesp\",\"USP\"],\"articleSection\":[\"Noticias\",\"Slider \u00e9nfasis\"],\"inLanguage\":\"es\"},{\"@type\":\"WebPage\",\"@id\":\"https:\/\/cdmf.org.br\/es\/cuando-tendremos-mascarillas-mas-sostenibles\/\",\"url\":\"https:\/\/cdmf.org.br\/es\/cuando-tendremos-mascarillas-mas-sostenibles\/\",\"name\":\"\u00bfCu\u00e1ndo tendremos mascarillas m\u00e1s\u00a0sostenibles? - Centro de Desarrollo de Materiales Funcionales\",\"isPartOf\":{\"@id\":\"https:\/\/cdmf.org.br\/es\/#website\"},\"primaryImageOfPage\":{\"@id\":\"https:\/\/cdmf.org.br\/es\/cuando-tendremos-mascarillas-mas-sostenibles\/#primaryimage\"},\"image\":{\"@id\":\"https:\/\/cdmf.org.br\/es\/cuando-tendremos-mascarillas-mas-sostenibles\/#primaryimage\"},\"thumbnailUrl\":\"https:\/\/cdmf.org.br\/es\/wp-content\/uploads\/2022\/02\/masc.png\",\"datePublished\":\"2022-02-16T14:48:48+00:00\",\"dateModified\":\"2022-02-16T14:56:32+00:00\",\"breadcrumb\":{\"@id\":\"https:\/\/cdmf.org.br\/es\/cuando-tendremos-mascarillas-mas-sostenibles\/#breadcrumb\"},\"inLanguage\":\"es\",\"potentialAction\":[{\"@type\":\"ReadAction\",\"target\":[\"https:\/\/cdmf.org.br\/es\/cuando-tendremos-mascarillas-mas-sostenibles\/\"]}]},{\"@type\":\"ImageObject\",\"inLanguage\":\"es\",\"@id\":\"https:\/\/cdmf.org.br\/es\/cuando-tendremos-mascarillas-mas-sostenibles\/#primaryimage\",\"url\":\"https:\/\/cdmf.org.br\/es\/wp-content\/uploads\/2022\/02\/masc.png\",\"contentUrl\":\"https:\/\/cdmf.org.br\/es\/wp-content\/uploads\/2022\/02\/masc.png\",\"width\":1490,\"height\":828},{\"@type\":\"BreadcrumbList\",\"@id\":\"https:\/\/cdmf.org.br\/es\/cuando-tendremos-mascarillas-mas-sostenibles\/#breadcrumb\",\"itemListElement\":[{\"@type\":\"ListItem\",\"position\":1,\"name\":\"Portada\",\"item\":\"https:\/\/cdmf.org.br\/es\/\"},{\"@type\":\"ListItem\",\"position\":2,\"name\":\"\u00bfCu\u00e1ndo tendremos mascarillas m\u00e1s\u00a0sostenibles?\"}]},{\"@type\":\"WebSite\",\"@id\":\"https:\/\/cdmf.org.br\/es\/#website\",\"url\":\"https:\/\/cdmf.org.br\/es\/\",\"name\":\"Centro de Desarrollo de Materiales Funcionales\",\"description\":\"Producci\u00f3n de materiales funcionales y nanoestructurados para satisfacer las nuevas necesidades de la sociedad\",\"publisher\":{\"@id\":\"https:\/\/cdmf.org.br\/es\/#organization\"},\"potentialAction\":[{\"@type\":\"SearchAction\",\"target\":{\"@type\":\"EntryPoint\",\"urlTemplate\":\"https:\/\/cdmf.org.br\/es\/?s={search_term_string}\"},\"query-input\":{\"@type\":\"PropertyValueSpecification\",\"valueRequired\":true,\"valueName\":\"search_term_string\"}}],\"inLanguage\":\"es\"},{\"@type\":\"Organization\",\"@id\":\"https:\/\/cdmf.org.br\/es\/#organization\",\"name\":\"CENTRO DE DESARROLLO DE MATERIALES FUNCIONALES\",\"url\":\"https:\/\/cdmf.org.br\/es\/\",\"logo\":{\"@type\":\"ImageObject\",\"inLanguage\":\"es\",\"@id\":\"https:\/\/cdmf.org.br\/es\/#\/schema\/logo\/image\/\",\"url\":\"https:\/\/cdmf.org.br\/es\/wp-content\/uploads\/2021\/12\/logo-cdmf-labi-ufscar-site-es.png\",\"contentUrl\":\"https:\/\/cdmf.org.br\/es\/wp-content\/uploads\/2021\/12\/logo-cdmf-labi-ufscar-site-es.png\",\"width\":279,\"height\":92,\"caption\":\"CENTRO DE DESARROLLO DE MATERIALES FUNCIONALES\"},\"image\":{\"@id\":\"https:\/\/cdmf.org.br\/es\/#\/schema\/logo\/image\/\"},\"sameAs\":[\"https:\/\/www.facebook.com\/CDMFCEPID\/\",\"https:\/\/x.com\/CDMF_comunica\",\"https:\/\/www.instagram.com\/cdmf_fapesp\/\",\"https:\/\/www.linkedin.com\/company\/33200618\/admin\/\",\"https:\/\/www.youtube.com\/playlist?list=UU3F0dJH6jQgFUC66RLxfetg\"]},{\"@type\":\"Person\",\"@id\":\"https:\/\/cdmf.org.br\/es\/#\/schema\/person\/0c86b5758e48bcdd7bf9766739759855\",\"name\":\"LAbI\",\"image\":{\"@type\":\"ImageObject\",\"inLanguage\":\"es\",\"@id\":\"https:\/\/secure.gravatar.com\/avatar\/12a7eca69d80041ba1ec4d8a982f14f38d7ebc5ec1d6e844decf3c74fc0f27bb?s=96&d=mm&r=g\",\"url\":\"https:\/\/secure.gravatar.com\/avatar\/12a7eca69d80041ba1ec4d8a982f14f38d7ebc5ec1d6e844decf3c74fc0f27bb?s=96&d=mm&r=g\",\"contentUrl\":\"https:\/\/secure.gravatar.com\/avatar\/12a7eca69d80041ba1ec4d8a982f14f38d7ebc5ec1d6e844decf3c74fc0f27bb?s=96&d=mm&r=g\",\"caption\":\"LAbI\"},\"sameAs\":[\"https:\/\/cdmf.org.br\/es\"],\"url\":\"https:\/\/cdmf.org.br\/es\/author\/labi\/\"}]}<\/script>\n<!-- \/ Yoast SEO plugin. -->","yoast_head_json":{"title":"\u00bfCu\u00e1ndo tendremos mascarillas m\u00e1s\u00a0sostenibles? - Centro de Desarrollo de Materiales Funcionales","robots":{"index":"index","follow":"follow","max-snippet":"max-snippet:-1","max-image-preview":"max-image-preview:large","max-video-preview":"max-video-preview:-1"},"canonical":"https:\/\/cdmf.org.br\/es\/cuando-tendremos-mascarillas-mas-sostenibles\/","og_locale":"es_ES","og_type":"article","og_title":"\u00bfCu\u00e1ndo tendremos mascarillas m\u00e1s\u00a0sostenibles? - Centro de Desarrollo de Materiales Funcionales","og_description":"Las infecciones microbianas provocadas por bacterias, hongos, virus y otros pat\u00f3genos han estado siempre presentes a lo largo de la historia de la humanidad. En este escenario, ya se ha desarrollado desde hace unos cien [...]","og_url":"https:\/\/cdmf.org.br\/es\/cuando-tendremos-mascarillas-mas-sostenibles\/","og_site_name":"Centro de Desarrollo de Materiales Funcionales","article_publisher":"https:\/\/www.facebook.com\/CDMFCEPID\/","article_published_time":"2022-02-16T14:48:48+00:00","article_modified_time":"2022-02-16T14:56:32+00:00","og_image":[{"width":1490,"height":828,"url":"https:\/\/cdmf.org.br\/es\/wp-content\/uploads\/2022\/02\/masc.png","type":"image\/png"}],"author":"LAbI","twitter_card":"summary_large_image","twitter_creator":"@CDMF_comunica","twitter_site":"@CDMF_comunica","twitter_misc":{"Escrito por":"LAbI","Tiempo de lectura":"5 minutos"},"schema":{"@context":"https:\/\/schema.org","@graph":[{"@type":"Article","@id":"https:\/\/cdmf.org.br\/es\/cuando-tendremos-mascarillas-mas-sostenibles\/#article","isPartOf":{"@id":"https:\/\/cdmf.org.br\/es\/cuando-tendremos-mascarillas-mas-sostenibles\/"},"author":{"name":"LAbI","@id":"https:\/\/cdmf.org.br\/es\/#\/schema\/person\/0c86b5758e48bcdd7bf9766739759855"},"headline":"\u00bfCu\u00e1ndo tendremos mascarillas m\u00e1s\u00a0sostenibles?","datePublished":"2022-02-16T14:48:48+00:00","dateModified":"2022-02-16T14:56:32+00:00","mainEntityOfPage":{"@id":"https:\/\/cdmf.org.br\/es\/cuando-tendremos-mascarillas-mas-sostenibles\/"},"wordCount":1143,"publisher":{"@id":"https:\/\/cdmf.org.br\/es\/#organization"},"image":{"@id":"https:\/\/cdmf.org.br\/es\/cuando-tendremos-mascarillas-mas-sostenibles\/#primaryimage"},"thumbnailUrl":"https:\/\/cdmf.org.br\/es\/wp-content\/uploads\/2022\/02\/masc.png","keywords":["#UFRGS","CAPES","CDMF","CEPID","CNPq","FAPESP","Finep","UCV","UFSCar","UJI","Unesp","USP"],"articleSection":["Noticias","Slider \u00e9nfasis"],"inLanguage":"es"},{"@type":"WebPage","@id":"https:\/\/cdmf.org.br\/es\/cuando-tendremos-mascarillas-mas-sostenibles\/","url":"https:\/\/cdmf.org.br\/es\/cuando-tendremos-mascarillas-mas-sostenibles\/","name":"\u00bfCu\u00e1ndo tendremos mascarillas m\u00e1s\u00a0sostenibles? - Centro de Desarrollo de Materiales Funcionales","isPartOf":{"@id":"https:\/\/cdmf.org.br\/es\/#website"},"primaryImageOfPage":{"@id":"https:\/\/cdmf.org.br\/es\/cuando-tendremos-mascarillas-mas-sostenibles\/#primaryimage"},"image":{"@id":"https:\/\/cdmf.org.br\/es\/cuando-tendremos-mascarillas-mas-sostenibles\/#primaryimage"},"thumbnailUrl":"https:\/\/cdmf.org.br\/es\/wp-content\/uploads\/2022\/02\/masc.png","datePublished":"2022-02-16T14:48:48+00:00","dateModified":"2022-02-16T14:56:32+00:00","breadcrumb":{"@id":"https:\/\/cdmf.org.br\/es\/cuando-tendremos-mascarillas-mas-sostenibles\/#breadcrumb"},"inLanguage":"es","potentialAction":[{"@type":"ReadAction","target":["https:\/\/cdmf.org.br\/es\/cuando-tendremos-mascarillas-mas-sostenibles\/"]}]},{"@type":"ImageObject","inLanguage":"es","@id":"https:\/\/cdmf.org.br\/es\/cuando-tendremos-mascarillas-mas-sostenibles\/#primaryimage","url":"https:\/\/cdmf.org.br\/es\/wp-content\/uploads\/2022\/02\/masc.png","contentUrl":"https:\/\/cdmf.org.br\/es\/wp-content\/uploads\/2022\/02\/masc.png","width":1490,"height":828},{"@type":"BreadcrumbList","@id":"https:\/\/cdmf.org.br\/es\/cuando-tendremos-mascarillas-mas-sostenibles\/#breadcrumb","itemListElement":[{"@type":"ListItem","position":1,"name":"Portada","item":"https:\/\/cdmf.org.br\/es\/"},{"@type":"ListItem","position":2,"name":"\u00bfCu\u00e1ndo tendremos mascarillas m\u00e1s\u00a0sostenibles?"}]},{"@type":"WebSite","@id":"https:\/\/cdmf.org.br\/es\/#website","url":"https:\/\/cdmf.org.br\/es\/","name":"Centro de Desarrollo de Materiales Funcionales","description":"Producci\u00f3n de materiales funcionales y nanoestructurados para satisfacer las nuevas necesidades de la sociedad","publisher":{"@id":"https:\/\/cdmf.org.br\/es\/#organization"},"potentialAction":[{"@type":"SearchAction","target":{"@type":"EntryPoint","urlTemplate":"https:\/\/cdmf.org.br\/es\/?s={search_term_string}"},"query-input":{"@type":"PropertyValueSpecification","valueRequired":true,"valueName":"search_term_string"}}],"inLanguage":"es"},{"@type":"Organization","@id":"https:\/\/cdmf.org.br\/es\/#organization","name":"CENTRO DE DESARROLLO DE MATERIALES FUNCIONALES","url":"https:\/\/cdmf.org.br\/es\/","logo":{"@type":"ImageObject","inLanguage":"es","@id":"https:\/\/cdmf.org.br\/es\/#\/schema\/logo\/image\/","url":"https:\/\/cdmf.org.br\/es\/wp-content\/uploads\/2021\/12\/logo-cdmf-labi-ufscar-site-es.png","contentUrl":"https:\/\/cdmf.org.br\/es\/wp-content\/uploads\/2021\/12\/logo-cdmf-labi-ufscar-site-es.png","width":279,"height":92,"caption":"CENTRO DE DESARROLLO DE MATERIALES FUNCIONALES"},"image":{"@id":"https:\/\/cdmf.org.br\/es\/#\/schema\/logo\/image\/"},"sameAs":["https:\/\/www.facebook.com\/CDMFCEPID\/","https:\/\/x.com\/CDMF_comunica","https:\/\/www.instagram.com\/cdmf_fapesp\/","https:\/\/www.linkedin.com\/company\/33200618\/admin\/","https:\/\/www.youtube.com\/playlist?list=UU3F0dJH6jQgFUC66RLxfetg"]},{"@type":"Person","@id":"https:\/\/cdmf.org.br\/es\/#\/schema\/person\/0c86b5758e48bcdd7bf9766739759855","name":"LAbI","image":{"@type":"ImageObject","inLanguage":"es","@id":"https:\/\/secure.gravatar.com\/avatar\/12a7eca69d80041ba1ec4d8a982f14f38d7ebc5ec1d6e844decf3c74fc0f27bb?s=96&d=mm&r=g","url":"https:\/\/secure.gravatar.com\/avatar\/12a7eca69d80041ba1ec4d8a982f14f38d7ebc5ec1d6e844decf3c74fc0f27bb?s=96&d=mm&r=g","contentUrl":"https:\/\/secure.gravatar.com\/avatar\/12a7eca69d80041ba1ec4d8a982f14f38d7ebc5ec1d6e844decf3c74fc0f27bb?s=96&d=mm&r=g","caption":"LAbI"},"sameAs":["https:\/\/cdmf.org.br\/es"],"url":"https:\/\/cdmf.org.br\/es\/author\/labi\/"}]}},"_links":{"self":[{"href":"https:\/\/cdmf.org.br\/es\/wp-json\/wp\/v2\/posts\/187","targetHints":{"allow":["GET"]}}],"collection":[{"href":"https:\/\/cdmf.org.br\/es\/wp-json\/wp\/v2\/posts"}],"about":[{"href":"https:\/\/cdmf.org.br\/es\/wp-json\/wp\/v2\/types\/post"}],"author":[{"embeddable":true,"href":"https:\/\/cdmf.org.br\/es\/wp-json\/wp\/v2\/users\/1"}],"replies":[{"embeddable":true,"href":"https:\/\/cdmf.org.br\/es\/wp-json\/wp\/v2\/comments?post=187"}],"version-history":[{"count":2,"href":"https:\/\/cdmf.org.br\/es\/wp-json\/wp\/v2\/posts\/187\/revisions"}],"predecessor-version":[{"id":191,"href":"https:\/\/cdmf.org.br\/es\/wp-json\/wp\/v2\/posts\/187\/revisions\/191"}],"wp:featuredmedia":[{"embeddable":true,"href":"https:\/\/cdmf.org.br\/es\/wp-json\/wp\/v2\/media\/189"}],"wp:attachment":[{"href":"https:\/\/cdmf.org.br\/es\/wp-json\/wp\/v2\/media?parent=187"}],"wp:term":[{"taxonomy":"category","embeddable":true,"href":"https:\/\/cdmf.org.br\/es\/wp-json\/wp\/v2\/categories?post=187"},{"taxonomy":"post_tag","embeddable":true,"href":"https:\/\/cdmf.org.br\/es\/wp-json\/wp\/v2\/tags?post=187"}],"curies":[{"name":"wp","href":"https:\/\/api.w.org\/{rel}","templated":true}]}}