{"id":193,"date":"2022-03-14T19:58:23","date_gmt":"2022-03-14T19:58:23","guid":{"rendered":"https:\/\/cdmf.org.br\/es\/?p=193"},"modified":"2022-03-16T17:37:38","modified_gmt":"2022-03-16T17:37:38","slug":"obtienen-un-plastico-biodegradable-comestible-antimicrobiano-y-mas-resistente-que-el-convencional","status":"publish","type":"post","link":"https:\/\/cdmf.org.br\/es\/obtienen-un-plastico-biodegradable-comestible-antimicrobiano-y-mas-resistente-que-el-convencional\/","title":{"rendered":"Obtienen un pl\u00e1stico biodegradable, comestible, antimicrobiano y m\u00e1s resistente que el convencional"},"content":{"rendered":"\n<p><em>Jos\u00e9 Tadeu Arantes<\/em><\/p>\n\n\n\n<p>El desechado de envases de alimentos constituye uno de los grandes problemas ambientales de la actualidad. En el planeta se producen anualmente m\u00e1s de 350 millones de toneladas de pl\u00e1sticos, y se estima que el 85% de la basura presente en los oc\u00e9anos corresponda a este material. Brasil ocupa el cuarto lugar en el&nbsp;<em>ranking<\/em>&nbsp;mundial, con una producci\u00f3n de aproximadamente 11 millones de toneladas anuales. Y todo esto con el agravante de que la mayor\u00eda de los envases pl\u00e1sticos se fabrican con base en fuentes no renovables como el petr\u00f3leo.<\/p>\n\n\n\n<p>Por este motivo, se encuentra en curso actualmente un gran esfuerzo de investigaci\u00f3n con miras a disminuir el uso de recursos f\u00f3siles en la producci\u00f3n de pl\u00e1sticos, y para desarrollar materiales destinados a la fabricaci\u00f3n de envases biodegradables que eviten al mismo tiempo la contaminaci\u00f3n con microorganismos y prolonguen la vida \u00fatil de los alimentos, reduciendo as\u00ed las p\u00e9rdidas.<\/p>\n\n\n\n<p>Un estudio realizado por el Grupo de Compuestos y Nanocompuestos H\u00edbridos (GCNH) del Departamento de F\u00edsica y Qu\u00edmica de la Universidade Estadual Paulista (Unesp), en su campus de la localidad de Ilha Solteira, en Brasil, ha realizado un importante aporte en tal sentido. Este trabajo cont\u00f3 con el apoyo de la FAPESP y sus resultados se&nbsp;<a href=\"https:\/\/www.mdpi.com\/2073-4360\/13\/24\/4298\" target=\"_blank\" rel=\"noreferrer noopener\"><strong>publicaron<\/strong><\/a>&nbsp;en la revista&nbsp;<em>Polymers<\/em>.<\/p>\n\n\n\n<p>Para fabricar su \u201cbiopl\u00e1stico\u201d \u2013o \u201cpl\u00e1stico verde\u201d, como tambi\u00e9n se lo denomina\u2013, el grupo utiliz\u00f3 como materia prima principal la gelatina incolora tipo B, extra\u00edda del tu\u00e9tano de vaca y f\u00e1cilmente hallable en supermercados y otros establecimientos comerciales.<\/p>\n\n\n\n<p>\u201cLa gelatina fue uno de los primeros materiales utilizados en la producci\u00f3n de biopol\u00edmeros y sigue emple\u00e1ndosela mucho debido a su abundancia, su bajo costo y sus excelentes propiedades para la formaci\u00f3n de pel\u00edculas\u201d, dice la qu\u00edmica&nbsp;<a href=\"https:\/\/bv.fapesp.br\/pt\/pesquisador\/79931\/marcia-regina-de-moura-aouada\" target=\"_blank\" rel=\"noreferrer noopener\"><strong>M\u00e1rcia Regina de Moura Aouada<\/strong><\/a>, docente de la Facultad de Ingenier\u00eda de Ilha Solteira (Feis-Unesp) y coordinadora del estudio.<\/p>\n\n\n\n<p>\u201cSin embargo, los envases elaborados a base de biopol\u00edmeros suelen exhibir caracter\u00edsticas que deben mejorarse para volverse equiparables a los fabricados a base de derivados de petr\u00f3leo. Esto es especialmente importante en lo concerniente a las propiedades mec\u00e1nicas y de barrera a los vapores. Por este motivo, le agregamos a la gelatina la arcilla cloisita Na<sup>+<\/sup>\u201d, comenta la investigadora.<\/p>\n\n\n\n<p>Con el agregado de esta arcilla, se obtuvo una pel\u00edcula m\u00e1s homog\u00e9nea, capaz de soportar en promedio tracciones del orden de los 70 megapascales (70 MPa). En los pl\u00e1sticos convencionales a base de polietileno, la resistencia a la tracci\u00f3n suele variar entre los 20 MPa y los 30 MPa, menos de la mitad de la que se alcanza con el biopl\u00e1stico.<\/p>\n\n\n\n<p>\u201cAdem\u00e1s de la arcilla, le a\u00f1adimos a la mezcla tambi\u00e9n una nanoemulsi\u00f3n de aceite esencial de pimienta negra. El objetivo en este caso consisti\u00f3 en obtener un envase comestible m\u00e1s atractivo en t\u00e9rminos de sabor y aroma. Y que adem\u00e1s pudiera extender la vida \u00fatil del alimento envasado mediante el agregado de componentes antimicrobianos y antioxidantes a la matriz polim\u00e9rica\u201d, afirma De Moura Aouada.<\/p>\n\n\n\n<p>Cabe remarcar que el biopl\u00e1stico en cuesti\u00f3n fue proyectado para envasar la carne bovina en forma de hamburguesas, un alimento bastante susceptible a la contaminaci\u00f3n microbiana y que presenta un olor muy acentuado. Pero el principio general de a\u00f1adirle arcilla y nanoemulsiones de aceites esenciales a la matriz de gelatina puede extenderse y se extender\u00e1 a otros tipos de alimentos, con variaciones caso a caso del tipo de aceite esencial y de la proporci\u00f3n aplicada.<\/p>\n\n\n\n<p>\u201cLa salida de este tipo de envases al mercado podr\u00e1 generar una disminuci\u00f3n significativa de la utilizaci\u00f3n de envases a base de pol\u00edmeros no biodegradables, evitando as\u00ed la acumulaci\u00f3n de residuos s\u00f3lidos. Asimismo, el biopl\u00e1stico incrementar\u00e1 la seguridad de los alimentos envasados en lo referente a la contaminaci\u00f3n con pat\u00f3genos, con la consiguiente reducci\u00f3n de p\u00e9rdidas\u201d, comenta la investigadora.<\/p>\n\n\n\n<p>Las l\u00edneas de investigaci\u00f3n desarrolladas en el GCNH-Unesp se basan en el concepto de \u201ceconom\u00eda circular\u201d, que transforma residuos en recursos. Los l\u00edderes del grupo son&nbsp;<a href=\"https:\/\/bv.fapesp.br\/pt\/pesquisador\/76829\/fauze-ahmad-aouada\" target=\"_blank\" rel=\"noreferrer noopener\"><strong>Fauze Aouada<\/strong><\/a>&nbsp;y M\u00e1rcia Aouada, docentes acreditados en el programa de Posgrado en Ciencia de Materiales (PPGCM) de la Unesp.<\/p>\n\n\n\n<p>\u201cNuestras propuestas se encuadran en los Objetivos de Desarrollo Sostenible [<em>ODS<\/em>] postulados por la Organizaci\u00f3n de las Naciones Unidas [<em>ONU<\/em>] para mitigar la pobreza, favorecer la sostenibilidad econ\u00f3mica del planeta y asegurar la paz y la prosperidad de la poblaci\u00f3n mundial\u201d, enfatiza M\u00e1rcia Aouada.<\/p>\n\n\n\n<p>Aparte del biopl\u00e1stico mencionado, el grupo produce ap\u00f3sitos a base de celulosa bacteriana. Y envases comestibles con nanoestructuras derivadas de pur\u00e9 de col, pur\u00e9 de cacao, pur\u00e9 de copuaz\u00fa (<em>Theobroma grandiflorum<\/em>), extracto de&nbsp;<em>camu-camu<\/em>&nbsp;(<em>Myrciaria dubia<\/em>, una fruta de la familia de las mirt\u00e1ceas) y nanoemulsiones con potencial de aplicaci\u00f3n en las industrias de alimentos, f\u00e1rmacos y cosm\u00e9ticos.<\/p>\n\n\n\n<p>La investigaci\u00f3n cuenta con el apoyo de la FAPESP mediante una&nbsp;<a href=\"https:\/\/bv.fapesp.br\/pt\/auxilios\/105839\" target=\"_blank\" rel=\"noreferrer noopener\"><strong>Ayuda Regular de Investigaci\u00f3n<\/strong><\/a>&nbsp;y tambi\u00e9n a trav\u00e9s del Centro de Desarrollo de Materiales Funcionales (<a href=\"http:\/\/cdmf.org.br\/\" target=\"_blank\" rel=\"noreferrer noopener\"><strong>CDMF<\/strong><\/a>), un Centro de Investigaci\u00f3n, Innovaci\u00f3n y Difusi\u00f3n (<a href=\"http:\/\/cepid.fapesp.br\/home\" target=\"_blank\" rel=\"noreferrer noopener\"><strong>CEPID<\/strong><\/a>) con sede en la Universidad Federal de S\u00e3o Carlos (UFSCar).<\/p>\n\n\n\n<p>Este trabajo se lleva adelante en red, con aportes de varios investigadores que estudian el tema. El art\u00edculo que se menciona en este reportaje lleva tambi\u00e9n la firma de Tascila Saranti, mag\u00edster por el PPGCM-Unesp; Pamela Melo, doctora por el PPGCM-Unesp y actualmente posdoctoranda en el grupo GCNH-Unesp; Miguel Cerqueira, investigador en el International Iberian Nanotechnology Laboratory, en Portugal, y Fauze Aouada.<\/p>\n\n\n\n<p>Puede accederse a la lectura del art\u00edculo intitulado&nbsp;<em>Performance of Gelatin Films Reinforced with Cloisite Na<sup>+<\/sup>&nbsp;and Black Pepper Essential Oil Loaded Nanoemulsion<\/em>&nbsp;en el siguiente enlace:&nbsp;<a href=\"https:\/\/www.mdpi.com\/2073-4360\/13\/24\/4298\" target=\"_blank\" rel=\"noreferrer noopener\"><strong>www.mdpi.com\/2073-4360\/13\/24\/4298<\/strong><\/a>.&nbsp;<\/p>\n\n\n\n<p><strong>CDMF<\/strong><\/p>\n\n\n\n<p>El CDMF es uno de los Centros de Investigaci\u00f3n, Innovaci\u00f3n y Difusi\u00f3n (<a href=\"https:\/\/cepid.fapesp.br\/home\/\" target=\"_blank\" rel=\"noreferrer noopener\">Cepids<\/a>) apoyados por la Fundaci\u00f3n de Apoyo a la Investigaci\u00f3n del Estado de S\u00e3o Paulo (<a href=\"https:\/\/fapesp.br\/\" target=\"_blank\" rel=\"noreferrer noopener\">Fapesp<\/a>), y tambi\u00e9n recibe inversi\u00f3n del Consejo Nacional de Desarrollo Cient\u00edfico y Tecnol\u00f3gico (<a href=\"https:\/\/www.gov.br\/cnpq\" target=\"_blank\" rel=\"noreferrer noopener\">CNPq<\/a>), del Instituto Nacional de Materiales. Ciencia y Tecnolog\u00eda en Nanotecnolog\u00eda (INCTMN). Trabaja en colaboraci\u00f3n con varios laboratorios del mundo en los que se agrupan el INTEMA (de Argentina) y la Universidad Jaume I de Espa\u00f1a.<\/p>\n\n\n\n<p>Publicado originalmente en <a href=\"https:\/\/agencia.fapesp.br\/obtienen-un-plastico-biodegradable-comestible-antimicrobiano-y-mas-resistente-que-el-convencional\/38100\/\" target=\"_blank\" rel=\"noreferrer noopener\">Ag\u00eancia Fapesp <\/a><\/p>\n","protected":false},"excerpt":{"rendered":"<div class=\"mh-excerpt\"><p>Jos\u00e9 Tadeu Arantes El desechado de envases de alimentos constituye uno de los grandes problemas ambientales de la actualidad. En el planeta se producen anualmente m\u00e1s de 350 millones de toneladas de pl\u00e1sticos, y se <a class=\"mh-excerpt-more\" href=\"https:\/\/cdmf.org.br\/es\/obtienen-un-plastico-biodegradable-comestible-antimicrobiano-y-mas-resistente-que-el-convencional\/\" title=\"Obtienen un pl\u00e1stico biodegradable, comestible, antimicrobiano y m\u00e1s resistente que el convencional\">[&#8230;]<\/a><\/p>\n<\/div>","protected":false},"author":1,"featured_media":194,"comment_status":"closed","ping_status":"open","sticky":false,"template":"","format":"standard","meta":{"_monsterinsights_skip_tracking":false,"_monsterinsights_sitenote_active":false,"_monsterinsights_sitenote_note":"","_monsterinsights_sitenote_category":0,"footnotes":""},"categories":[4,26],"tags":[17,13,14,16,15,20,24],"class_list":{"0":"post-193","1":"post","2":"type-post","3":"status-publish","4":"format-standard","5":"has-post-thumbnail","7":"category-noticias","8":"category-slider-enfasis","9":"tag-capes","10":"tag-cdmf","11":"tag-cepid","12":"tag-cnpq","13":"tag-fapesp","14":"tag-finep","15":"tag-unesp"},"yoast_head":"<!-- This site is optimized with the Yoast SEO plugin v27.2 - https:\/\/yoast.com\/product\/yoast-seo-wordpress\/ -->\n<title>Obtienen un pl\u00e1stico biodegradable, comestible, antimicrobiano y m\u00e1s resistente que el convencional - Centro de Desarrollo de Materiales Funcionales<\/title>\n<meta name=\"robots\" content=\"index, follow, max-snippet:-1, max-image-preview:large, max-video-preview:-1\" \/>\n<link rel=\"canonical\" href=\"https:\/\/cdmf.org.br\/es\/obtienen-un-plastico-biodegradable-comestible-antimicrobiano-y-mas-resistente-que-el-convencional\/\" \/>\n<meta property=\"og:locale\" content=\"es_ES\" \/>\n<meta property=\"og:type\" content=\"article\" \/>\n<meta property=\"og:title\" content=\"Obtienen un pl\u00e1stico biodegradable, comestible, antimicrobiano y m\u00e1s resistente que el convencional - Centro de Desarrollo de Materiales Funcionales\" \/>\n<meta property=\"og:description\" content=\"Jos\u00e9 Tadeu Arantes El desechado de envases de alimentos constituye uno de los grandes problemas ambientales de la actualidad. En el planeta se producen anualmente m\u00e1s de 350 millones de toneladas de pl\u00e1sticos, y se [...]\" \/>\n<meta property=\"og:url\" content=\"https:\/\/cdmf.org.br\/es\/obtienen-un-plastico-biodegradable-comestible-antimicrobiano-y-mas-resistente-que-el-convencional\/\" \/>\n<meta property=\"og:site_name\" content=\"Centro de Desarrollo de Materiales Funcionales\" \/>\n<meta property=\"article:publisher\" content=\"https:\/\/www.facebook.com\/CDMFCEPID\/\" \/>\n<meta property=\"article:published_time\" content=\"2022-03-14T19:58:23+00:00\" \/>\n<meta property=\"article:modified_time\" content=\"2022-03-16T17:37:38+00:00\" \/>\n<meta property=\"og:image\" content=\"https:\/\/cdmf.org.br\/es\/wp-content\/uploads\/2022\/03\/plast.png\" \/>\n\t<meta property=\"og:image:width\" content=\"392\" \/>\n\t<meta property=\"og:image:height\" content=\"222\" \/>\n\t<meta property=\"og:image:type\" content=\"image\/png\" \/>\n<meta name=\"author\" content=\"LAbI\" \/>\n<meta name=\"twitter:card\" content=\"summary_large_image\" \/>\n<meta name=\"twitter:creator\" content=\"@CDMF_comunica\" \/>\n<meta name=\"twitter:site\" content=\"@CDMF_comunica\" \/>\n<meta name=\"twitter:label1\" content=\"Escrito por\" \/>\n\t<meta name=\"twitter:data1\" content=\"LAbI\" \/>\n\t<meta name=\"twitter:label2\" content=\"Tiempo de lectura\" \/>\n\t<meta name=\"twitter:data2\" content=\"5 minutos\" \/>\n<script type=\"application\/ld+json\" class=\"yoast-schema-graph\">{\"@context\":\"https:\/\/schema.org\",\"@graph\":[{\"@type\":\"Article\",\"@id\":\"https:\/\/cdmf.org.br\/es\/obtienen-un-plastico-biodegradable-comestible-antimicrobiano-y-mas-resistente-que-el-convencional\/#article\",\"isPartOf\":{\"@id\":\"https:\/\/cdmf.org.br\/es\/obtienen-un-plastico-biodegradable-comestible-antimicrobiano-y-mas-resistente-que-el-convencional\/\"},\"author\":{\"name\":\"LAbI\",\"@id\":\"https:\/\/cdmf.org.br\/es\/#\/schema\/person\/0c86b5758e48bcdd7bf9766739759855\"},\"headline\":\"Obtienen un pl\u00e1stico biodegradable, comestible, antimicrobiano y m\u00e1s resistente que el convencional\",\"datePublished\":\"2022-03-14T19:58:23+00:00\",\"dateModified\":\"2022-03-16T17:37:38+00:00\",\"mainEntityOfPage\":{\"@id\":\"https:\/\/cdmf.org.br\/es\/obtienen-un-plastico-biodegradable-comestible-antimicrobiano-y-mas-resistente-que-el-convencional\/\"},\"wordCount\":1124,\"publisher\":{\"@id\":\"https:\/\/cdmf.org.br\/es\/#organization\"},\"image\":{\"@id\":\"https:\/\/cdmf.org.br\/es\/obtienen-un-plastico-biodegradable-comestible-antimicrobiano-y-mas-resistente-que-el-convencional\/#primaryimage\"},\"thumbnailUrl\":\"https:\/\/cdmf.org.br\/es\/wp-content\/uploads\/2022\/03\/plast.png\",\"keywords\":[\"CAPES\",\"CDMF\",\"CEPID\",\"CNPq\",\"FAPESP\",\"Finep\",\"Unesp\"],\"articleSection\":[\"Noticias\",\"Slider \u00e9nfasis\"],\"inLanguage\":\"es\"},{\"@type\":\"WebPage\",\"@id\":\"https:\/\/cdmf.org.br\/es\/obtienen-un-plastico-biodegradable-comestible-antimicrobiano-y-mas-resistente-que-el-convencional\/\",\"url\":\"https:\/\/cdmf.org.br\/es\/obtienen-un-plastico-biodegradable-comestible-antimicrobiano-y-mas-resistente-que-el-convencional\/\",\"name\":\"Obtienen un pl\u00e1stico biodegradable, comestible, antimicrobiano y m\u00e1s resistente que el convencional - Centro de Desarrollo de Materiales Funcionales\",\"isPartOf\":{\"@id\":\"https:\/\/cdmf.org.br\/es\/#website\"},\"primaryImageOfPage\":{\"@id\":\"https:\/\/cdmf.org.br\/es\/obtienen-un-plastico-biodegradable-comestible-antimicrobiano-y-mas-resistente-que-el-convencional\/#primaryimage\"},\"image\":{\"@id\":\"https:\/\/cdmf.org.br\/es\/obtienen-un-plastico-biodegradable-comestible-antimicrobiano-y-mas-resistente-que-el-convencional\/#primaryimage\"},\"thumbnailUrl\":\"https:\/\/cdmf.org.br\/es\/wp-content\/uploads\/2022\/03\/plast.png\",\"datePublished\":\"2022-03-14T19:58:23+00:00\",\"dateModified\":\"2022-03-16T17:37:38+00:00\",\"breadcrumb\":{\"@id\":\"https:\/\/cdmf.org.br\/es\/obtienen-un-plastico-biodegradable-comestible-antimicrobiano-y-mas-resistente-que-el-convencional\/#breadcrumb\"},\"inLanguage\":\"es\",\"potentialAction\":[{\"@type\":\"ReadAction\",\"target\":[\"https:\/\/cdmf.org.br\/es\/obtienen-un-plastico-biodegradable-comestible-antimicrobiano-y-mas-resistente-que-el-convencional\/\"]}]},{\"@type\":\"ImageObject\",\"inLanguage\":\"es\",\"@id\":\"https:\/\/cdmf.org.br\/es\/obtienen-un-plastico-biodegradable-comestible-antimicrobiano-y-mas-resistente-que-el-convencional\/#primaryimage\",\"url\":\"https:\/\/cdmf.org.br\/es\/wp-content\/uploads\/2022\/03\/plast.png\",\"contentUrl\":\"https:\/\/cdmf.org.br\/es\/wp-content\/uploads\/2022\/03\/plast.png\",\"width\":392,\"height\":222},{\"@type\":\"BreadcrumbList\",\"@id\":\"https:\/\/cdmf.org.br\/es\/obtienen-un-plastico-biodegradable-comestible-antimicrobiano-y-mas-resistente-que-el-convencional\/#breadcrumb\",\"itemListElement\":[{\"@type\":\"ListItem\",\"position\":1,\"name\":\"Portada\",\"item\":\"https:\/\/cdmf.org.br\/es\/\"},{\"@type\":\"ListItem\",\"position\":2,\"name\":\"Obtienen un pl\u00e1stico biodegradable, comestible, antimicrobiano y m\u00e1s resistente que el convencional\"}]},{\"@type\":\"WebSite\",\"@id\":\"https:\/\/cdmf.org.br\/es\/#website\",\"url\":\"https:\/\/cdmf.org.br\/es\/\",\"name\":\"Centro de Desarrollo de Materiales Funcionales\",\"description\":\"Producci\u00f3n de materiales funcionales y nanoestructurados para satisfacer las nuevas necesidades de la sociedad\",\"publisher\":{\"@id\":\"https:\/\/cdmf.org.br\/es\/#organization\"},\"potentialAction\":[{\"@type\":\"SearchAction\",\"target\":{\"@type\":\"EntryPoint\",\"urlTemplate\":\"https:\/\/cdmf.org.br\/es\/?s={search_term_string}\"},\"query-input\":{\"@type\":\"PropertyValueSpecification\",\"valueRequired\":true,\"valueName\":\"search_term_string\"}}],\"inLanguage\":\"es\"},{\"@type\":\"Organization\",\"@id\":\"https:\/\/cdmf.org.br\/es\/#organization\",\"name\":\"CENTRO DE DESARROLLO DE MATERIALES FUNCIONALES\",\"url\":\"https:\/\/cdmf.org.br\/es\/\",\"logo\":{\"@type\":\"ImageObject\",\"inLanguage\":\"es\",\"@id\":\"https:\/\/cdmf.org.br\/es\/#\/schema\/logo\/image\/\",\"url\":\"https:\/\/cdmf.org.br\/es\/wp-content\/uploads\/2021\/12\/logo-cdmf-labi-ufscar-site-es.png\",\"contentUrl\":\"https:\/\/cdmf.org.br\/es\/wp-content\/uploads\/2021\/12\/logo-cdmf-labi-ufscar-site-es.png\",\"width\":279,\"height\":92,\"caption\":\"CENTRO DE DESARROLLO DE MATERIALES FUNCIONALES\"},\"image\":{\"@id\":\"https:\/\/cdmf.org.br\/es\/#\/schema\/logo\/image\/\"},\"sameAs\":[\"https:\/\/www.facebook.com\/CDMFCEPID\/\",\"https:\/\/x.com\/CDMF_comunica\",\"https:\/\/www.instagram.com\/cdmf_fapesp\/\",\"https:\/\/www.linkedin.com\/company\/33200618\/admin\/\",\"https:\/\/www.youtube.com\/playlist?list=UU3F0dJH6jQgFUC66RLxfetg\"]},{\"@type\":\"Person\",\"@id\":\"https:\/\/cdmf.org.br\/es\/#\/schema\/person\/0c86b5758e48bcdd7bf9766739759855\",\"name\":\"LAbI\",\"image\":{\"@type\":\"ImageObject\",\"inLanguage\":\"es\",\"@id\":\"https:\/\/secure.gravatar.com\/avatar\/12a7eca69d80041ba1ec4d8a982f14f38d7ebc5ec1d6e844decf3c74fc0f27bb?s=96&d=mm&r=g\",\"url\":\"https:\/\/secure.gravatar.com\/avatar\/12a7eca69d80041ba1ec4d8a982f14f38d7ebc5ec1d6e844decf3c74fc0f27bb?s=96&d=mm&r=g\",\"contentUrl\":\"https:\/\/secure.gravatar.com\/avatar\/12a7eca69d80041ba1ec4d8a982f14f38d7ebc5ec1d6e844decf3c74fc0f27bb?s=96&d=mm&r=g\",\"caption\":\"LAbI\"},\"sameAs\":[\"https:\/\/cdmf.org.br\/es\"],\"url\":\"https:\/\/cdmf.org.br\/es\/author\/labi\/\"}]}<\/script>\n<!-- \/ Yoast SEO plugin. -->","yoast_head_json":{"title":"Obtienen un pl\u00e1stico biodegradable, comestible, antimicrobiano y m\u00e1s resistente que el convencional - Centro de Desarrollo de Materiales Funcionales","robots":{"index":"index","follow":"follow","max-snippet":"max-snippet:-1","max-image-preview":"max-image-preview:large","max-video-preview":"max-video-preview:-1"},"canonical":"https:\/\/cdmf.org.br\/es\/obtienen-un-plastico-biodegradable-comestible-antimicrobiano-y-mas-resistente-que-el-convencional\/","og_locale":"es_ES","og_type":"article","og_title":"Obtienen un pl\u00e1stico biodegradable, comestible, antimicrobiano y m\u00e1s resistente que el convencional - Centro de Desarrollo de Materiales Funcionales","og_description":"Jos\u00e9 Tadeu Arantes El desechado de envases de alimentos constituye uno de los grandes problemas ambientales de la actualidad. En el planeta se producen anualmente m\u00e1s de 350 millones de toneladas de pl\u00e1sticos, y se [...]","og_url":"https:\/\/cdmf.org.br\/es\/obtienen-un-plastico-biodegradable-comestible-antimicrobiano-y-mas-resistente-que-el-convencional\/","og_site_name":"Centro de Desarrollo de Materiales Funcionales","article_publisher":"https:\/\/www.facebook.com\/CDMFCEPID\/","article_published_time":"2022-03-14T19:58:23+00:00","article_modified_time":"2022-03-16T17:37:38+00:00","og_image":[{"width":392,"height":222,"url":"https:\/\/cdmf.org.br\/es\/wp-content\/uploads\/2022\/03\/plast.png","type":"image\/png"}],"author":"LAbI","twitter_card":"summary_large_image","twitter_creator":"@CDMF_comunica","twitter_site":"@CDMF_comunica","twitter_misc":{"Escrito por":"LAbI","Tiempo de lectura":"5 minutos"},"schema":{"@context":"https:\/\/schema.org","@graph":[{"@type":"Article","@id":"https:\/\/cdmf.org.br\/es\/obtienen-un-plastico-biodegradable-comestible-antimicrobiano-y-mas-resistente-que-el-convencional\/#article","isPartOf":{"@id":"https:\/\/cdmf.org.br\/es\/obtienen-un-plastico-biodegradable-comestible-antimicrobiano-y-mas-resistente-que-el-convencional\/"},"author":{"name":"LAbI","@id":"https:\/\/cdmf.org.br\/es\/#\/schema\/person\/0c86b5758e48bcdd7bf9766739759855"},"headline":"Obtienen un pl\u00e1stico biodegradable, comestible, antimicrobiano y m\u00e1s resistente que el convencional","datePublished":"2022-03-14T19:58:23+00:00","dateModified":"2022-03-16T17:37:38+00:00","mainEntityOfPage":{"@id":"https:\/\/cdmf.org.br\/es\/obtienen-un-plastico-biodegradable-comestible-antimicrobiano-y-mas-resistente-que-el-convencional\/"},"wordCount":1124,"publisher":{"@id":"https:\/\/cdmf.org.br\/es\/#organization"},"image":{"@id":"https:\/\/cdmf.org.br\/es\/obtienen-un-plastico-biodegradable-comestible-antimicrobiano-y-mas-resistente-que-el-convencional\/#primaryimage"},"thumbnailUrl":"https:\/\/cdmf.org.br\/es\/wp-content\/uploads\/2022\/03\/plast.png","keywords":["CAPES","CDMF","CEPID","CNPq","FAPESP","Finep","Unesp"],"articleSection":["Noticias","Slider \u00e9nfasis"],"inLanguage":"es"},{"@type":"WebPage","@id":"https:\/\/cdmf.org.br\/es\/obtienen-un-plastico-biodegradable-comestible-antimicrobiano-y-mas-resistente-que-el-convencional\/","url":"https:\/\/cdmf.org.br\/es\/obtienen-un-plastico-biodegradable-comestible-antimicrobiano-y-mas-resistente-que-el-convencional\/","name":"Obtienen un pl\u00e1stico biodegradable, comestible, antimicrobiano y m\u00e1s resistente que el convencional - Centro de Desarrollo de Materiales Funcionales","isPartOf":{"@id":"https:\/\/cdmf.org.br\/es\/#website"},"primaryImageOfPage":{"@id":"https:\/\/cdmf.org.br\/es\/obtienen-un-plastico-biodegradable-comestible-antimicrobiano-y-mas-resistente-que-el-convencional\/#primaryimage"},"image":{"@id":"https:\/\/cdmf.org.br\/es\/obtienen-un-plastico-biodegradable-comestible-antimicrobiano-y-mas-resistente-que-el-convencional\/#primaryimage"},"thumbnailUrl":"https:\/\/cdmf.org.br\/es\/wp-content\/uploads\/2022\/03\/plast.png","datePublished":"2022-03-14T19:58:23+00:00","dateModified":"2022-03-16T17:37:38+00:00","breadcrumb":{"@id":"https:\/\/cdmf.org.br\/es\/obtienen-un-plastico-biodegradable-comestible-antimicrobiano-y-mas-resistente-que-el-convencional\/#breadcrumb"},"inLanguage":"es","potentialAction":[{"@type":"ReadAction","target":["https:\/\/cdmf.org.br\/es\/obtienen-un-plastico-biodegradable-comestible-antimicrobiano-y-mas-resistente-que-el-convencional\/"]}]},{"@type":"ImageObject","inLanguage":"es","@id":"https:\/\/cdmf.org.br\/es\/obtienen-un-plastico-biodegradable-comestible-antimicrobiano-y-mas-resistente-que-el-convencional\/#primaryimage","url":"https:\/\/cdmf.org.br\/es\/wp-content\/uploads\/2022\/03\/plast.png","contentUrl":"https:\/\/cdmf.org.br\/es\/wp-content\/uploads\/2022\/03\/plast.png","width":392,"height":222},{"@type":"BreadcrumbList","@id":"https:\/\/cdmf.org.br\/es\/obtienen-un-plastico-biodegradable-comestible-antimicrobiano-y-mas-resistente-que-el-convencional\/#breadcrumb","itemListElement":[{"@type":"ListItem","position":1,"name":"Portada","item":"https:\/\/cdmf.org.br\/es\/"},{"@type":"ListItem","position":2,"name":"Obtienen un pl\u00e1stico biodegradable, comestible, antimicrobiano y m\u00e1s resistente que el convencional"}]},{"@type":"WebSite","@id":"https:\/\/cdmf.org.br\/es\/#website","url":"https:\/\/cdmf.org.br\/es\/","name":"Centro de Desarrollo de Materiales Funcionales","description":"Producci\u00f3n de materiales funcionales y nanoestructurados para satisfacer las nuevas necesidades de la sociedad","publisher":{"@id":"https:\/\/cdmf.org.br\/es\/#organization"},"potentialAction":[{"@type":"SearchAction","target":{"@type":"EntryPoint","urlTemplate":"https:\/\/cdmf.org.br\/es\/?s={search_term_string}"},"query-input":{"@type":"PropertyValueSpecification","valueRequired":true,"valueName":"search_term_string"}}],"inLanguage":"es"},{"@type":"Organization","@id":"https:\/\/cdmf.org.br\/es\/#organization","name":"CENTRO DE DESARROLLO DE MATERIALES FUNCIONALES","url":"https:\/\/cdmf.org.br\/es\/","logo":{"@type":"ImageObject","inLanguage":"es","@id":"https:\/\/cdmf.org.br\/es\/#\/schema\/logo\/image\/","url":"https:\/\/cdmf.org.br\/es\/wp-content\/uploads\/2021\/12\/logo-cdmf-labi-ufscar-site-es.png","contentUrl":"https:\/\/cdmf.org.br\/es\/wp-content\/uploads\/2021\/12\/logo-cdmf-labi-ufscar-site-es.png","width":279,"height":92,"caption":"CENTRO DE DESARROLLO DE MATERIALES FUNCIONALES"},"image":{"@id":"https:\/\/cdmf.org.br\/es\/#\/schema\/logo\/image\/"},"sameAs":["https:\/\/www.facebook.com\/CDMFCEPID\/","https:\/\/x.com\/CDMF_comunica","https:\/\/www.instagram.com\/cdmf_fapesp\/","https:\/\/www.linkedin.com\/company\/33200618\/admin\/","https:\/\/www.youtube.com\/playlist?list=UU3F0dJH6jQgFUC66RLxfetg"]},{"@type":"Person","@id":"https:\/\/cdmf.org.br\/es\/#\/schema\/person\/0c86b5758e48bcdd7bf9766739759855","name":"LAbI","image":{"@type":"ImageObject","inLanguage":"es","@id":"https:\/\/secure.gravatar.com\/avatar\/12a7eca69d80041ba1ec4d8a982f14f38d7ebc5ec1d6e844decf3c74fc0f27bb?s=96&d=mm&r=g","url":"https:\/\/secure.gravatar.com\/avatar\/12a7eca69d80041ba1ec4d8a982f14f38d7ebc5ec1d6e844decf3c74fc0f27bb?s=96&d=mm&r=g","contentUrl":"https:\/\/secure.gravatar.com\/avatar\/12a7eca69d80041ba1ec4d8a982f14f38d7ebc5ec1d6e844decf3c74fc0f27bb?s=96&d=mm&r=g","caption":"LAbI"},"sameAs":["https:\/\/cdmf.org.br\/es"],"url":"https:\/\/cdmf.org.br\/es\/author\/labi\/"}]}},"_links":{"self":[{"href":"https:\/\/cdmf.org.br\/es\/wp-json\/wp\/v2\/posts\/193","targetHints":{"allow":["GET"]}}],"collection":[{"href":"https:\/\/cdmf.org.br\/es\/wp-json\/wp\/v2\/posts"}],"about":[{"href":"https:\/\/cdmf.org.br\/es\/wp-json\/wp\/v2\/types\/post"}],"author":[{"embeddable":true,"href":"https:\/\/cdmf.org.br\/es\/wp-json\/wp\/v2\/users\/1"}],"replies":[{"embeddable":true,"href":"https:\/\/cdmf.org.br\/es\/wp-json\/wp\/v2\/comments?post=193"}],"version-history":[{"count":2,"href":"https:\/\/cdmf.org.br\/es\/wp-json\/wp\/v2\/posts\/193\/revisions"}],"predecessor-version":[{"id":196,"href":"https:\/\/cdmf.org.br\/es\/wp-json\/wp\/v2\/posts\/193\/revisions\/196"}],"wp:featuredmedia":[{"embeddable":true,"href":"https:\/\/cdmf.org.br\/es\/wp-json\/wp\/v2\/media\/194"}],"wp:attachment":[{"href":"https:\/\/cdmf.org.br\/es\/wp-json\/wp\/v2\/media?parent=193"}],"wp:term":[{"taxonomy":"category","embeddable":true,"href":"https:\/\/cdmf.org.br\/es\/wp-json\/wp\/v2\/categories?post=193"},{"taxonomy":"post_tag","embeddable":true,"href":"https:\/\/cdmf.org.br\/es\/wp-json\/wp\/v2\/tags?post=193"}],"curies":[{"name":"wp","href":"https:\/\/api.w.org\/{rel}","templated":true}]}}