{"id":203,"date":"2022-04-01T17:59:20","date_gmt":"2022-04-01T17:59:20","guid":{"rendered":"https:\/\/cdmf.org.br\/es\/?p=203"},"modified":"2022-04-01T18:10:24","modified_gmt":"2022-04-01T18:10:24","slug":"la-quimica-y-la-fisica-de-las-colaboraciones-2","status":"publish","type":"post","link":"https:\/\/cdmf.org.br\/es\/la-quimica-y-la-fisica-de-las-colaboraciones-2\/","title":{"rendered":"La qu\u00edmica y la f\u00edsica de las colaboraciones"},"content":{"rendered":"\n<p>Desde el inicio de la pandemia, las Universidades y Centros de Investigaci\u00f3n de todo el mundo han tenido que adaptarse y superar esta novedosa situaci\u00f3n para no interrumpir sus actividades. El contacto interpersonal y la presencialidad se han visto reducidos dr\u00e1sticamente y esto ha provocado una apuesta decidida por la conexi\u00f3n en l\u00ednea para poder seguir desarrollando las actividades. En el aspecto investigador, hemos contado en estos meses con un acceso limitado a nuestros laboratorios, lo que ha reducido nuestra capacidad de trabajo, con lo que eso supone de retraso en los distintos proyectos que ten\u00edamos en marcha antes de la expansi\u00f3n del virus. Incluso trabajando en condiciones adversas, el objetivo ha sido concentrar las energ\u00edas para maximizar la contribuci\u00f3n de la y seguir obteniendo resultados relevantes del desarrollo de los diferentes proyectos de I+D+i.<\/p>\n\n\n\n<p>Un ejemplo de lo que se ha conseguido ha sido fruto de una colaboraci\u00f3n internacional en la que participa el Centro de Desarrollo de Materiales Funcionales (<a href=\"http:\/\/cdmf.org.br\/\" target=\"_blank\" rel=\"noreferrer noopener\">CDMF<\/a>), dirigido por el Prof. Elson Longo, de la Universidad Federal de Sao Carlos (<a href=\"https:\/\/www.ufscar.br\/\" target=\"_blank\" rel=\"noreferrer noopener\">UFSCar<\/a>) y la Universitat Jaume I (<a href=\"https:\/\/www.uji.es\/\" target=\"_blank\" rel=\"noreferrer noopener\">UJI<\/a>). En particular, cinco investigadores del CDMF, financiados por fondos del Consejo Nacional de Desarrollo Cient\u00edfico y Tecnol\u00f3gico (<a href=\"https:\/\/www.gov.br\/cnpq\/pt-br\" target=\"_blank\" rel=\"noreferrer noopener\">CNPq<\/a>) y de la Fundaci\u00f3n de Apoyo a la Investigaci\u00f3n del Estado de Sao Paulo (<a href=\"https:\/\/fapesp.br\/\" target=\"_blank\" rel=\"noreferrer noopener\">FAPESP<\/a>), mientras que otros dos son estudiantes de doctorado y dos contratados post-doctorales en la UJI. Todos ellos est\u00e1n trabajando en colaboraci\u00f3n con diferentes Profesores de los Departamentos de Qu\u00edmica-F\u00edsica y Anal\u00edtica, de Qu\u00edmica Inorg\u00e1nica y Org\u00e1nica, y de F\u00edsica de la UJI, y estudiantes de doctorado y post-doctorado de Universidades de M\u00e9xico, Rep\u00fablica Checa, Francia y B\u00e9lgica.<\/p>\n\n\n\n<p>Marcelo Assis est\u00e1 finalizando su Tesis Doctoral en el Laboratorio de Qu\u00edmica Te\u00f3rica y Computacional (<a href=\"http:\/\/www.qtc.uji.es\/\" target=\"_blank\" rel=\"noreferrer noopener\">QTC<\/a>), dirigido por el Prof. Juan Andr\u00e9s en cotutela con el CDMF. Gracias a la colaboraci\u00f3n entre el CDMF, el Instituto de Ciencias Biom\u00e9dicas de la Universidad de Sao Paulo (USP), y el Laboratorio de QTC se ha desarrollado el primer material que elimina el SARS-COV-2, el virus responsable de la pandemia COVID-19. El objetivo ha sido obtener estos materiales avanzados y funcionalizarlos en dispositivos para luchar contra la pandemia actual. Se han generado nuevas tecnolog\u00edas que se han transferido al mercado y se est\u00e1n comercializando en forma de <a href=\"https:\/\/www.stampelle.com.br\/\" target=\"_blank\" rel=\"noreferrer noopener\">m\u00e1scaras de tejido<\/a>, de <a href=\"https:\/\/www.lojaotomask.com.br\/\" target=\"_blank\" rel=\"noreferrer noopener\">m\u00e1scaras reutilizables <\/a> y <a href=\"https:\/\/www.alpfilm.com.br\/\" target=\"_blank\" rel=\"noreferrer noopener\">filmes de PVC<\/a>.<\/p>\n\n\n\n<p>La Dra. Camila Foggi realizo su Tesis Doctoral en el CDMF. Actualmente est\u00e1 contratada en el Laboratorio de la QTC para aprovechar su conocimientos y experiencia para la obtenci\u00f3n de materiales avanzados con actividad biocida y nuevas tecnolog\u00edas para luchar contra el nuevo virus. Esta l\u00ednea de trabajo se est\u00e1 llevando a cabo en colaboraci\u00f3n con Ivo Pinatti del CDMF, que es actualmente Prof. Visitante en el Laboratorio de QTC, y el Grupo de Biomateriales y Bioingenier\u00eda de la Universidad Cat\u00f3lica de Valencia, dirigido por el Prof. \u00c1ngel Serrano.<\/p>\n\n\n\n<p>Otro campo de investigaci\u00f3n innovador es la s\u00edntesis, caracterizaci\u00f3n y aplicaci\u00f3n de nuevos catalizadores, basados en semiconductores, de reacciones qu\u00edmicas de inter\u00e9s industrial, a trav\u00e9s de un procedimiento respetuoso con el medio ambiente. Estos estudios se est\u00e1n desarrollando en el Grupo de Materiales Moleculares (MM), dirigido por la Prof. Rosa Llusar y est\u00e1n participando con Marcelo Assis, Ivo Pinatti, y Aline Trench, estudiante de Doctorado, y la Dra. Eva Guillam\u00f3n y Mar\u00eda Guti\u00e9rrez del Grupo de MM. La utilizaci\u00f3n de fuentes de irradiaci\u00f3n laser para la s\u00edntesis de materiales para aplicaciones tecnol\u00f3gicas como fotocatalizadores capaces de eliminar compuestos nocivos, as\u00ed como de materiales con una elevada actividad antibacteriana y fungicida es el foco de la investigaci\u00f3n de Marcelo Assis e Ivo Pinatti del CDMF, Omar Torres-Mendieta, y de la Prof. Gladys M\u00ednguez del Grupo de Investigaci\u00f3n de \u00d3ptica (GROC).<\/p>\n\n\n\n<p>Eduardo de Oliveira Gomes es becario Santiago Grisol\u00eda de la Generalitat Valenciana y est\u00e1 realizando su Tesis Doctoral en el Laboratorio de QTC, trabajando en la caracterizaci\u00f3n de las estructuras de vidrios, soluciones s\u00f3lidas, y en particular del material virucida compuesto por nanopart\u00edculas de plata y s\u00edlica que elimina el nuevo virus por contacto. Esta investigaci\u00f3n se est\u00e1 desarrollando en colaboraci\u00f3n con el Prof. Frederick Tielens, director del Laboratorio de Modelado de Materiales de la Universidad Libre de Bruselas. Emerson Luiz dos Santos Veiga tambi\u00e9n es becario Santiago Grisol\u00eda de la Generatitat Valenciana y est\u00e1 realizando su Tesis Doctoral en el Grupo de Qu\u00edmica del Estado S\u00f3lido (GQES), dirigido por la Prof. Elo\u00edsa Cordoncillo y el Prof. H\u00e9ctor Beltr\u00e1n-Mir. Su campo de investigaci\u00f3n se centra en la s\u00edntesis, caracterizaci\u00f3n y estudio de las propiedades el\u00e9ctricas de materiales inorg\u00e1nicos con estructuras complejas. Por otra parte, Vin\u00edcius Teodoro est\u00e1 finalizando su Tesis Doctoral en el GQES trabajando en materiales piezo-catal\u00edticos que sean capaces de eliminar contaminantes en aguas residuales.<\/p>\n\n\n\n<p>Recientemente se ha desarrollado un sistema de irradiaci\u00f3n de electrones para obtener y modificar materiales de forma escalable. Esta nueva tecnolog\u00eda se encuentra disponible en el CDMF y en su desarrolla han participado el Departamento de Ingenieria Electrica de la Universidad de Sao Paulo, y del Laboratorio Nacional de Nanotecnolog\u00eda en Campinas en Brasil, y el Prof. Juan Andr\u00e9s de la UJI, y tambi\u00e9n los estudiante de doctorado Vincius Teodoro y Marcelo Assis.<\/p>\n\n\n\n<p>Amanda Gouveia y Samantha Custodio son contratados postdoctorales y est\u00e1n trabajando junto con la Prof. Lourdes Gracia, del Departamento de Qu\u00edmica-F\u00edsica de la Universitat de Valencia y con el Prof. Sixte Safont y la Prof. M\u00f3nica Oliva, del Laboratorio de QTC en un proyecto de investigaci\u00f3n multidisciplinar que tiene como objetivo la dilucidaci\u00f3n del mecanismo molecular mediante el cual los semiconductores son capaces de generar las especies reactivas que son clave no solo para entender las cat\u00e1lisis sino tambi\u00e9n para destruir la pared celular de hongos, bacterias y virus.<\/p>\n\n\n\n<p>Con el conocimiento adquirido y con los resultados obtenidos de esta colaboraci\u00f3n internacional y multidisciplinar se ha alcanzado un \u201cknow-how\u201d innovador en el desarrollo de materiales avanzados y nuevas tecnolog\u00edas con elevado impacto socioecon\u00f3mico. &nbsp;Se han publicado m\u00e1s de 30 art\u00edculos en revistas cient\u00edficas de primer nivel durante los a\u00f1os 2020 y 2021, como Applied Surface Science, Catalysis Science &amp; Technology, Journal of Physical Chemistry C, Carbon, Nanomaterials, Materials Science &amp; Engineering C, Materials Today Communications, Inorganic Chemistry, Scientific Reports, ACS Sustainable Chemistry &amp; Engineering, Japan Journal of Medical Science Materials Research Bulletin, Physical Chemistry Chemical Physics, Crystal Growth and Design, Computational Materials Science, Inorganic Chemistry, Scientific Reports, American Mineralogist, Theoretical Chemistry Accounts.<\/p>\n\n\n\n<p>Todo ello ha demostrado que con esfuerzo y dedicaci\u00f3n se ha podido seguir realizando I+D+i de calidad y superar una emergencia sanitaria y social como la actual. Adem\u00e1s, es un ejemplo importante de la relevancia de las colaboraciones internacionales, de las inversiones y del apoyo permanente a la Ciencia. Estas investigaciones y desarrollos tecnol\u00f3gicos est\u00e1n siendo financiados por Universidades (UJI y UFSCar) y organismos p\u00fablicos de Espa\u00f1a (Ministerios de Ciencia y Tecnolog\u00eda de Espa\u00f1a y Generalitat Valenciana) y Brasil (Cepids, CNPq, FAPESP y INCTMN). Pero debemos terminar resaltando el riesgo que corremos si se siguen manteniendo los sucesivos recortes en la financiaci\u00f3n de la I+D+i tanto en Espa\u00f1a como en Brasil que hemos presenciado en los \u00faltimos a\u00f1os.<\/p>\n\n\n\n<p><strong>CDMF<\/strong><\/p>\n\n\n\n<p>El CDMF es uno de los Centros de Investigaci\u00f3n, Innovaci\u00f3n y Difusi\u00f3n (<a href=\"https:\/\/cepid.fapesp.br\/home\/\" target=\"_blank\" rel=\"noreferrer noopener\">Cepids<\/a>) apoyados por la Fundaci\u00f3n de Apoyo a la Investigaci\u00f3n del Estado de S\u00e3o Paulo (<a href=\"https:\/\/fapesp.br\/\" target=\"_blank\" rel=\"noreferrer noopener\">Fapesp<\/a>), y tambi\u00e9n recibe inversi\u00f3n del Consejo Nacional de Desarrollo Cient\u00edfico y Tecnol\u00f3gico (<a href=\"https:\/\/www.gov.br\/cnpq\" target=\"_blank\" rel=\"noreferrer noopener\">CNPq<\/a>), del Instituto Nacional de Materiales. Ciencia y Tecnolog\u00eda en Nanotecnolog\u00eda (INCTMN). Trabaja en colaboraci\u00f3n con varios laboratorios del mundo en los que se agrupan la Universidad Jaume I (UJI), de Espa\u00f1a, y el INTEMA, de Argentina.<\/p>\n","protected":false},"excerpt":{"rendered":"<div class=\"mh-excerpt\"><p>Desde el inicio de la pandemia, las Universidades y Centros de Investigaci\u00f3n de todo el mundo han tenido que adaptarse y superar esta novedosa situaci\u00f3n para no interrumpir sus actividades. El contacto interpersonal y la <a class=\"mh-excerpt-more\" href=\"https:\/\/cdmf.org.br\/es\/la-quimica-y-la-fisica-de-las-colaboraciones-2\/\" title=\"La qu\u00edmica y la f\u00edsica de las colaboraciones\">[&#8230;]<\/a><\/p>\n<\/div>","protected":false},"author":1,"featured_media":204,"comment_status":"closed","ping_status":"open","sticky":false,"template":"","format":"standard","meta":{"_monsterinsights_skip_tracking":false,"_monsterinsights_sitenote_active":false,"_monsterinsights_sitenote_note":"","_monsterinsights_sitenote_category":0,"footnotes":""},"categories":[4,26],"tags":[17,13,14,16,15,20,18,21],"class_list":{"0":"post-203","1":"post","2":"type-post","3":"status-publish","4":"format-standard","5":"has-post-thumbnail","7":"category-noticias","8":"category-slider-enfasis","9":"tag-capes","10":"tag-cdmf","11":"tag-cepid","12":"tag-cnpq","13":"tag-fapesp","14":"tag-finep","15":"tag-ufscar","16":"tag-uji"},"yoast_head":"<!-- This site is optimized with the Yoast SEO plugin v27.2 - https:\/\/yoast.com\/product\/yoast-seo-wordpress\/ -->\n<title>La qu\u00edmica y la f\u00edsica de las colaboraciones - Centro de Desarrollo de Materiales Funcionales<\/title>\n<meta name=\"robots\" content=\"index, follow, max-snippet:-1, max-image-preview:large, max-video-preview:-1\" \/>\n<link rel=\"canonical\" href=\"https:\/\/cdmf.org.br\/es\/la-quimica-y-la-fisica-de-las-colaboraciones-2\/\" \/>\n<meta property=\"og:locale\" content=\"es_ES\" \/>\n<meta property=\"og:type\" content=\"article\" \/>\n<meta property=\"og:title\" content=\"La qu\u00edmica y la f\u00edsica de las colaboraciones - Centro de Desarrollo de Materiales Funcionales\" \/>\n<meta property=\"og:description\" content=\"Desde el inicio de la pandemia, las Universidades y Centros de Investigaci\u00f3n de todo el mundo han tenido que adaptarse y superar esta novedosa situaci\u00f3n para no interrumpir sus actividades. El contacto interpersonal y la [...]\" \/>\n<meta property=\"og:url\" content=\"https:\/\/cdmf.org.br\/es\/la-quimica-y-la-fisica-de-las-colaboraciones-2\/\" \/>\n<meta property=\"og:site_name\" content=\"Centro de Desarrollo de Materiales Funcionales\" \/>\n<meta property=\"article:publisher\" content=\"https:\/\/www.facebook.com\/CDMFCEPID\/\" \/>\n<meta property=\"article:published_time\" content=\"2022-04-01T17:59:20+00:00\" \/>\n<meta property=\"article:modified_time\" content=\"2022-04-01T18:10:24+00:00\" \/>\n<meta property=\"og:image\" content=\"https:\/\/cdmf.org.br\/es\/wp-content\/uploads\/2022\/04\/uji.jpg\" \/>\n\t<meta property=\"og:image:width\" content=\"1299\" \/>\n\t<meta property=\"og:image:height\" content=\"864\" \/>\n\t<meta property=\"og:image:type\" content=\"image\/jpeg\" \/>\n<meta name=\"author\" content=\"LAbI\" \/>\n<meta name=\"twitter:card\" content=\"summary_large_image\" \/>\n<meta name=\"twitter:creator\" content=\"@CDMF_comunica\" \/>\n<meta name=\"twitter:site\" content=\"@CDMF_comunica\" \/>\n<meta name=\"twitter:label1\" content=\"Escrito por\" \/>\n\t<meta name=\"twitter:data1\" content=\"LAbI\" \/>\n\t<meta name=\"twitter:label2\" content=\"Tiempo de lectura\" \/>\n\t<meta name=\"twitter:data2\" content=\"6 minutos\" \/>\n<script type=\"application\/ld+json\" class=\"yoast-schema-graph\">{\"@context\":\"https:\/\/schema.org\",\"@graph\":[{\"@type\":\"Article\",\"@id\":\"https:\/\/cdmf.org.br\/es\/la-quimica-y-la-fisica-de-las-colaboraciones-2\/#article\",\"isPartOf\":{\"@id\":\"https:\/\/cdmf.org.br\/es\/la-quimica-y-la-fisica-de-las-colaboraciones-2\/\"},\"author\":{\"name\":\"LAbI\",\"@id\":\"https:\/\/cdmf.org.br\/es\/#\/schema\/person\/0c86b5758e48bcdd7bf9766739759855\"},\"headline\":\"La qu\u00edmica y la f\u00edsica de las colaboraciones\",\"datePublished\":\"2022-04-01T17:59:20+00:00\",\"dateModified\":\"2022-04-01T18:10:24+00:00\",\"mainEntityOfPage\":{\"@id\":\"https:\/\/cdmf.org.br\/es\/la-quimica-y-la-fisica-de-las-colaboraciones-2\/\"},\"wordCount\":1392,\"publisher\":{\"@id\":\"https:\/\/cdmf.org.br\/es\/#organization\"},\"image\":{\"@id\":\"https:\/\/cdmf.org.br\/es\/la-quimica-y-la-fisica-de-las-colaboraciones-2\/#primaryimage\"},\"thumbnailUrl\":\"https:\/\/cdmf.org.br\/es\/wp-content\/uploads\/2022\/04\/uji.jpg\",\"keywords\":[\"CAPES\",\"CDMF\",\"CEPID\",\"CNPq\",\"FAPESP\",\"Finep\",\"UFSCar\",\"UJI\"],\"articleSection\":[\"Noticias\",\"Slider \u00e9nfasis\"],\"inLanguage\":\"es\"},{\"@type\":\"WebPage\",\"@id\":\"https:\/\/cdmf.org.br\/es\/la-quimica-y-la-fisica-de-las-colaboraciones-2\/\",\"url\":\"https:\/\/cdmf.org.br\/es\/la-quimica-y-la-fisica-de-las-colaboraciones-2\/\",\"name\":\"La qu\u00edmica y la f\u00edsica de las colaboraciones - Centro de Desarrollo de Materiales Funcionales\",\"isPartOf\":{\"@id\":\"https:\/\/cdmf.org.br\/es\/#website\"},\"primaryImageOfPage\":{\"@id\":\"https:\/\/cdmf.org.br\/es\/la-quimica-y-la-fisica-de-las-colaboraciones-2\/#primaryimage\"},\"image\":{\"@id\":\"https:\/\/cdmf.org.br\/es\/la-quimica-y-la-fisica-de-las-colaboraciones-2\/#primaryimage\"},\"thumbnailUrl\":\"https:\/\/cdmf.org.br\/es\/wp-content\/uploads\/2022\/04\/uji.jpg\",\"datePublished\":\"2022-04-01T17:59:20+00:00\",\"dateModified\":\"2022-04-01T18:10:24+00:00\",\"breadcrumb\":{\"@id\":\"https:\/\/cdmf.org.br\/es\/la-quimica-y-la-fisica-de-las-colaboraciones-2\/#breadcrumb\"},\"inLanguage\":\"es\",\"potentialAction\":[{\"@type\":\"ReadAction\",\"target\":[\"https:\/\/cdmf.org.br\/es\/la-quimica-y-la-fisica-de-las-colaboraciones-2\/\"]}]},{\"@type\":\"ImageObject\",\"inLanguage\":\"es\",\"@id\":\"https:\/\/cdmf.org.br\/es\/la-quimica-y-la-fisica-de-las-colaboraciones-2\/#primaryimage\",\"url\":\"https:\/\/cdmf.org.br\/es\/wp-content\/uploads\/2022\/04\/uji.jpg\",\"contentUrl\":\"https:\/\/cdmf.org.br\/es\/wp-content\/uploads\/2022\/04\/uji.jpg\",\"width\":1299,\"height\":864},{\"@type\":\"BreadcrumbList\",\"@id\":\"https:\/\/cdmf.org.br\/es\/la-quimica-y-la-fisica-de-las-colaboraciones-2\/#breadcrumb\",\"itemListElement\":[{\"@type\":\"ListItem\",\"position\":1,\"name\":\"Portada\",\"item\":\"https:\/\/cdmf.org.br\/es\/\"},{\"@type\":\"ListItem\",\"position\":2,\"name\":\"La qu\u00edmica y la f\u00edsica de las colaboraciones\"}]},{\"@type\":\"WebSite\",\"@id\":\"https:\/\/cdmf.org.br\/es\/#website\",\"url\":\"https:\/\/cdmf.org.br\/es\/\",\"name\":\"Centro de Desarrollo de Materiales Funcionales\",\"description\":\"Producci\u00f3n de materiales funcionales y nanoestructurados para satisfacer las nuevas necesidades de la sociedad\",\"publisher\":{\"@id\":\"https:\/\/cdmf.org.br\/es\/#organization\"},\"potentialAction\":[{\"@type\":\"SearchAction\",\"target\":{\"@type\":\"EntryPoint\",\"urlTemplate\":\"https:\/\/cdmf.org.br\/es\/?s={search_term_string}\"},\"query-input\":{\"@type\":\"PropertyValueSpecification\",\"valueRequired\":true,\"valueName\":\"search_term_string\"}}],\"inLanguage\":\"es\"},{\"@type\":\"Organization\",\"@id\":\"https:\/\/cdmf.org.br\/es\/#organization\",\"name\":\"CENTRO DE DESARROLLO DE MATERIALES FUNCIONALES\",\"url\":\"https:\/\/cdmf.org.br\/es\/\",\"logo\":{\"@type\":\"ImageObject\",\"inLanguage\":\"es\",\"@id\":\"https:\/\/cdmf.org.br\/es\/#\/schema\/logo\/image\/\",\"url\":\"https:\/\/cdmf.org.br\/es\/wp-content\/uploads\/2021\/12\/logo-cdmf-labi-ufscar-site-es.png\",\"contentUrl\":\"https:\/\/cdmf.org.br\/es\/wp-content\/uploads\/2021\/12\/logo-cdmf-labi-ufscar-site-es.png\",\"width\":279,\"height\":92,\"caption\":\"CENTRO DE DESARROLLO DE MATERIALES FUNCIONALES\"},\"image\":{\"@id\":\"https:\/\/cdmf.org.br\/es\/#\/schema\/logo\/image\/\"},\"sameAs\":[\"https:\/\/www.facebook.com\/CDMFCEPID\/\",\"https:\/\/x.com\/CDMF_comunica\",\"https:\/\/www.instagram.com\/cdmf_fapesp\/\",\"https:\/\/www.linkedin.com\/company\/33200618\/admin\/\",\"https:\/\/www.youtube.com\/playlist?list=UU3F0dJH6jQgFUC66RLxfetg\"]},{\"@type\":\"Person\",\"@id\":\"https:\/\/cdmf.org.br\/es\/#\/schema\/person\/0c86b5758e48bcdd7bf9766739759855\",\"name\":\"LAbI\",\"image\":{\"@type\":\"ImageObject\",\"inLanguage\":\"es\",\"@id\":\"https:\/\/secure.gravatar.com\/avatar\/12a7eca69d80041ba1ec4d8a982f14f38d7ebc5ec1d6e844decf3c74fc0f27bb?s=96&d=mm&r=g\",\"url\":\"https:\/\/secure.gravatar.com\/avatar\/12a7eca69d80041ba1ec4d8a982f14f38d7ebc5ec1d6e844decf3c74fc0f27bb?s=96&d=mm&r=g\",\"contentUrl\":\"https:\/\/secure.gravatar.com\/avatar\/12a7eca69d80041ba1ec4d8a982f14f38d7ebc5ec1d6e844decf3c74fc0f27bb?s=96&d=mm&r=g\",\"caption\":\"LAbI\"},\"sameAs\":[\"https:\/\/cdmf.org.br\/es\"],\"url\":\"https:\/\/cdmf.org.br\/es\/author\/labi\/\"}]}<\/script>\n<!-- \/ Yoast SEO plugin. -->","yoast_head_json":{"title":"La qu\u00edmica y la f\u00edsica de las colaboraciones - Centro de Desarrollo de Materiales Funcionales","robots":{"index":"index","follow":"follow","max-snippet":"max-snippet:-1","max-image-preview":"max-image-preview:large","max-video-preview":"max-video-preview:-1"},"canonical":"https:\/\/cdmf.org.br\/es\/la-quimica-y-la-fisica-de-las-colaboraciones-2\/","og_locale":"es_ES","og_type":"article","og_title":"La qu\u00edmica y la f\u00edsica de las colaboraciones - Centro de Desarrollo de Materiales Funcionales","og_description":"Desde el inicio de la pandemia, las Universidades y Centros de Investigaci\u00f3n de todo el mundo han tenido que adaptarse y superar esta novedosa situaci\u00f3n para no interrumpir sus actividades. El contacto interpersonal y la [...]","og_url":"https:\/\/cdmf.org.br\/es\/la-quimica-y-la-fisica-de-las-colaboraciones-2\/","og_site_name":"Centro de Desarrollo de Materiales Funcionales","article_publisher":"https:\/\/www.facebook.com\/CDMFCEPID\/","article_published_time":"2022-04-01T17:59:20+00:00","article_modified_time":"2022-04-01T18:10:24+00:00","og_image":[{"width":1299,"height":864,"url":"https:\/\/cdmf.org.br\/es\/wp-content\/uploads\/2022\/04\/uji.jpg","type":"image\/jpeg"}],"author":"LAbI","twitter_card":"summary_large_image","twitter_creator":"@CDMF_comunica","twitter_site":"@CDMF_comunica","twitter_misc":{"Escrito por":"LAbI","Tiempo de lectura":"6 minutos"},"schema":{"@context":"https:\/\/schema.org","@graph":[{"@type":"Article","@id":"https:\/\/cdmf.org.br\/es\/la-quimica-y-la-fisica-de-las-colaboraciones-2\/#article","isPartOf":{"@id":"https:\/\/cdmf.org.br\/es\/la-quimica-y-la-fisica-de-las-colaboraciones-2\/"},"author":{"name":"LAbI","@id":"https:\/\/cdmf.org.br\/es\/#\/schema\/person\/0c86b5758e48bcdd7bf9766739759855"},"headline":"La qu\u00edmica y la f\u00edsica de las colaboraciones","datePublished":"2022-04-01T17:59:20+00:00","dateModified":"2022-04-01T18:10:24+00:00","mainEntityOfPage":{"@id":"https:\/\/cdmf.org.br\/es\/la-quimica-y-la-fisica-de-las-colaboraciones-2\/"},"wordCount":1392,"publisher":{"@id":"https:\/\/cdmf.org.br\/es\/#organization"},"image":{"@id":"https:\/\/cdmf.org.br\/es\/la-quimica-y-la-fisica-de-las-colaboraciones-2\/#primaryimage"},"thumbnailUrl":"https:\/\/cdmf.org.br\/es\/wp-content\/uploads\/2022\/04\/uji.jpg","keywords":["CAPES","CDMF","CEPID","CNPq","FAPESP","Finep","UFSCar","UJI"],"articleSection":["Noticias","Slider \u00e9nfasis"],"inLanguage":"es"},{"@type":"WebPage","@id":"https:\/\/cdmf.org.br\/es\/la-quimica-y-la-fisica-de-las-colaboraciones-2\/","url":"https:\/\/cdmf.org.br\/es\/la-quimica-y-la-fisica-de-las-colaboraciones-2\/","name":"La qu\u00edmica y la f\u00edsica de las colaboraciones - Centro de Desarrollo de Materiales Funcionales","isPartOf":{"@id":"https:\/\/cdmf.org.br\/es\/#website"},"primaryImageOfPage":{"@id":"https:\/\/cdmf.org.br\/es\/la-quimica-y-la-fisica-de-las-colaboraciones-2\/#primaryimage"},"image":{"@id":"https:\/\/cdmf.org.br\/es\/la-quimica-y-la-fisica-de-las-colaboraciones-2\/#primaryimage"},"thumbnailUrl":"https:\/\/cdmf.org.br\/es\/wp-content\/uploads\/2022\/04\/uji.jpg","datePublished":"2022-04-01T17:59:20+00:00","dateModified":"2022-04-01T18:10:24+00:00","breadcrumb":{"@id":"https:\/\/cdmf.org.br\/es\/la-quimica-y-la-fisica-de-las-colaboraciones-2\/#breadcrumb"},"inLanguage":"es","potentialAction":[{"@type":"ReadAction","target":["https:\/\/cdmf.org.br\/es\/la-quimica-y-la-fisica-de-las-colaboraciones-2\/"]}]},{"@type":"ImageObject","inLanguage":"es","@id":"https:\/\/cdmf.org.br\/es\/la-quimica-y-la-fisica-de-las-colaboraciones-2\/#primaryimage","url":"https:\/\/cdmf.org.br\/es\/wp-content\/uploads\/2022\/04\/uji.jpg","contentUrl":"https:\/\/cdmf.org.br\/es\/wp-content\/uploads\/2022\/04\/uji.jpg","width":1299,"height":864},{"@type":"BreadcrumbList","@id":"https:\/\/cdmf.org.br\/es\/la-quimica-y-la-fisica-de-las-colaboraciones-2\/#breadcrumb","itemListElement":[{"@type":"ListItem","position":1,"name":"Portada","item":"https:\/\/cdmf.org.br\/es\/"},{"@type":"ListItem","position":2,"name":"La qu\u00edmica y la f\u00edsica de las colaboraciones"}]},{"@type":"WebSite","@id":"https:\/\/cdmf.org.br\/es\/#website","url":"https:\/\/cdmf.org.br\/es\/","name":"Centro de Desarrollo de Materiales Funcionales","description":"Producci\u00f3n de materiales funcionales y nanoestructurados para satisfacer las nuevas necesidades de la sociedad","publisher":{"@id":"https:\/\/cdmf.org.br\/es\/#organization"},"potentialAction":[{"@type":"SearchAction","target":{"@type":"EntryPoint","urlTemplate":"https:\/\/cdmf.org.br\/es\/?s={search_term_string}"},"query-input":{"@type":"PropertyValueSpecification","valueRequired":true,"valueName":"search_term_string"}}],"inLanguage":"es"},{"@type":"Organization","@id":"https:\/\/cdmf.org.br\/es\/#organization","name":"CENTRO DE DESARROLLO DE MATERIALES FUNCIONALES","url":"https:\/\/cdmf.org.br\/es\/","logo":{"@type":"ImageObject","inLanguage":"es","@id":"https:\/\/cdmf.org.br\/es\/#\/schema\/logo\/image\/","url":"https:\/\/cdmf.org.br\/es\/wp-content\/uploads\/2021\/12\/logo-cdmf-labi-ufscar-site-es.png","contentUrl":"https:\/\/cdmf.org.br\/es\/wp-content\/uploads\/2021\/12\/logo-cdmf-labi-ufscar-site-es.png","width":279,"height":92,"caption":"CENTRO DE DESARROLLO DE MATERIALES FUNCIONALES"},"image":{"@id":"https:\/\/cdmf.org.br\/es\/#\/schema\/logo\/image\/"},"sameAs":["https:\/\/www.facebook.com\/CDMFCEPID\/","https:\/\/x.com\/CDMF_comunica","https:\/\/www.instagram.com\/cdmf_fapesp\/","https:\/\/www.linkedin.com\/company\/33200618\/admin\/","https:\/\/www.youtube.com\/playlist?list=UU3F0dJH6jQgFUC66RLxfetg"]},{"@type":"Person","@id":"https:\/\/cdmf.org.br\/es\/#\/schema\/person\/0c86b5758e48bcdd7bf9766739759855","name":"LAbI","image":{"@type":"ImageObject","inLanguage":"es","@id":"https:\/\/secure.gravatar.com\/avatar\/12a7eca69d80041ba1ec4d8a982f14f38d7ebc5ec1d6e844decf3c74fc0f27bb?s=96&d=mm&r=g","url":"https:\/\/secure.gravatar.com\/avatar\/12a7eca69d80041ba1ec4d8a982f14f38d7ebc5ec1d6e844decf3c74fc0f27bb?s=96&d=mm&r=g","contentUrl":"https:\/\/secure.gravatar.com\/avatar\/12a7eca69d80041ba1ec4d8a982f14f38d7ebc5ec1d6e844decf3c74fc0f27bb?s=96&d=mm&r=g","caption":"LAbI"},"sameAs":["https:\/\/cdmf.org.br\/es"],"url":"https:\/\/cdmf.org.br\/es\/author\/labi\/"}]}},"_links":{"self":[{"href":"https:\/\/cdmf.org.br\/es\/wp-json\/wp\/v2\/posts\/203","targetHints":{"allow":["GET"]}}],"collection":[{"href":"https:\/\/cdmf.org.br\/es\/wp-json\/wp\/v2\/posts"}],"about":[{"href":"https:\/\/cdmf.org.br\/es\/wp-json\/wp\/v2\/types\/post"}],"author":[{"embeddable":true,"href":"https:\/\/cdmf.org.br\/es\/wp-json\/wp\/v2\/users\/1"}],"replies":[{"embeddable":true,"href":"https:\/\/cdmf.org.br\/es\/wp-json\/wp\/v2\/comments?post=203"}],"version-history":[{"count":2,"href":"https:\/\/cdmf.org.br\/es\/wp-json\/wp\/v2\/posts\/203\/revisions"}],"predecessor-version":[{"id":207,"href":"https:\/\/cdmf.org.br\/es\/wp-json\/wp\/v2\/posts\/203\/revisions\/207"}],"wp:featuredmedia":[{"embeddable":true,"href":"https:\/\/cdmf.org.br\/es\/wp-json\/wp\/v2\/media\/204"}],"wp:attachment":[{"href":"https:\/\/cdmf.org.br\/es\/wp-json\/wp\/v2\/media?parent=203"}],"wp:term":[{"taxonomy":"category","embeddable":true,"href":"https:\/\/cdmf.org.br\/es\/wp-json\/wp\/v2\/categories?post=203"},{"taxonomy":"post_tag","embeddable":true,"href":"https:\/\/cdmf.org.br\/es\/wp-json\/wp\/v2\/tags?post=203"}],"curies":[{"name":"wp","href":"https:\/\/api.w.org\/{rel}","templated":true}]}}