{"id":40,"date":"2021-12-16T21:00:00","date_gmt":"2021-12-16T21:00:00","guid":{"rendered":"https:\/\/cdmf.org.br\/es\/?p=40"},"modified":"2021-12-16T21:00:02","modified_gmt":"2021-12-16T21:00:02","slug":"renato-de-figueiredo-jardim","status":"publish","type":"post","link":"https:\/\/cdmf.org.br\/es\/renato-de-figueiredo-jardim\/","title":{"rendered":"Renato de Figueiredo Jardim"},"content":{"rendered":"\n<figure class=\"wp-block-image size-large is-resized\"><img loading=\"lazy\" decoding=\"async\" src=\"http:\/\/cdmf.org.br\/wp-content\/uploads\/2016\/12\/Renato-de-Figueiredo-Jardim-cdmf-cepid.jpg\" alt=\"\" width=\"200\" height=\"200\"\/><\/figure>\n\n\n\n<h3 class=\"wp-block-heading\">Universidad de S\u00e3o Paulo (USP). Instituto de F\u00edsica (IF)<\/h3>\n\n\n\n<p>Pa\u00eds: Estados Unidos<\/p>\n\n\n\n<ul class=\"wp-block-list\"><li><a rel=\"noreferrer noopener\" href=\"http:\/\/www.bv.fapesp.br\/pt\/pesquisador\/5040\/renato-de-figueiredo-jardim\/\" target=\"_blank\">BV-CDI-FAPESP<\/a><\/li><li><a rel=\"noreferrer noopener\" href=\"http:\/\/lattes.cnpq.br\/9484871854546287\" target=\"_blank\">CV Lattes<\/a><\/li><li><a rel=\"noreferrer noopener\" href=\"https:\/\/scholar.google.com\/citations?user=jAGQFwUAAAAJ&amp;hl=pt-BR\" target=\"_blank\">GoogleMyCitations<\/a><\/li><li><a rel=\"noreferrer noopener\" href=\"http:\/\/www.researcherid.com\/rid\/J-8068-2014\" target=\"_blank\">ResearcherID<\/a><a rel=\"noreferrer noopener\" href=\"http:\/\/orcid.org\/0000-0002-2000-0257\" target=\"_blank\">\u00a0<\/a><\/li><li><a rel=\"noreferrer noopener\" href=\"http:\/\/orcid.org\/0000-0002-2000-0257\" target=\"_blank\">ORCID<\/a><\/li><\/ul>\n\n\n\n<p>Licenciado en F\u00edsica por la Universidad Federal de S\u00e3o Carlos (1983), obtuvo una maestr\u00eda en F\u00edsica de la Materia Condensada por la Universidad Estatal de Campinas (1986) y un doctorado por la misma instituci\u00f3n en 1989. Desde 1990 es profesor del Instituto de F\u00edsica de la Universidad. de Sao Paulo, Sao Paulo. Actualmente ocupa el cargo de Profesor Titular en el Departamento de F\u00edsica y Mec\u00e1nica de Materiales. Trabaja en F\u00edsica Experimental de la Materia Condensada y en los siguientes temas: magnetismo, fen\u00f3menos cr\u00edticos, superconductividad, materiales nanoestructurados, propiedades generales de los \u00f3xidos de metales de transici\u00f3n y sistemas electr\u00f3nicos fuertemente correlacionados.<\/p>\n","protected":false},"excerpt":{"rendered":"<div class=\"mh-excerpt\"><p>Universidad de S\u00e3o Paulo (USP). Instituto de F\u00edsica (IF) Pa\u00eds: Estados Unidos BV-CDI-FAPESP CV Lattes GoogleMyCitations ResearcherID\u00a0 ORCID Licenciado en F\u00edsica por la Universidad Federal de S\u00e3o Carlos (1983), obtuvo una maestr\u00eda en F\u00edsica de <a class=\"mh-excerpt-more\" href=\"https:\/\/cdmf.org.br\/es\/renato-de-figueiredo-jardim\/\" title=\"Renato de Figueiredo Jardim\">[&#8230;]<\/a><\/p>\n<\/div>","protected":false},"author":1,"featured_media":42,"comment_status":"closed","ping_status":"open","sticky":false,"template":"","format":"standard","meta":{"_monsterinsights_skip_tracking":false,"_monsterinsights_sitenote_active":false,"_monsterinsights_sitenote_note":"","_monsterinsights_sitenote_category":0,"footnotes":""},"categories":[6],"tags":[],"class_list":{"0":"post-40","1":"post","2":"type-post","3":"status-publish","4":"format-standard","5":"has-post-thumbnail","7":"category-investigadores-principales"},"yoast_head":"<!-- This site is optimized with the Yoast SEO plugin v27.2 - https:\/\/yoast.com\/product\/yoast-seo-wordpress\/ -->\n<title>Renato de Figueiredo Jardim - Centro de Desarrollo de Materiales Funcionales<\/title>\n<meta name=\"robots\" content=\"index, follow, max-snippet:-1, max-image-preview:large, max-video-preview:-1\" \/>\n<link rel=\"canonical\" href=\"https:\/\/cdmf.org.br\/es\/renato-de-figueiredo-jardim\/\" \/>\n<meta property=\"og:locale\" content=\"es_ES\" \/>\n<meta property=\"og:type\" content=\"article\" \/>\n<meta property=\"og:title\" content=\"Renato de Figueiredo Jardim - Centro de Desarrollo de Materiales Funcionales\" \/>\n<meta property=\"og:description\" content=\"Universidad de S\u00e3o Paulo (USP). Instituto de F\u00edsica (IF) Pa\u00eds: Estados Unidos BV-CDI-FAPESP CV Lattes GoogleMyCitations ResearcherID\u00a0 ORCID Licenciado en F\u00edsica por la Universidad Federal de S\u00e3o Carlos (1983), obtuvo una maestr\u00eda en F\u00edsica de [...]\" \/>\n<meta property=\"og:url\" content=\"https:\/\/cdmf.org.br\/es\/renato-de-figueiredo-jardim\/\" \/>\n<meta property=\"og:site_name\" content=\"Centro de Desarrollo de Materiales Funcionales\" \/>\n<meta property=\"article:publisher\" content=\"https:\/\/www.facebook.com\/CDMFCEPID\/\" \/>\n<meta property=\"article:published_time\" content=\"2021-12-16T21:00:00+00:00\" \/>\n<meta property=\"article:modified_time\" content=\"2021-12-16T21:00:02+00:00\" \/>\n<meta property=\"og:image\" content=\"https:\/\/cdmf.org.br\/es\/wp-content\/uploads\/2021\/12\/Renato-de-Figueiredo-Jardim-cdmf-cepid-es.jpg\" \/>\n\t<meta property=\"og:image:width\" content=\"400\" \/>\n\t<meta property=\"og:image:height\" content=\"400\" \/>\n\t<meta property=\"og:image:type\" content=\"image\/jpeg\" \/>\n<meta name=\"author\" content=\"LAbI\" \/>\n<meta name=\"twitter:card\" content=\"summary_large_image\" \/>\n<meta name=\"twitter:creator\" content=\"@CDMF_comunica\" \/>\n<meta name=\"twitter:site\" content=\"@CDMF_comunica\" \/>\n<meta name=\"twitter:label1\" content=\"Escrito por\" \/>\n\t<meta name=\"twitter:data1\" content=\"LAbI\" \/>\n\t<meta name=\"twitter:label2\" content=\"Tiempo de lectura\" \/>\n\t<meta name=\"twitter:data2\" content=\"1 minuto\" \/>\n<script type=\"application\/ld+json\" class=\"yoast-schema-graph\">{\"@context\":\"https:\/\/schema.org\",\"@graph\":[{\"@type\":\"Article\",\"@id\":\"https:\/\/cdmf.org.br\/es\/renato-de-figueiredo-jardim\/#article\",\"isPartOf\":{\"@id\":\"https:\/\/cdmf.org.br\/es\/renato-de-figueiredo-jardim\/\"},\"author\":{\"name\":\"LAbI\",\"@id\":\"https:\/\/cdmf.org.br\/es\/#\/schema\/person\/0c86b5758e48bcdd7bf9766739759855\"},\"headline\":\"Renato de Figueiredo Jardim\",\"datePublished\":\"2021-12-16T21:00:00+00:00\",\"dateModified\":\"2021-12-16T21:00:02+00:00\",\"mainEntityOfPage\":{\"@id\":\"https:\/\/cdmf.org.br\/es\/renato-de-figueiredo-jardim\/\"},\"wordCount\":135,\"publisher\":{\"@id\":\"https:\/\/cdmf.org.br\/es\/#organization\"},\"image\":{\"@id\":\"https:\/\/cdmf.org.br\/es\/renato-de-figueiredo-jardim\/#primaryimage\"},\"thumbnailUrl\":\"https:\/\/cdmf.org.br\/es\/wp-content\/uploads\/2021\/12\/Renato-de-Figueiredo-Jardim-cdmf-cepid-es.jpg\",\"articleSection\":[\"Investigadores principales\"],\"inLanguage\":\"es\"},{\"@type\":\"WebPage\",\"@id\":\"https:\/\/cdmf.org.br\/es\/renato-de-figueiredo-jardim\/\",\"url\":\"https:\/\/cdmf.org.br\/es\/renato-de-figueiredo-jardim\/\",\"name\":\"Renato de Figueiredo Jardim - Centro de Desarrollo de Materiales Funcionales\",\"isPartOf\":{\"@id\":\"https:\/\/cdmf.org.br\/es\/#website\"},\"primaryImageOfPage\":{\"@id\":\"https:\/\/cdmf.org.br\/es\/renato-de-figueiredo-jardim\/#primaryimage\"},\"image\":{\"@id\":\"https:\/\/cdmf.org.br\/es\/renato-de-figueiredo-jardim\/#primaryimage\"},\"thumbnailUrl\":\"https:\/\/cdmf.org.br\/es\/wp-content\/uploads\/2021\/12\/Renato-de-Figueiredo-Jardim-cdmf-cepid-es.jpg\",\"datePublished\":\"2021-12-16T21:00:00+00:00\",\"dateModified\":\"2021-12-16T21:00:02+00:00\",\"breadcrumb\":{\"@id\":\"https:\/\/cdmf.org.br\/es\/renato-de-figueiredo-jardim\/#breadcrumb\"},\"inLanguage\":\"es\",\"potentialAction\":[{\"@type\":\"ReadAction\",\"target\":[\"https:\/\/cdmf.org.br\/es\/renato-de-figueiredo-jardim\/\"]}]},{\"@type\":\"ImageObject\",\"inLanguage\":\"es\",\"@id\":\"https:\/\/cdmf.org.br\/es\/renato-de-figueiredo-jardim\/#primaryimage\",\"url\":\"https:\/\/cdmf.org.br\/es\/wp-content\/uploads\/2021\/12\/Renato-de-Figueiredo-Jardim-cdmf-cepid-es.jpg\",\"contentUrl\":\"https:\/\/cdmf.org.br\/es\/wp-content\/uploads\/2021\/12\/Renato-de-Figueiredo-Jardim-cdmf-cepid-es.jpg\",\"width\":400,\"height\":400},{\"@type\":\"BreadcrumbList\",\"@id\":\"https:\/\/cdmf.org.br\/es\/renato-de-figueiredo-jardim\/#breadcrumb\",\"itemListElement\":[{\"@type\":\"ListItem\",\"position\":1,\"name\":\"Portada\",\"item\":\"https:\/\/cdmf.org.br\/es\/\"},{\"@type\":\"ListItem\",\"position\":2,\"name\":\"Renato de Figueiredo Jardim\"}]},{\"@type\":\"WebSite\",\"@id\":\"https:\/\/cdmf.org.br\/es\/#website\",\"url\":\"https:\/\/cdmf.org.br\/es\/\",\"name\":\"Centro de Desarrollo de Materiales Funcionales\",\"description\":\"Producci\u00f3n de materiales funcionales y nanoestructurados para satisfacer las nuevas necesidades de la sociedad\",\"publisher\":{\"@id\":\"https:\/\/cdmf.org.br\/es\/#organization\"},\"potentialAction\":[{\"@type\":\"SearchAction\",\"target\":{\"@type\":\"EntryPoint\",\"urlTemplate\":\"https:\/\/cdmf.org.br\/es\/?s={search_term_string}\"},\"query-input\":{\"@type\":\"PropertyValueSpecification\",\"valueRequired\":true,\"valueName\":\"search_term_string\"}}],\"inLanguage\":\"es\"},{\"@type\":\"Organization\",\"@id\":\"https:\/\/cdmf.org.br\/es\/#organization\",\"name\":\"CENTRO DE DESARROLLO DE MATERIALES FUNCIONALES\",\"url\":\"https:\/\/cdmf.org.br\/es\/\",\"logo\":{\"@type\":\"ImageObject\",\"inLanguage\":\"es\",\"@id\":\"https:\/\/cdmf.org.br\/es\/#\/schema\/logo\/image\/\",\"url\":\"https:\/\/cdmf.org.br\/es\/wp-content\/uploads\/2021\/12\/logo-cdmf-labi-ufscar-site-es.png\",\"contentUrl\":\"https:\/\/cdmf.org.br\/es\/wp-content\/uploads\/2021\/12\/logo-cdmf-labi-ufscar-site-es.png\",\"width\":279,\"height\":92,\"caption\":\"CENTRO DE DESARROLLO DE MATERIALES FUNCIONALES\"},\"image\":{\"@id\":\"https:\/\/cdmf.org.br\/es\/#\/schema\/logo\/image\/\"},\"sameAs\":[\"https:\/\/www.facebook.com\/CDMFCEPID\/\",\"https:\/\/x.com\/CDMF_comunica\",\"https:\/\/www.instagram.com\/cdmf_fapesp\/\",\"https:\/\/www.linkedin.com\/company\/33200618\/admin\/\",\"https:\/\/www.youtube.com\/playlist?list=UU3F0dJH6jQgFUC66RLxfetg\"]},{\"@type\":\"Person\",\"@id\":\"https:\/\/cdmf.org.br\/es\/#\/schema\/person\/0c86b5758e48bcdd7bf9766739759855\",\"name\":\"LAbI\",\"image\":{\"@type\":\"ImageObject\",\"inLanguage\":\"es\",\"@id\":\"https:\/\/secure.gravatar.com\/avatar\/12a7eca69d80041ba1ec4d8a982f14f38d7ebc5ec1d6e844decf3c74fc0f27bb?s=96&d=mm&r=g\",\"url\":\"https:\/\/secure.gravatar.com\/avatar\/12a7eca69d80041ba1ec4d8a982f14f38d7ebc5ec1d6e844decf3c74fc0f27bb?s=96&d=mm&r=g\",\"contentUrl\":\"https:\/\/secure.gravatar.com\/avatar\/12a7eca69d80041ba1ec4d8a982f14f38d7ebc5ec1d6e844decf3c74fc0f27bb?s=96&d=mm&r=g\",\"caption\":\"LAbI\"},\"sameAs\":[\"https:\/\/cdmf.org.br\/es\"],\"url\":\"https:\/\/cdmf.org.br\/es\/author\/labi\/\"}]}<\/script>\n<!-- \/ Yoast SEO plugin. -->","yoast_head_json":{"title":"Renato de Figueiredo Jardim - Centro de Desarrollo de Materiales Funcionales","robots":{"index":"index","follow":"follow","max-snippet":"max-snippet:-1","max-image-preview":"max-image-preview:large","max-video-preview":"max-video-preview:-1"},"canonical":"https:\/\/cdmf.org.br\/es\/renato-de-figueiredo-jardim\/","og_locale":"es_ES","og_type":"article","og_title":"Renato de Figueiredo Jardim - Centro de Desarrollo de Materiales Funcionales","og_description":"Universidad de S\u00e3o Paulo (USP). Instituto de F\u00edsica (IF) Pa\u00eds: Estados Unidos BV-CDI-FAPESP CV Lattes GoogleMyCitations ResearcherID\u00a0 ORCID Licenciado en F\u00edsica por la Universidad Federal de S\u00e3o Carlos (1983), obtuvo una maestr\u00eda en F\u00edsica de [...]","og_url":"https:\/\/cdmf.org.br\/es\/renato-de-figueiredo-jardim\/","og_site_name":"Centro de Desarrollo de Materiales Funcionales","article_publisher":"https:\/\/www.facebook.com\/CDMFCEPID\/","article_published_time":"2021-12-16T21:00:00+00:00","article_modified_time":"2021-12-16T21:00:02+00:00","og_image":[{"width":400,"height":400,"url":"https:\/\/cdmf.org.br\/es\/wp-content\/uploads\/2021\/12\/Renato-de-Figueiredo-Jardim-cdmf-cepid-es.jpg","type":"image\/jpeg"}],"author":"LAbI","twitter_card":"summary_large_image","twitter_creator":"@CDMF_comunica","twitter_site":"@CDMF_comunica","twitter_misc":{"Escrito por":"LAbI","Tiempo de lectura":"1 minuto"},"schema":{"@context":"https:\/\/schema.org","@graph":[{"@type":"Article","@id":"https:\/\/cdmf.org.br\/es\/renato-de-figueiredo-jardim\/#article","isPartOf":{"@id":"https:\/\/cdmf.org.br\/es\/renato-de-figueiredo-jardim\/"},"author":{"name":"LAbI","@id":"https:\/\/cdmf.org.br\/es\/#\/schema\/person\/0c86b5758e48bcdd7bf9766739759855"},"headline":"Renato de Figueiredo Jardim","datePublished":"2021-12-16T21:00:00+00:00","dateModified":"2021-12-16T21:00:02+00:00","mainEntityOfPage":{"@id":"https:\/\/cdmf.org.br\/es\/renato-de-figueiredo-jardim\/"},"wordCount":135,"publisher":{"@id":"https:\/\/cdmf.org.br\/es\/#organization"},"image":{"@id":"https:\/\/cdmf.org.br\/es\/renato-de-figueiredo-jardim\/#primaryimage"},"thumbnailUrl":"https:\/\/cdmf.org.br\/es\/wp-content\/uploads\/2021\/12\/Renato-de-Figueiredo-Jardim-cdmf-cepid-es.jpg","articleSection":["Investigadores principales"],"inLanguage":"es"},{"@type":"WebPage","@id":"https:\/\/cdmf.org.br\/es\/renato-de-figueiredo-jardim\/","url":"https:\/\/cdmf.org.br\/es\/renato-de-figueiredo-jardim\/","name":"Renato de Figueiredo Jardim - Centro de Desarrollo de Materiales Funcionales","isPartOf":{"@id":"https:\/\/cdmf.org.br\/es\/#website"},"primaryImageOfPage":{"@id":"https:\/\/cdmf.org.br\/es\/renato-de-figueiredo-jardim\/#primaryimage"},"image":{"@id":"https:\/\/cdmf.org.br\/es\/renato-de-figueiredo-jardim\/#primaryimage"},"thumbnailUrl":"https:\/\/cdmf.org.br\/es\/wp-content\/uploads\/2021\/12\/Renato-de-Figueiredo-Jardim-cdmf-cepid-es.jpg","datePublished":"2021-12-16T21:00:00+00:00","dateModified":"2021-12-16T21:00:02+00:00","breadcrumb":{"@id":"https:\/\/cdmf.org.br\/es\/renato-de-figueiredo-jardim\/#breadcrumb"},"inLanguage":"es","potentialAction":[{"@type":"ReadAction","target":["https:\/\/cdmf.org.br\/es\/renato-de-figueiredo-jardim\/"]}]},{"@type":"ImageObject","inLanguage":"es","@id":"https:\/\/cdmf.org.br\/es\/renato-de-figueiredo-jardim\/#primaryimage","url":"https:\/\/cdmf.org.br\/es\/wp-content\/uploads\/2021\/12\/Renato-de-Figueiredo-Jardim-cdmf-cepid-es.jpg","contentUrl":"https:\/\/cdmf.org.br\/es\/wp-content\/uploads\/2021\/12\/Renato-de-Figueiredo-Jardim-cdmf-cepid-es.jpg","width":400,"height":400},{"@type":"BreadcrumbList","@id":"https:\/\/cdmf.org.br\/es\/renato-de-figueiredo-jardim\/#breadcrumb","itemListElement":[{"@type":"ListItem","position":1,"name":"Portada","item":"https:\/\/cdmf.org.br\/es\/"},{"@type":"ListItem","position":2,"name":"Renato de Figueiredo Jardim"}]},{"@type":"WebSite","@id":"https:\/\/cdmf.org.br\/es\/#website","url":"https:\/\/cdmf.org.br\/es\/","name":"Centro de Desarrollo de Materiales Funcionales","description":"Producci\u00f3n de materiales funcionales y nanoestructurados para satisfacer las nuevas necesidades de la sociedad","publisher":{"@id":"https:\/\/cdmf.org.br\/es\/#organization"},"potentialAction":[{"@type":"SearchAction","target":{"@type":"EntryPoint","urlTemplate":"https:\/\/cdmf.org.br\/es\/?s={search_term_string}"},"query-input":{"@type":"PropertyValueSpecification","valueRequired":true,"valueName":"search_term_string"}}],"inLanguage":"es"},{"@type":"Organization","@id":"https:\/\/cdmf.org.br\/es\/#organization","name":"CENTRO DE DESARROLLO DE MATERIALES FUNCIONALES","url":"https:\/\/cdmf.org.br\/es\/","logo":{"@type":"ImageObject","inLanguage":"es","@id":"https:\/\/cdmf.org.br\/es\/#\/schema\/logo\/image\/","url":"https:\/\/cdmf.org.br\/es\/wp-content\/uploads\/2021\/12\/logo-cdmf-labi-ufscar-site-es.png","contentUrl":"https:\/\/cdmf.org.br\/es\/wp-content\/uploads\/2021\/12\/logo-cdmf-labi-ufscar-site-es.png","width":279,"height":92,"caption":"CENTRO DE DESARROLLO DE MATERIALES FUNCIONALES"},"image":{"@id":"https:\/\/cdmf.org.br\/es\/#\/schema\/logo\/image\/"},"sameAs":["https:\/\/www.facebook.com\/CDMFCEPID\/","https:\/\/x.com\/CDMF_comunica","https:\/\/www.instagram.com\/cdmf_fapesp\/","https:\/\/www.linkedin.com\/company\/33200618\/admin\/","https:\/\/www.youtube.com\/playlist?list=UU3F0dJH6jQgFUC66RLxfetg"]},{"@type":"Person","@id":"https:\/\/cdmf.org.br\/es\/#\/schema\/person\/0c86b5758e48bcdd7bf9766739759855","name":"LAbI","image":{"@type":"ImageObject","inLanguage":"es","@id":"https:\/\/secure.gravatar.com\/avatar\/12a7eca69d80041ba1ec4d8a982f14f38d7ebc5ec1d6e844decf3c74fc0f27bb?s=96&d=mm&r=g","url":"https:\/\/secure.gravatar.com\/avatar\/12a7eca69d80041ba1ec4d8a982f14f38d7ebc5ec1d6e844decf3c74fc0f27bb?s=96&d=mm&r=g","contentUrl":"https:\/\/secure.gravatar.com\/avatar\/12a7eca69d80041ba1ec4d8a982f14f38d7ebc5ec1d6e844decf3c74fc0f27bb?s=96&d=mm&r=g","caption":"LAbI"},"sameAs":["https:\/\/cdmf.org.br\/es"],"url":"https:\/\/cdmf.org.br\/es\/author\/labi\/"}]}},"_links":{"self":[{"href":"https:\/\/cdmf.org.br\/es\/wp-json\/wp\/v2\/posts\/40","targetHints":{"allow":["GET"]}}],"collection":[{"href":"https:\/\/cdmf.org.br\/es\/wp-json\/wp\/v2\/posts"}],"about":[{"href":"https:\/\/cdmf.org.br\/es\/wp-json\/wp\/v2\/types\/post"}],"author":[{"embeddable":true,"href":"https:\/\/cdmf.org.br\/es\/wp-json\/wp\/v2\/users\/1"}],"replies":[{"embeddable":true,"href":"https:\/\/cdmf.org.br\/es\/wp-json\/wp\/v2\/comments?post=40"}],"version-history":[{"count":2,"href":"https:\/\/cdmf.org.br\/es\/wp-json\/wp\/v2\/posts\/40\/revisions"}],"predecessor-version":[{"id":43,"href":"https:\/\/cdmf.org.br\/es\/wp-json\/wp\/v2\/posts\/40\/revisions\/43"}],"wp:featuredmedia":[{"embeddable":true,"href":"https:\/\/cdmf.org.br\/es\/wp-json\/wp\/v2\/media\/42"}],"wp:attachment":[{"href":"https:\/\/cdmf.org.br\/es\/wp-json\/wp\/v2\/media?parent=40"}],"wp:term":[{"taxonomy":"category","embeddable":true,"href":"https:\/\/cdmf.org.br\/es\/wp-json\/wp\/v2\/categories?post=40"},{"taxonomy":"post_tag","embeddable":true,"href":"https:\/\/cdmf.org.br\/es\/wp-json\/wp\/v2\/tags?post=40"}],"curies":[{"name":"wp","href":"https:\/\/api.w.org\/{rel}","templated":true}]}}