{"id":44,"date":"2021-12-16T21:04:21","date_gmt":"2021-12-16T21:04:21","guid":{"rendered":"https:\/\/cdmf.org.br\/es\/?p=44"},"modified":"2021-12-16T21:04:23","modified_gmt":"2021-12-16T21:04:23","slug":"reginaldo-muccillo","status":"publish","type":"post","link":"https:\/\/cdmf.org.br\/es\/reginaldo-muccillo\/","title":{"rendered":"Reginaldo Muccillo"},"content":{"rendered":"\n<figure class=\"wp-block-image size-large is-resized\"><img loading=\"lazy\" decoding=\"async\" src=\"http:\/\/cdmf.org.br\/wp-content\/uploads\/2016\/12\/Reginaldo-Muccillo-cdmf-cepid.jpg\" alt=\"\" width=\"200\" height=\"200\"\/><\/figure>\n\n\n\n<p><strong>Secretar\u00eda de Desarrollo Econ\u00f3mico, Ciencia y Tecnolog\u00eda (S\u00e3o Paulo &#8211; Estado). Instituto de Investigaci\u00f3n Energ\u00e9tica y Nuclear (IPEN)<\/strong><\/p>\n\n\n\n<p>Pa\u00eds: Brasil<\/p>\n\n\n\n<ul class=\"wp-block-list\"><li><a rel=\"noreferrer noopener\" href=\"http:\/\/www.bv.fapesp.br\/pt\/pesquisador\/353\/reginaldo-muccillo\/\" target=\"_blank\">BV-CDI-FAPESP<\/a><\/li><li><a rel=\"noreferrer noopener\" href=\"http:\/\/lattes.cnpq.br\/8323178878206962\" target=\"_blank\">CV Lattes<\/a><\/li><li><a rel=\"noreferrer noopener\" href=\"http:\/\/www.researcherid.com\/rid\/G-8440-2012\" target=\"_blank\">ResearcherID<\/a><\/li><li><a rel=\"noreferrer noopener\" href=\"http:\/\/orcid.org\/0000-0002-8598-279X\" target=\"_blank\">ORCID<\/a><\/li><\/ul>\n\n\n\n<p>Licenciado en F\u00edsica (1968), M\u00e1ster en F\u00edsica (1970) y Doctor en F\u00edsica (1976) por el Instituto de F\u00edsica de la Universidad de S. Paulo. Pr\u00e1cticas: Doctorado en el Consejo Nacional de Investigaci\u00f3n de Canad\u00e1 en Ottawa (1970-1973), investigaci\u00f3n postdoctoral en el Max Planck Institut fuer Festkoerperforschung (MPI-FKF) en Stuttgart, Alemania (1983), y Laboratoire d &#8216;Ionique et d&#8217; Electrochimie du Solide (LIESG) en Grenoble, Francia (1990). Fue elegido en 2014 miembro de la Academia Mundial de Cer\u00e1mica en la categor\u00eda de Ciencias. En 2018 recibi\u00f3 el Global Star Award de la Divisi\u00f3n de Ingenier\u00eda de la American Ceramic Society. Es investigador voluntario del Centro de Ciencia y Tecnolog\u00eda de los Materiales (CCTM) del Instituto de Investigaciones Energ\u00e9ticas y Nucleares (IPEN) de S. Paulo y fue investigador visitante senior del Centro de Ingenier\u00eda, Modelizaci\u00f3n y Ciencias Sociales Aplicadas (CECS) de la Universidad Federal del ABC (UFABC) de 2017 a 2019. Orienta a estudiantes de pregrado, maestr\u00eda y doctorado y supervisa a estudiantes de postdoctorado. Desarrolla trabajos de investigaci\u00f3n en electrocer\u00e1mica. Materiales &#8211; electrolitos cer\u00e1micos s\u00f3lidos, membranas cer\u00e1micas. Dispositivos &#8211; pilas de combustible de \u00f3xido s\u00f3lido, sensores de temperatura y qu\u00edmicos. T\u00e9cnicas &#8211; espectroscopia de impedancia electroqu\u00edmica, an\u00e1lisis t\u00e9rmico, dilatometr\u00eda, difracci\u00f3n de rayos X de alta temperatura, microscop\u00eda de barrido de sonda y microscop\u00eda electr\u00f3nica de barrido; Temas &#8211; Nanomateriales, \u00f3xidos de alta entrop\u00eda, secuestro de di\u00f3xido de carbono, sensores electroqu\u00edmicos, sinterizaci\u00f3n asistida por campo el\u00e9ctrico, sinterizaci\u00f3n flash.<\/p>\n","protected":false},"excerpt":{"rendered":"<div class=\"mh-excerpt\"><p>Secretar\u00eda de Desarrollo Econ\u00f3mico, Ciencia y Tecnolog\u00eda (S\u00e3o Paulo &#8211; Estado). Instituto de Investigaci\u00f3n Energ\u00e9tica y Nuclear (IPEN) Pa\u00eds: Brasil BV-CDI-FAPESP CV Lattes ResearcherID ORCID Licenciado en F\u00edsica (1968), M\u00e1ster en F\u00edsica (1970) y Doctor <a class=\"mh-excerpt-more\" href=\"https:\/\/cdmf.org.br\/es\/reginaldo-muccillo\/\" title=\"Reginaldo Muccillo\">[&#8230;]<\/a><\/p>\n<\/div>","protected":false},"author":1,"featured_media":45,"comment_status":"closed","ping_status":"open","sticky":false,"template":"","format":"standard","meta":{"_monsterinsights_skip_tracking":false,"_monsterinsights_sitenote_active":false,"_monsterinsights_sitenote_note":"","_monsterinsights_sitenote_category":0,"footnotes":""},"categories":[6],"tags":[],"class_list":{"0":"post-44","1":"post","2":"type-post","3":"status-publish","4":"format-standard","5":"has-post-thumbnail","7":"category-investigadores-principales"},"yoast_head":"<!-- This site is optimized with the Yoast SEO plugin v27.2 - https:\/\/yoast.com\/product\/yoast-seo-wordpress\/ -->\n<title>Reginaldo Muccillo - Centro de Desarrollo de Materiales Funcionales<\/title>\n<meta name=\"robots\" content=\"index, follow, max-snippet:-1, max-image-preview:large, max-video-preview:-1\" \/>\n<link rel=\"canonical\" href=\"https:\/\/cdmf.org.br\/es\/reginaldo-muccillo\/\" \/>\n<meta property=\"og:locale\" content=\"es_ES\" \/>\n<meta property=\"og:type\" content=\"article\" \/>\n<meta property=\"og:title\" content=\"Reginaldo Muccillo - Centro de Desarrollo de Materiales Funcionales\" \/>\n<meta property=\"og:description\" content=\"Secretar\u00eda de Desarrollo Econ\u00f3mico, Ciencia y Tecnolog\u00eda (S\u00e3o Paulo &#8211; Estado). Instituto de Investigaci\u00f3n Energ\u00e9tica y Nuclear (IPEN) Pa\u00eds: Brasil BV-CDI-FAPESP CV Lattes ResearcherID ORCID Licenciado en F\u00edsica (1968), M\u00e1ster en F\u00edsica (1970) y Doctor [...]\" \/>\n<meta property=\"og:url\" content=\"https:\/\/cdmf.org.br\/es\/reginaldo-muccillo\/\" \/>\n<meta property=\"og:site_name\" content=\"Centro de Desarrollo de Materiales Funcionales\" \/>\n<meta property=\"article:publisher\" content=\"https:\/\/www.facebook.com\/CDMFCEPID\/\" \/>\n<meta property=\"article:published_time\" content=\"2021-12-16T21:04:21+00:00\" \/>\n<meta property=\"article:modified_time\" content=\"2021-12-16T21:04:23+00:00\" \/>\n<meta property=\"og:image\" content=\"https:\/\/cdmf.org.br\/es\/wp-content\/uploads\/2021\/12\/Reginaldo-Muccillo-cdmf-cepid-es.jpg\" \/>\n\t<meta property=\"og:image:width\" content=\"400\" \/>\n\t<meta property=\"og:image:height\" content=\"400\" \/>\n\t<meta property=\"og:image:type\" content=\"image\/jpeg\" \/>\n<meta name=\"author\" content=\"LAbI\" \/>\n<meta name=\"twitter:card\" content=\"summary_large_image\" \/>\n<meta name=\"twitter:creator\" content=\"@CDMF_comunica\" \/>\n<meta name=\"twitter:site\" content=\"@CDMF_comunica\" \/>\n<meta name=\"twitter:label1\" content=\"Escrito por\" \/>\n\t<meta name=\"twitter:data1\" content=\"LAbI\" \/>\n\t<meta name=\"twitter:label2\" content=\"Tiempo de lectura\" \/>\n\t<meta name=\"twitter:data2\" content=\"1 minuto\" \/>\n<script type=\"application\/ld+json\" class=\"yoast-schema-graph\">{\"@context\":\"https:\/\/schema.org\",\"@graph\":[{\"@type\":\"Article\",\"@id\":\"https:\/\/cdmf.org.br\/es\/reginaldo-muccillo\/#article\",\"isPartOf\":{\"@id\":\"https:\/\/cdmf.org.br\/es\/reginaldo-muccillo\/\"},\"author\":{\"name\":\"LAbI\",\"@id\":\"https:\/\/cdmf.org.br\/es\/#\/schema\/person\/0c86b5758e48bcdd7bf9766739759855\"},\"headline\":\"Reginaldo Muccillo\",\"datePublished\":\"2021-12-16T21:04:21+00:00\",\"dateModified\":\"2021-12-16T21:04:23+00:00\",\"mainEntityOfPage\":{\"@id\":\"https:\/\/cdmf.org.br\/es\/reginaldo-muccillo\/\"},\"wordCount\":299,\"publisher\":{\"@id\":\"https:\/\/cdmf.org.br\/es\/#organization\"},\"image\":{\"@id\":\"https:\/\/cdmf.org.br\/es\/reginaldo-muccillo\/#primaryimage\"},\"thumbnailUrl\":\"https:\/\/cdmf.org.br\/es\/wp-content\/uploads\/2021\/12\/Reginaldo-Muccillo-cdmf-cepid-es.jpg\",\"articleSection\":[\"Investigadores principales\"],\"inLanguage\":\"es\"},{\"@type\":\"WebPage\",\"@id\":\"https:\/\/cdmf.org.br\/es\/reginaldo-muccillo\/\",\"url\":\"https:\/\/cdmf.org.br\/es\/reginaldo-muccillo\/\",\"name\":\"Reginaldo Muccillo - Centro de Desarrollo de Materiales Funcionales\",\"isPartOf\":{\"@id\":\"https:\/\/cdmf.org.br\/es\/#website\"},\"primaryImageOfPage\":{\"@id\":\"https:\/\/cdmf.org.br\/es\/reginaldo-muccillo\/#primaryimage\"},\"image\":{\"@id\":\"https:\/\/cdmf.org.br\/es\/reginaldo-muccillo\/#primaryimage\"},\"thumbnailUrl\":\"https:\/\/cdmf.org.br\/es\/wp-content\/uploads\/2021\/12\/Reginaldo-Muccillo-cdmf-cepid-es.jpg\",\"datePublished\":\"2021-12-16T21:04:21+00:00\",\"dateModified\":\"2021-12-16T21:04:23+00:00\",\"breadcrumb\":{\"@id\":\"https:\/\/cdmf.org.br\/es\/reginaldo-muccillo\/#breadcrumb\"},\"inLanguage\":\"es\",\"potentialAction\":[{\"@type\":\"ReadAction\",\"target\":[\"https:\/\/cdmf.org.br\/es\/reginaldo-muccillo\/\"]}]},{\"@type\":\"ImageObject\",\"inLanguage\":\"es\",\"@id\":\"https:\/\/cdmf.org.br\/es\/reginaldo-muccillo\/#primaryimage\",\"url\":\"https:\/\/cdmf.org.br\/es\/wp-content\/uploads\/2021\/12\/Reginaldo-Muccillo-cdmf-cepid-es.jpg\",\"contentUrl\":\"https:\/\/cdmf.org.br\/es\/wp-content\/uploads\/2021\/12\/Reginaldo-Muccillo-cdmf-cepid-es.jpg\",\"width\":400,\"height\":400},{\"@type\":\"BreadcrumbList\",\"@id\":\"https:\/\/cdmf.org.br\/es\/reginaldo-muccillo\/#breadcrumb\",\"itemListElement\":[{\"@type\":\"ListItem\",\"position\":1,\"name\":\"Portada\",\"item\":\"https:\/\/cdmf.org.br\/es\/\"},{\"@type\":\"ListItem\",\"position\":2,\"name\":\"Reginaldo Muccillo\"}]},{\"@type\":\"WebSite\",\"@id\":\"https:\/\/cdmf.org.br\/es\/#website\",\"url\":\"https:\/\/cdmf.org.br\/es\/\",\"name\":\"Centro de Desarrollo de Materiales Funcionales\",\"description\":\"Producci\u00f3n de materiales funcionales y nanoestructurados para satisfacer las nuevas necesidades de la sociedad\",\"publisher\":{\"@id\":\"https:\/\/cdmf.org.br\/es\/#organization\"},\"potentialAction\":[{\"@type\":\"SearchAction\",\"target\":{\"@type\":\"EntryPoint\",\"urlTemplate\":\"https:\/\/cdmf.org.br\/es\/?s={search_term_string}\"},\"query-input\":{\"@type\":\"PropertyValueSpecification\",\"valueRequired\":true,\"valueName\":\"search_term_string\"}}],\"inLanguage\":\"es\"},{\"@type\":\"Organization\",\"@id\":\"https:\/\/cdmf.org.br\/es\/#organization\",\"name\":\"CENTRO DE DESARROLLO DE MATERIALES FUNCIONALES\",\"url\":\"https:\/\/cdmf.org.br\/es\/\",\"logo\":{\"@type\":\"ImageObject\",\"inLanguage\":\"es\",\"@id\":\"https:\/\/cdmf.org.br\/es\/#\/schema\/logo\/image\/\",\"url\":\"https:\/\/cdmf.org.br\/es\/wp-content\/uploads\/2021\/12\/logo-cdmf-labi-ufscar-site-es.png\",\"contentUrl\":\"https:\/\/cdmf.org.br\/es\/wp-content\/uploads\/2021\/12\/logo-cdmf-labi-ufscar-site-es.png\",\"width\":279,\"height\":92,\"caption\":\"CENTRO DE DESARROLLO DE MATERIALES FUNCIONALES\"},\"image\":{\"@id\":\"https:\/\/cdmf.org.br\/es\/#\/schema\/logo\/image\/\"},\"sameAs\":[\"https:\/\/www.facebook.com\/CDMFCEPID\/\",\"https:\/\/x.com\/CDMF_comunica\",\"https:\/\/www.instagram.com\/cdmf_fapesp\/\",\"https:\/\/www.linkedin.com\/company\/33200618\/admin\/\",\"https:\/\/www.youtube.com\/playlist?list=UU3F0dJH6jQgFUC66RLxfetg\"]},{\"@type\":\"Person\",\"@id\":\"https:\/\/cdmf.org.br\/es\/#\/schema\/person\/0c86b5758e48bcdd7bf9766739759855\",\"name\":\"LAbI\",\"image\":{\"@type\":\"ImageObject\",\"inLanguage\":\"es\",\"@id\":\"https:\/\/secure.gravatar.com\/avatar\/12a7eca69d80041ba1ec4d8a982f14f38d7ebc5ec1d6e844decf3c74fc0f27bb?s=96&d=mm&r=g\",\"url\":\"https:\/\/secure.gravatar.com\/avatar\/12a7eca69d80041ba1ec4d8a982f14f38d7ebc5ec1d6e844decf3c74fc0f27bb?s=96&d=mm&r=g\",\"contentUrl\":\"https:\/\/secure.gravatar.com\/avatar\/12a7eca69d80041ba1ec4d8a982f14f38d7ebc5ec1d6e844decf3c74fc0f27bb?s=96&d=mm&r=g\",\"caption\":\"LAbI\"},\"sameAs\":[\"https:\/\/cdmf.org.br\/es\"],\"url\":\"https:\/\/cdmf.org.br\/es\/author\/labi\/\"}]}<\/script>\n<!-- \/ Yoast SEO plugin. -->","yoast_head_json":{"title":"Reginaldo Muccillo - Centro de Desarrollo de Materiales Funcionales","robots":{"index":"index","follow":"follow","max-snippet":"max-snippet:-1","max-image-preview":"max-image-preview:large","max-video-preview":"max-video-preview:-1"},"canonical":"https:\/\/cdmf.org.br\/es\/reginaldo-muccillo\/","og_locale":"es_ES","og_type":"article","og_title":"Reginaldo Muccillo - Centro de Desarrollo de Materiales Funcionales","og_description":"Secretar\u00eda de Desarrollo Econ\u00f3mico, Ciencia y Tecnolog\u00eda (S\u00e3o Paulo &#8211; Estado). Instituto de Investigaci\u00f3n Energ\u00e9tica y Nuclear (IPEN) Pa\u00eds: Brasil BV-CDI-FAPESP CV Lattes ResearcherID ORCID Licenciado en F\u00edsica (1968), M\u00e1ster en F\u00edsica (1970) y Doctor [...]","og_url":"https:\/\/cdmf.org.br\/es\/reginaldo-muccillo\/","og_site_name":"Centro de Desarrollo de Materiales Funcionales","article_publisher":"https:\/\/www.facebook.com\/CDMFCEPID\/","article_published_time":"2021-12-16T21:04:21+00:00","article_modified_time":"2021-12-16T21:04:23+00:00","og_image":[{"width":400,"height":400,"url":"https:\/\/cdmf.org.br\/es\/wp-content\/uploads\/2021\/12\/Reginaldo-Muccillo-cdmf-cepid-es.jpg","type":"image\/jpeg"}],"author":"LAbI","twitter_card":"summary_large_image","twitter_creator":"@CDMF_comunica","twitter_site":"@CDMF_comunica","twitter_misc":{"Escrito por":"LAbI","Tiempo de lectura":"1 minuto"},"schema":{"@context":"https:\/\/schema.org","@graph":[{"@type":"Article","@id":"https:\/\/cdmf.org.br\/es\/reginaldo-muccillo\/#article","isPartOf":{"@id":"https:\/\/cdmf.org.br\/es\/reginaldo-muccillo\/"},"author":{"name":"LAbI","@id":"https:\/\/cdmf.org.br\/es\/#\/schema\/person\/0c86b5758e48bcdd7bf9766739759855"},"headline":"Reginaldo Muccillo","datePublished":"2021-12-16T21:04:21+00:00","dateModified":"2021-12-16T21:04:23+00:00","mainEntityOfPage":{"@id":"https:\/\/cdmf.org.br\/es\/reginaldo-muccillo\/"},"wordCount":299,"publisher":{"@id":"https:\/\/cdmf.org.br\/es\/#organization"},"image":{"@id":"https:\/\/cdmf.org.br\/es\/reginaldo-muccillo\/#primaryimage"},"thumbnailUrl":"https:\/\/cdmf.org.br\/es\/wp-content\/uploads\/2021\/12\/Reginaldo-Muccillo-cdmf-cepid-es.jpg","articleSection":["Investigadores principales"],"inLanguage":"es"},{"@type":"WebPage","@id":"https:\/\/cdmf.org.br\/es\/reginaldo-muccillo\/","url":"https:\/\/cdmf.org.br\/es\/reginaldo-muccillo\/","name":"Reginaldo Muccillo - Centro de Desarrollo de Materiales Funcionales","isPartOf":{"@id":"https:\/\/cdmf.org.br\/es\/#website"},"primaryImageOfPage":{"@id":"https:\/\/cdmf.org.br\/es\/reginaldo-muccillo\/#primaryimage"},"image":{"@id":"https:\/\/cdmf.org.br\/es\/reginaldo-muccillo\/#primaryimage"},"thumbnailUrl":"https:\/\/cdmf.org.br\/es\/wp-content\/uploads\/2021\/12\/Reginaldo-Muccillo-cdmf-cepid-es.jpg","datePublished":"2021-12-16T21:04:21+00:00","dateModified":"2021-12-16T21:04:23+00:00","breadcrumb":{"@id":"https:\/\/cdmf.org.br\/es\/reginaldo-muccillo\/#breadcrumb"},"inLanguage":"es","potentialAction":[{"@type":"ReadAction","target":["https:\/\/cdmf.org.br\/es\/reginaldo-muccillo\/"]}]},{"@type":"ImageObject","inLanguage":"es","@id":"https:\/\/cdmf.org.br\/es\/reginaldo-muccillo\/#primaryimage","url":"https:\/\/cdmf.org.br\/es\/wp-content\/uploads\/2021\/12\/Reginaldo-Muccillo-cdmf-cepid-es.jpg","contentUrl":"https:\/\/cdmf.org.br\/es\/wp-content\/uploads\/2021\/12\/Reginaldo-Muccillo-cdmf-cepid-es.jpg","width":400,"height":400},{"@type":"BreadcrumbList","@id":"https:\/\/cdmf.org.br\/es\/reginaldo-muccillo\/#breadcrumb","itemListElement":[{"@type":"ListItem","position":1,"name":"Portada","item":"https:\/\/cdmf.org.br\/es\/"},{"@type":"ListItem","position":2,"name":"Reginaldo Muccillo"}]},{"@type":"WebSite","@id":"https:\/\/cdmf.org.br\/es\/#website","url":"https:\/\/cdmf.org.br\/es\/","name":"Centro de Desarrollo de Materiales Funcionales","description":"Producci\u00f3n de materiales funcionales y nanoestructurados para satisfacer las nuevas necesidades de la sociedad","publisher":{"@id":"https:\/\/cdmf.org.br\/es\/#organization"},"potentialAction":[{"@type":"SearchAction","target":{"@type":"EntryPoint","urlTemplate":"https:\/\/cdmf.org.br\/es\/?s={search_term_string}"},"query-input":{"@type":"PropertyValueSpecification","valueRequired":true,"valueName":"search_term_string"}}],"inLanguage":"es"},{"@type":"Organization","@id":"https:\/\/cdmf.org.br\/es\/#organization","name":"CENTRO DE DESARROLLO DE MATERIALES FUNCIONALES","url":"https:\/\/cdmf.org.br\/es\/","logo":{"@type":"ImageObject","inLanguage":"es","@id":"https:\/\/cdmf.org.br\/es\/#\/schema\/logo\/image\/","url":"https:\/\/cdmf.org.br\/es\/wp-content\/uploads\/2021\/12\/logo-cdmf-labi-ufscar-site-es.png","contentUrl":"https:\/\/cdmf.org.br\/es\/wp-content\/uploads\/2021\/12\/logo-cdmf-labi-ufscar-site-es.png","width":279,"height":92,"caption":"CENTRO DE DESARROLLO DE MATERIALES FUNCIONALES"},"image":{"@id":"https:\/\/cdmf.org.br\/es\/#\/schema\/logo\/image\/"},"sameAs":["https:\/\/www.facebook.com\/CDMFCEPID\/","https:\/\/x.com\/CDMF_comunica","https:\/\/www.instagram.com\/cdmf_fapesp\/","https:\/\/www.linkedin.com\/company\/33200618\/admin\/","https:\/\/www.youtube.com\/playlist?list=UU3F0dJH6jQgFUC66RLxfetg"]},{"@type":"Person","@id":"https:\/\/cdmf.org.br\/es\/#\/schema\/person\/0c86b5758e48bcdd7bf9766739759855","name":"LAbI","image":{"@type":"ImageObject","inLanguage":"es","@id":"https:\/\/secure.gravatar.com\/avatar\/12a7eca69d80041ba1ec4d8a982f14f38d7ebc5ec1d6e844decf3c74fc0f27bb?s=96&d=mm&r=g","url":"https:\/\/secure.gravatar.com\/avatar\/12a7eca69d80041ba1ec4d8a982f14f38d7ebc5ec1d6e844decf3c74fc0f27bb?s=96&d=mm&r=g","contentUrl":"https:\/\/secure.gravatar.com\/avatar\/12a7eca69d80041ba1ec4d8a982f14f38d7ebc5ec1d6e844decf3c74fc0f27bb?s=96&d=mm&r=g","caption":"LAbI"},"sameAs":["https:\/\/cdmf.org.br\/es"],"url":"https:\/\/cdmf.org.br\/es\/author\/labi\/"}]}},"_links":{"self":[{"href":"https:\/\/cdmf.org.br\/es\/wp-json\/wp\/v2\/posts\/44","targetHints":{"allow":["GET"]}}],"collection":[{"href":"https:\/\/cdmf.org.br\/es\/wp-json\/wp\/v2\/posts"}],"about":[{"href":"https:\/\/cdmf.org.br\/es\/wp-json\/wp\/v2\/types\/post"}],"author":[{"embeddable":true,"href":"https:\/\/cdmf.org.br\/es\/wp-json\/wp\/v2\/users\/1"}],"replies":[{"embeddable":true,"href":"https:\/\/cdmf.org.br\/es\/wp-json\/wp\/v2\/comments?post=44"}],"version-history":[{"count":1,"href":"https:\/\/cdmf.org.br\/es\/wp-json\/wp\/v2\/posts\/44\/revisions"}],"predecessor-version":[{"id":46,"href":"https:\/\/cdmf.org.br\/es\/wp-json\/wp\/v2\/posts\/44\/revisions\/46"}],"wp:featuredmedia":[{"embeddable":true,"href":"https:\/\/cdmf.org.br\/es\/wp-json\/wp\/v2\/media\/45"}],"wp:attachment":[{"href":"https:\/\/cdmf.org.br\/es\/wp-json\/wp\/v2\/media?parent=44"}],"wp:term":[{"taxonomy":"category","embeddable":true,"href":"https:\/\/cdmf.org.br\/es\/wp-json\/wp\/v2\/categories?post=44"},{"taxonomy":"post_tag","embeddable":true,"href":"https:\/\/cdmf.org.br\/es\/wp-json\/wp\/v2\/tags?post=44"}],"curies":[{"name":"wp","href":"https:\/\/api.w.org\/{rel}","templated":true}]}}