{"id":50,"date":"2021-12-16T21:20:16","date_gmt":"2021-12-16T21:20:16","guid":{"rendered":"https:\/\/cdmf.org.br\/es\/?p=50"},"modified":"2021-12-16T21:20:17","modified_gmt":"2021-12-16T21:20:17","slug":"carlos-frederico-de-oliveira-graeff","status":"publish","type":"post","link":"https:\/\/cdmf.org.br\/es\/carlos-frederico-de-oliveira-graeff\/","title":{"rendered":"Carlos Frederico de Oliveira Graeff"},"content":{"rendered":"\n<figure class=\"wp-block-image size-large is-resized\"><img loading=\"lazy\" decoding=\"async\" src=\"http:\/\/cdmf.org.br\/wp-content\/uploads\/2016\/12\/Carlos-Frederico-de-Oliveira-Graeff-cdmf-cepid.jpg\" alt=\"\" width=\"200\" height=\"200\"\/><\/figure>\n\n\n\n<p><strong>Universidad Estatal Paulista (UNESP). Campus de Bauru. Facultad de Ciencias (FC)<\/strong><\/p>\n\n\n\n<p>Pa\u00eds: Brasil<\/p>\n\n\n\n<ul class=\"wp-block-list\"><li><a rel=\"noreferrer noopener\" href=\"http:\/\/www.bv.fapesp.br\/pt\/pesquisador\/894\/carlos-frederico-de-oliveira-graeff\/\" target=\"_blank\">BV-CDI-FAPESP<\/a><\/li><li><a rel=\"noreferrer noopener\" href=\"http:\/\/lattes.cnpq.br\/5268607684223281\" target=\"_blank\">CV Lattes<\/a><\/li><li><a rel=\"noreferrer noopener\" href=\"https:\/\/scholar.google.com.br\/citations?user=OnJevpsAAAAJ&amp;hl=pt-BR&amp;hl=pt-BR\" target=\"_blank\">GoogleMyCitations<\/a><\/li><li><a rel=\"noreferrer noopener\" href=\"http:\/\/www.researcherid.com\/rid\/C-6703-2012\" target=\"_blank\">ResearcherID<\/a><\/li><li><a rel=\"noreferrer noopener\" href=\"http:\/\/orcid.org\/0000-0003-0162-8273\" target=\"_blank\">ORCID<\/a><\/li><\/ul>\n\n\n\n<p>Obteve o grau de bacharel (1989), mestrado (1991) e doutorado em f\u00edsica (1994) pela Universidade Estadual de Campinas; e como professor na Universidade de S\u00e3o Paulo (1999). Realizou est\u00e1gios de investiga\u00e7\u00e3o no Max Plank Institut f\u00fcr Festk\u00f6rperforschung, Stuttgart, Alemanha (7 meses, 1992-1993); Walter-Schottky Institut, TU-M\u00fcnchen, Alemanha (26 meses, 1994-1996) e Ecole Polytechnique F\u00e9d\u00e9rale de Lausanne, Su\u00ed\u00e7a (5 meses, 2003 e 2004). Actualmente \u00e9 Professor Catedr\u00e1tico (MS-6) do Departamento de F\u00edsica da Escola de Ci\u00eancias da Universidade Estadual Paulista J\u00falio de Mesquita Filho, Campus de Bauru, Coordenador Assistente de Mestrado Profissional da \u00c1rea de Avalia\u00e7\u00e3o 47, Materiais da CAPES \/ MEC e membro da \u00c1rea de Coordena\u00e7\u00e3o: Engenheiro na FAPESP. Foi coordenador da \u00c1rea de Avalia\u00e7\u00e3o 47, Materiais e membro do CTC-ES na CAPES \/ MEC; director cient\u00edfico da SBPMat e presidente do Clube Humboldt do Brasil. Tem experi\u00eancia em F\u00edsica Aplicada, centrada na Ci\u00eancia dos Materiais, actuando nos seguintes temas: resson\u00e2ncia magn\u00e9tica electr\u00f3nica, semicondutores, dispositivos optoelectr\u00f3nicos e biomateriais.<\/p>\n","protected":false},"excerpt":{"rendered":"<div class=\"mh-excerpt\"><p>Universidad Estatal Paulista (UNESP). Campus de Bauru. Facultad de Ciencias (FC) Pa\u00eds: Brasil BV-CDI-FAPESP CV Lattes GoogleMyCitations ResearcherID ORCID Obteve o grau de bacharel (1989), mestrado (1991) e doutorado em f\u00edsica (1994) pela Universidade Estadual <a class=\"mh-excerpt-more\" href=\"https:\/\/cdmf.org.br\/es\/carlos-frederico-de-oliveira-graeff\/\" title=\"Carlos Frederico de Oliveira Graeff\">[&#8230;]<\/a><\/p>\n<\/div>","protected":false},"author":1,"featured_media":52,"comment_status":"closed","ping_status":"open","sticky":false,"template":"","format":"standard","meta":{"_monsterinsights_skip_tracking":false,"_monsterinsights_sitenote_active":false,"_monsterinsights_sitenote_note":"","_monsterinsights_sitenote_category":0,"footnotes":""},"categories":[6],"tags":[],"class_list":{"0":"post-50","1":"post","2":"type-post","3":"status-publish","4":"format-standard","5":"has-post-thumbnail","7":"category-investigadores-principales"},"yoast_head":"<!-- This site is optimized with the Yoast SEO plugin v27.2 - https:\/\/yoast.com\/product\/yoast-seo-wordpress\/ -->\n<title>Carlos Frederico de Oliveira Graeff - Centro de Desarrollo de Materiales Funcionales<\/title>\n<meta name=\"robots\" content=\"index, follow, max-snippet:-1, max-image-preview:large, max-video-preview:-1\" \/>\n<link rel=\"canonical\" href=\"https:\/\/cdmf.org.br\/es\/carlos-frederico-de-oliveira-graeff\/\" \/>\n<meta property=\"og:locale\" content=\"es_ES\" \/>\n<meta property=\"og:type\" content=\"article\" \/>\n<meta property=\"og:title\" content=\"Carlos Frederico de Oliveira Graeff - Centro de Desarrollo de Materiales Funcionales\" \/>\n<meta property=\"og:description\" content=\"Universidad Estatal Paulista (UNESP). Campus de Bauru. Facultad de Ciencias (FC) Pa\u00eds: Brasil BV-CDI-FAPESP CV Lattes GoogleMyCitations ResearcherID ORCID Obteve o grau de bacharel (1989), mestrado (1991) e doutorado em f\u00edsica (1994) pela Universidade Estadual [...]\" \/>\n<meta property=\"og:url\" content=\"https:\/\/cdmf.org.br\/es\/carlos-frederico-de-oliveira-graeff\/\" \/>\n<meta property=\"og:site_name\" content=\"Centro de Desarrollo de Materiales Funcionales\" \/>\n<meta property=\"article:publisher\" content=\"https:\/\/www.facebook.com\/CDMFCEPID\/\" \/>\n<meta property=\"article:published_time\" content=\"2021-12-16T21:20:16+00:00\" \/>\n<meta property=\"article:modified_time\" content=\"2021-12-16T21:20:17+00:00\" \/>\n<meta property=\"og:image\" content=\"https:\/\/cdmf.org.br\/es\/wp-content\/uploads\/2021\/12\/Carlos-Frederico-de-Oliveira-Graeff-cdmf-cepid-es.jpg\" \/>\n\t<meta property=\"og:image:width\" content=\"400\" \/>\n\t<meta property=\"og:image:height\" content=\"400\" \/>\n\t<meta property=\"og:image:type\" content=\"image\/jpeg\" \/>\n<meta name=\"author\" content=\"LAbI\" \/>\n<meta name=\"twitter:card\" content=\"summary_large_image\" \/>\n<meta name=\"twitter:creator\" content=\"@CDMF_comunica\" \/>\n<meta name=\"twitter:site\" content=\"@CDMF_comunica\" \/>\n<meta name=\"twitter:label1\" content=\"Escrito por\" \/>\n\t<meta name=\"twitter:data1\" content=\"LAbI\" \/>\n\t<meta name=\"twitter:label2\" content=\"Tiempo de lectura\" \/>\n\t<meta name=\"twitter:data2\" content=\"1 minuto\" \/>\n<script type=\"application\/ld+json\" class=\"yoast-schema-graph\">{\"@context\":\"https:\/\/schema.org\",\"@graph\":[{\"@type\":\"Article\",\"@id\":\"https:\/\/cdmf.org.br\/es\/carlos-frederico-de-oliveira-graeff\/#article\",\"isPartOf\":{\"@id\":\"https:\/\/cdmf.org.br\/es\/carlos-frederico-de-oliveira-graeff\/\"},\"author\":{\"name\":\"LAbI\",\"@id\":\"https:\/\/cdmf.org.br\/es\/#\/schema\/person\/0c86b5758e48bcdd7bf9766739759855\"},\"headline\":\"Carlos Frederico de Oliveira Graeff\",\"datePublished\":\"2021-12-16T21:20:16+00:00\",\"dateModified\":\"2021-12-16T21:20:17+00:00\",\"mainEntityOfPage\":{\"@id\":\"https:\/\/cdmf.org.br\/es\/carlos-frederico-de-oliveira-graeff\/\"},\"wordCount\":194,\"publisher\":{\"@id\":\"https:\/\/cdmf.org.br\/es\/#organization\"},\"image\":{\"@id\":\"https:\/\/cdmf.org.br\/es\/carlos-frederico-de-oliveira-graeff\/#primaryimage\"},\"thumbnailUrl\":\"https:\/\/cdmf.org.br\/es\/wp-content\/uploads\/2021\/12\/Carlos-Frederico-de-Oliveira-Graeff-cdmf-cepid-es.jpg\",\"articleSection\":[\"Investigadores principales\"],\"inLanguage\":\"es\"},{\"@type\":\"WebPage\",\"@id\":\"https:\/\/cdmf.org.br\/es\/carlos-frederico-de-oliveira-graeff\/\",\"url\":\"https:\/\/cdmf.org.br\/es\/carlos-frederico-de-oliveira-graeff\/\",\"name\":\"Carlos Frederico de Oliveira Graeff - Centro de Desarrollo de Materiales Funcionales\",\"isPartOf\":{\"@id\":\"https:\/\/cdmf.org.br\/es\/#website\"},\"primaryImageOfPage\":{\"@id\":\"https:\/\/cdmf.org.br\/es\/carlos-frederico-de-oliveira-graeff\/#primaryimage\"},\"image\":{\"@id\":\"https:\/\/cdmf.org.br\/es\/carlos-frederico-de-oliveira-graeff\/#primaryimage\"},\"thumbnailUrl\":\"https:\/\/cdmf.org.br\/es\/wp-content\/uploads\/2021\/12\/Carlos-Frederico-de-Oliveira-Graeff-cdmf-cepid-es.jpg\",\"datePublished\":\"2021-12-16T21:20:16+00:00\",\"dateModified\":\"2021-12-16T21:20:17+00:00\",\"breadcrumb\":{\"@id\":\"https:\/\/cdmf.org.br\/es\/carlos-frederico-de-oliveira-graeff\/#breadcrumb\"},\"inLanguage\":\"es\",\"potentialAction\":[{\"@type\":\"ReadAction\",\"target\":[\"https:\/\/cdmf.org.br\/es\/carlos-frederico-de-oliveira-graeff\/\"]}]},{\"@type\":\"ImageObject\",\"inLanguage\":\"es\",\"@id\":\"https:\/\/cdmf.org.br\/es\/carlos-frederico-de-oliveira-graeff\/#primaryimage\",\"url\":\"https:\/\/cdmf.org.br\/es\/wp-content\/uploads\/2021\/12\/Carlos-Frederico-de-Oliveira-Graeff-cdmf-cepid-es.jpg\",\"contentUrl\":\"https:\/\/cdmf.org.br\/es\/wp-content\/uploads\/2021\/12\/Carlos-Frederico-de-Oliveira-Graeff-cdmf-cepid-es.jpg\",\"width\":400,\"height\":400},{\"@type\":\"BreadcrumbList\",\"@id\":\"https:\/\/cdmf.org.br\/es\/carlos-frederico-de-oliveira-graeff\/#breadcrumb\",\"itemListElement\":[{\"@type\":\"ListItem\",\"position\":1,\"name\":\"Portada\",\"item\":\"https:\/\/cdmf.org.br\/es\/\"},{\"@type\":\"ListItem\",\"position\":2,\"name\":\"Carlos Frederico de Oliveira Graeff\"}]},{\"@type\":\"WebSite\",\"@id\":\"https:\/\/cdmf.org.br\/es\/#website\",\"url\":\"https:\/\/cdmf.org.br\/es\/\",\"name\":\"Centro de Desarrollo de Materiales Funcionales\",\"description\":\"Producci\u00f3n de materiales funcionales y nanoestructurados para satisfacer las nuevas necesidades de la sociedad\",\"publisher\":{\"@id\":\"https:\/\/cdmf.org.br\/es\/#organization\"},\"potentialAction\":[{\"@type\":\"SearchAction\",\"target\":{\"@type\":\"EntryPoint\",\"urlTemplate\":\"https:\/\/cdmf.org.br\/es\/?s={search_term_string}\"},\"query-input\":{\"@type\":\"PropertyValueSpecification\",\"valueRequired\":true,\"valueName\":\"search_term_string\"}}],\"inLanguage\":\"es\"},{\"@type\":\"Organization\",\"@id\":\"https:\/\/cdmf.org.br\/es\/#organization\",\"name\":\"CENTRO DE DESARROLLO DE MATERIALES FUNCIONALES\",\"url\":\"https:\/\/cdmf.org.br\/es\/\",\"logo\":{\"@type\":\"ImageObject\",\"inLanguage\":\"es\",\"@id\":\"https:\/\/cdmf.org.br\/es\/#\/schema\/logo\/image\/\",\"url\":\"https:\/\/cdmf.org.br\/es\/wp-content\/uploads\/2021\/12\/logo-cdmf-labi-ufscar-site-es.png\",\"contentUrl\":\"https:\/\/cdmf.org.br\/es\/wp-content\/uploads\/2021\/12\/logo-cdmf-labi-ufscar-site-es.png\",\"width\":279,\"height\":92,\"caption\":\"CENTRO DE DESARROLLO DE MATERIALES FUNCIONALES\"},\"image\":{\"@id\":\"https:\/\/cdmf.org.br\/es\/#\/schema\/logo\/image\/\"},\"sameAs\":[\"https:\/\/www.facebook.com\/CDMFCEPID\/\",\"https:\/\/x.com\/CDMF_comunica\",\"https:\/\/www.instagram.com\/cdmf_fapesp\/\",\"https:\/\/www.linkedin.com\/company\/33200618\/admin\/\",\"https:\/\/www.youtube.com\/playlist?list=UU3F0dJH6jQgFUC66RLxfetg\"]},{\"@type\":\"Person\",\"@id\":\"https:\/\/cdmf.org.br\/es\/#\/schema\/person\/0c86b5758e48bcdd7bf9766739759855\",\"name\":\"LAbI\",\"image\":{\"@type\":\"ImageObject\",\"inLanguage\":\"es\",\"@id\":\"https:\/\/secure.gravatar.com\/avatar\/12a7eca69d80041ba1ec4d8a982f14f38d7ebc5ec1d6e844decf3c74fc0f27bb?s=96&d=mm&r=g\",\"url\":\"https:\/\/secure.gravatar.com\/avatar\/12a7eca69d80041ba1ec4d8a982f14f38d7ebc5ec1d6e844decf3c74fc0f27bb?s=96&d=mm&r=g\",\"contentUrl\":\"https:\/\/secure.gravatar.com\/avatar\/12a7eca69d80041ba1ec4d8a982f14f38d7ebc5ec1d6e844decf3c74fc0f27bb?s=96&d=mm&r=g\",\"caption\":\"LAbI\"},\"sameAs\":[\"https:\/\/cdmf.org.br\/es\"],\"url\":\"https:\/\/cdmf.org.br\/es\/author\/labi\/\"}]}<\/script>\n<!-- \/ Yoast SEO plugin. -->","yoast_head_json":{"title":"Carlos Frederico de Oliveira Graeff - Centro de Desarrollo de Materiales Funcionales","robots":{"index":"index","follow":"follow","max-snippet":"max-snippet:-1","max-image-preview":"max-image-preview:large","max-video-preview":"max-video-preview:-1"},"canonical":"https:\/\/cdmf.org.br\/es\/carlos-frederico-de-oliveira-graeff\/","og_locale":"es_ES","og_type":"article","og_title":"Carlos Frederico de Oliveira Graeff - Centro de Desarrollo de Materiales Funcionales","og_description":"Universidad Estatal Paulista (UNESP). Campus de Bauru. Facultad de Ciencias (FC) Pa\u00eds: Brasil BV-CDI-FAPESP CV Lattes GoogleMyCitations ResearcherID ORCID Obteve o grau de bacharel (1989), mestrado (1991) e doutorado em f\u00edsica (1994) pela Universidade Estadual [...]","og_url":"https:\/\/cdmf.org.br\/es\/carlos-frederico-de-oliveira-graeff\/","og_site_name":"Centro de Desarrollo de Materiales Funcionales","article_publisher":"https:\/\/www.facebook.com\/CDMFCEPID\/","article_published_time":"2021-12-16T21:20:16+00:00","article_modified_time":"2021-12-16T21:20:17+00:00","og_image":[{"width":400,"height":400,"url":"https:\/\/cdmf.org.br\/es\/wp-content\/uploads\/2021\/12\/Carlos-Frederico-de-Oliveira-Graeff-cdmf-cepid-es.jpg","type":"image\/jpeg"}],"author":"LAbI","twitter_card":"summary_large_image","twitter_creator":"@CDMF_comunica","twitter_site":"@CDMF_comunica","twitter_misc":{"Escrito por":"LAbI","Tiempo de lectura":"1 minuto"},"schema":{"@context":"https:\/\/schema.org","@graph":[{"@type":"Article","@id":"https:\/\/cdmf.org.br\/es\/carlos-frederico-de-oliveira-graeff\/#article","isPartOf":{"@id":"https:\/\/cdmf.org.br\/es\/carlos-frederico-de-oliveira-graeff\/"},"author":{"name":"LAbI","@id":"https:\/\/cdmf.org.br\/es\/#\/schema\/person\/0c86b5758e48bcdd7bf9766739759855"},"headline":"Carlos Frederico de Oliveira Graeff","datePublished":"2021-12-16T21:20:16+00:00","dateModified":"2021-12-16T21:20:17+00:00","mainEntityOfPage":{"@id":"https:\/\/cdmf.org.br\/es\/carlos-frederico-de-oliveira-graeff\/"},"wordCount":194,"publisher":{"@id":"https:\/\/cdmf.org.br\/es\/#organization"},"image":{"@id":"https:\/\/cdmf.org.br\/es\/carlos-frederico-de-oliveira-graeff\/#primaryimage"},"thumbnailUrl":"https:\/\/cdmf.org.br\/es\/wp-content\/uploads\/2021\/12\/Carlos-Frederico-de-Oliveira-Graeff-cdmf-cepid-es.jpg","articleSection":["Investigadores principales"],"inLanguage":"es"},{"@type":"WebPage","@id":"https:\/\/cdmf.org.br\/es\/carlos-frederico-de-oliveira-graeff\/","url":"https:\/\/cdmf.org.br\/es\/carlos-frederico-de-oliveira-graeff\/","name":"Carlos Frederico de Oliveira Graeff - Centro de Desarrollo de Materiales Funcionales","isPartOf":{"@id":"https:\/\/cdmf.org.br\/es\/#website"},"primaryImageOfPage":{"@id":"https:\/\/cdmf.org.br\/es\/carlos-frederico-de-oliveira-graeff\/#primaryimage"},"image":{"@id":"https:\/\/cdmf.org.br\/es\/carlos-frederico-de-oliveira-graeff\/#primaryimage"},"thumbnailUrl":"https:\/\/cdmf.org.br\/es\/wp-content\/uploads\/2021\/12\/Carlos-Frederico-de-Oliveira-Graeff-cdmf-cepid-es.jpg","datePublished":"2021-12-16T21:20:16+00:00","dateModified":"2021-12-16T21:20:17+00:00","breadcrumb":{"@id":"https:\/\/cdmf.org.br\/es\/carlos-frederico-de-oliveira-graeff\/#breadcrumb"},"inLanguage":"es","potentialAction":[{"@type":"ReadAction","target":["https:\/\/cdmf.org.br\/es\/carlos-frederico-de-oliveira-graeff\/"]}]},{"@type":"ImageObject","inLanguage":"es","@id":"https:\/\/cdmf.org.br\/es\/carlos-frederico-de-oliveira-graeff\/#primaryimage","url":"https:\/\/cdmf.org.br\/es\/wp-content\/uploads\/2021\/12\/Carlos-Frederico-de-Oliveira-Graeff-cdmf-cepid-es.jpg","contentUrl":"https:\/\/cdmf.org.br\/es\/wp-content\/uploads\/2021\/12\/Carlos-Frederico-de-Oliveira-Graeff-cdmf-cepid-es.jpg","width":400,"height":400},{"@type":"BreadcrumbList","@id":"https:\/\/cdmf.org.br\/es\/carlos-frederico-de-oliveira-graeff\/#breadcrumb","itemListElement":[{"@type":"ListItem","position":1,"name":"Portada","item":"https:\/\/cdmf.org.br\/es\/"},{"@type":"ListItem","position":2,"name":"Carlos Frederico de Oliveira Graeff"}]},{"@type":"WebSite","@id":"https:\/\/cdmf.org.br\/es\/#website","url":"https:\/\/cdmf.org.br\/es\/","name":"Centro de Desarrollo de Materiales Funcionales","description":"Producci\u00f3n de materiales funcionales y nanoestructurados para satisfacer las nuevas necesidades de la sociedad","publisher":{"@id":"https:\/\/cdmf.org.br\/es\/#organization"},"potentialAction":[{"@type":"SearchAction","target":{"@type":"EntryPoint","urlTemplate":"https:\/\/cdmf.org.br\/es\/?s={search_term_string}"},"query-input":{"@type":"PropertyValueSpecification","valueRequired":true,"valueName":"search_term_string"}}],"inLanguage":"es"},{"@type":"Organization","@id":"https:\/\/cdmf.org.br\/es\/#organization","name":"CENTRO DE DESARROLLO DE MATERIALES FUNCIONALES","url":"https:\/\/cdmf.org.br\/es\/","logo":{"@type":"ImageObject","inLanguage":"es","@id":"https:\/\/cdmf.org.br\/es\/#\/schema\/logo\/image\/","url":"https:\/\/cdmf.org.br\/es\/wp-content\/uploads\/2021\/12\/logo-cdmf-labi-ufscar-site-es.png","contentUrl":"https:\/\/cdmf.org.br\/es\/wp-content\/uploads\/2021\/12\/logo-cdmf-labi-ufscar-site-es.png","width":279,"height":92,"caption":"CENTRO DE DESARROLLO DE MATERIALES FUNCIONALES"},"image":{"@id":"https:\/\/cdmf.org.br\/es\/#\/schema\/logo\/image\/"},"sameAs":["https:\/\/www.facebook.com\/CDMFCEPID\/","https:\/\/x.com\/CDMF_comunica","https:\/\/www.instagram.com\/cdmf_fapesp\/","https:\/\/www.linkedin.com\/company\/33200618\/admin\/","https:\/\/www.youtube.com\/playlist?list=UU3F0dJH6jQgFUC66RLxfetg"]},{"@type":"Person","@id":"https:\/\/cdmf.org.br\/es\/#\/schema\/person\/0c86b5758e48bcdd7bf9766739759855","name":"LAbI","image":{"@type":"ImageObject","inLanguage":"es","@id":"https:\/\/secure.gravatar.com\/avatar\/12a7eca69d80041ba1ec4d8a982f14f38d7ebc5ec1d6e844decf3c74fc0f27bb?s=96&d=mm&r=g","url":"https:\/\/secure.gravatar.com\/avatar\/12a7eca69d80041ba1ec4d8a982f14f38d7ebc5ec1d6e844decf3c74fc0f27bb?s=96&d=mm&r=g","contentUrl":"https:\/\/secure.gravatar.com\/avatar\/12a7eca69d80041ba1ec4d8a982f14f38d7ebc5ec1d6e844decf3c74fc0f27bb?s=96&d=mm&r=g","caption":"LAbI"},"sameAs":["https:\/\/cdmf.org.br\/es"],"url":"https:\/\/cdmf.org.br\/es\/author\/labi\/"}]}},"_links":{"self":[{"href":"https:\/\/cdmf.org.br\/es\/wp-json\/wp\/v2\/posts\/50","targetHints":{"allow":["GET"]}}],"collection":[{"href":"https:\/\/cdmf.org.br\/es\/wp-json\/wp\/v2\/posts"}],"about":[{"href":"https:\/\/cdmf.org.br\/es\/wp-json\/wp\/v2\/types\/post"}],"author":[{"embeddable":true,"href":"https:\/\/cdmf.org.br\/es\/wp-json\/wp\/v2\/users\/1"}],"replies":[{"embeddable":true,"href":"https:\/\/cdmf.org.br\/es\/wp-json\/wp\/v2\/comments?post=50"}],"version-history":[{"count":1,"href":"https:\/\/cdmf.org.br\/es\/wp-json\/wp\/v2\/posts\/50\/revisions"}],"predecessor-version":[{"id":53,"href":"https:\/\/cdmf.org.br\/es\/wp-json\/wp\/v2\/posts\/50\/revisions\/53"}],"wp:featuredmedia":[{"embeddable":true,"href":"https:\/\/cdmf.org.br\/es\/wp-json\/wp\/v2\/media\/52"}],"wp:attachment":[{"href":"https:\/\/cdmf.org.br\/es\/wp-json\/wp\/v2\/media?parent=50"}],"wp:term":[{"taxonomy":"category","embeddable":true,"href":"https:\/\/cdmf.org.br\/es\/wp-json\/wp\/v2\/categories?post=50"},{"taxonomy":"post_tag","embeddable":true,"href":"https:\/\/cdmf.org.br\/es\/wp-json\/wp\/v2\/tags?post=50"}],"curies":[{"name":"wp","href":"https:\/\/api.w.org\/{rel}","templated":true}]}}