{"id":54,"date":"2021-12-16T21:26:24","date_gmt":"2021-12-16T21:26:24","guid":{"rendered":"https:\/\/cdmf.org.br\/es\/?p=54"},"modified":"2021-12-20T16:39:58","modified_gmt":"2021-12-20T16:39:58","slug":"ernesto-chaves-pereira-de-souza","status":"publish","type":"post","link":"https:\/\/cdmf.org.br\/es\/ernesto-chaves-pereira-de-souza\/","title":{"rendered":"Ernesto Chaves Pereira de Souza"},"content":{"rendered":"\n<figure class=\"wp-block-image size-large is-resized\"><img loading=\"lazy\" decoding=\"async\" src=\"http:\/\/cdmf.org.br\/wp-content\/uploads\/2016\/12\/Ernesto-Chaves-Pereira-de-Souza-cdmf-cepid.jpg\" alt=\"\" width=\"200\" height=\"200\"\/><\/figure>\n\n\n\n<p>COORDINADOR DE TRANSFERENCIA DE TECNOLOGIA<\/p>\n\n\n\n<p><strong>Universidad Federal de S\u00e3o Carlos (UFSCAR). Centro de Ciencias Exactas y Tecnolog\u00eda (CCET)<\/strong><\/p>\n\n\n\n<p>Pa\u00eds: Brasil<\/p>\n\n\n\n<ul class=\"wp-block-list\"><li><a rel=\"noreferrer noopener\" href=\"http:\/\/www.bv.fapesp.br\/pt\/pesquisador\/822\/ernesto-chaves-pereira-de-souza\/\" target=\"_blank\">BV-CDI-FAPESP<\/a><\/li><li><a rel=\"noreferrer noopener\" href=\"http:\/\/lattes.cnpq.br\/1505400360366643\" target=\"_blank\">CV Lattes<\/a><\/li><li><a rel=\"noreferrer noopener\" href=\"https:\/\/scholar.google.com.br\/citations?user=5DHUWiYAAAAJ&amp;hl=pt-BR&amp;hl=pt-BR\" target=\"_blank\">GoogleMyCitations<\/a><\/li><li><a rel=\"noreferrer noopener\" href=\"http:\/\/www.researcherid.com\/rid\/A-8576-2011\" target=\"_blank\">ResearcherID<\/a><\/li><li><a rel=\"noreferrer noopener\" href=\"http:\/\/orcid.org\/0000-0003-1058-302X\" target=\"_blank\">ORCID<\/a><\/li><\/ul>\n\n\n\n<p>Licenciatura en Qu\u00edmica por la Universidad Federal de S\u00e3o Carlos (1987), maestr\u00eda en Qu\u00edmica por la Universidad Federal de S\u00e3o Carlos (1990) y doctorado en Qu\u00edmica por la Universidad Federal de S\u00e3o Carlos (1994). Tiene experiencia en Qu\u00edmica, centr\u00e1ndose en la Electroqu\u00edmica, actuando en los siguientes temas: pol\u00edmeros conductores, propiedades magn\u00e9ticas, propiedades electroqu\u00edmicas, \u00e1cido poli-3-tiofenoac\u00e9tico y pol\u00edmeros conductores, poli(3-metiltiofeno).<\/p>\n","protected":false},"excerpt":{"rendered":"<div class=\"mh-excerpt\"><p>COORDINADOR DE TRANSFERENCIA DE TECNOLOGIA Universidad Federal de S\u00e3o Carlos (UFSCAR). Centro de Ciencias Exactas y Tecnolog\u00eda (CCET) Pa\u00eds: Brasil BV-CDI-FAPESP CV Lattes GoogleMyCitations ResearcherID ORCID Licenciatura en Qu\u00edmica por la Universidad Federal de S\u00e3o <a class=\"mh-excerpt-more\" href=\"https:\/\/cdmf.org.br\/es\/ernesto-chaves-pereira-de-souza\/\" title=\"Ernesto Chaves Pereira de Souza\">[&#8230;]<\/a><\/p>\n<\/div>","protected":false},"author":1,"featured_media":55,"comment_status":"closed","ping_status":"open","sticky":false,"template":"","format":"standard","meta":{"_monsterinsights_skip_tracking":false,"_monsterinsights_sitenote_active":false,"_monsterinsights_sitenote_note":"","_monsterinsights_sitenote_category":0,"footnotes":""},"categories":[7,6],"tags":[],"class_list":{"0":"post-54","1":"post","2":"type-post","3":"status-publish","4":"format-standard","5":"has-post-thumbnail","7":"category-coordinadores","8":"category-investigadores-principales"},"yoast_head":"<!-- This site is optimized with the Yoast SEO plugin v27.2 - https:\/\/yoast.com\/product\/yoast-seo-wordpress\/ -->\n<title>Ernesto Chaves Pereira de Souza - Centro de Desarrollo de Materiales Funcionales<\/title>\n<meta name=\"robots\" content=\"index, follow, max-snippet:-1, max-image-preview:large, max-video-preview:-1\" \/>\n<link rel=\"canonical\" href=\"https:\/\/cdmf.org.br\/es\/ernesto-chaves-pereira-de-souza\/\" \/>\n<meta property=\"og:locale\" content=\"es_ES\" \/>\n<meta property=\"og:type\" content=\"article\" \/>\n<meta property=\"og:title\" content=\"Ernesto Chaves Pereira de Souza - Centro de Desarrollo de Materiales Funcionales\" \/>\n<meta property=\"og:description\" content=\"COORDINADOR DE TRANSFERENCIA DE TECNOLOGIA Universidad Federal de S\u00e3o Carlos (UFSCAR). Centro de Ciencias Exactas y Tecnolog\u00eda (CCET) Pa\u00eds: Brasil BV-CDI-FAPESP CV Lattes GoogleMyCitations ResearcherID ORCID Licenciatura en Qu\u00edmica por la Universidad Federal de S\u00e3o [...]\" \/>\n<meta property=\"og:url\" content=\"https:\/\/cdmf.org.br\/es\/ernesto-chaves-pereira-de-souza\/\" \/>\n<meta property=\"og:site_name\" content=\"Centro de Desarrollo de Materiales Funcionales\" \/>\n<meta property=\"article:publisher\" content=\"https:\/\/www.facebook.com\/CDMFCEPID\/\" \/>\n<meta property=\"article:published_time\" content=\"2021-12-16T21:26:24+00:00\" \/>\n<meta property=\"article:modified_time\" content=\"2021-12-20T16:39:58+00:00\" \/>\n<meta property=\"og:image\" content=\"https:\/\/cdmf.org.br\/es\/wp-content\/uploads\/2021\/12\/Ernesto-Chaves-Pereira-de-Souza-cdmf-cepid-es.jpg\" \/>\n\t<meta property=\"og:image:width\" content=\"400\" \/>\n\t<meta property=\"og:image:height\" content=\"400\" \/>\n\t<meta property=\"og:image:type\" content=\"image\/jpeg\" \/>\n<meta name=\"author\" content=\"LAbI\" \/>\n<meta name=\"twitter:card\" content=\"summary_large_image\" \/>\n<meta name=\"twitter:creator\" content=\"@CDMF_comunica\" \/>\n<meta name=\"twitter:site\" content=\"@CDMF_comunica\" \/>\n<meta name=\"twitter:label1\" content=\"Escrito por\" \/>\n\t<meta name=\"twitter:data1\" content=\"LAbI\" \/>\n<script type=\"application\/ld+json\" class=\"yoast-schema-graph\">{\"@context\":\"https:\/\/schema.org\",\"@graph\":[{\"@type\":\"Article\",\"@id\":\"https:\/\/cdmf.org.br\/es\/ernesto-chaves-pereira-de-souza\/#article\",\"isPartOf\":{\"@id\":\"https:\/\/cdmf.org.br\/es\/ernesto-chaves-pereira-de-souza\/\"},\"author\":{\"name\":\"LAbI\",\"@id\":\"https:\/\/cdmf.org.br\/es\/#\/schema\/person\/0c86b5758e48bcdd7bf9766739759855\"},\"headline\":\"Ernesto Chaves Pereira de Souza\",\"datePublished\":\"2021-12-16T21:26:24+00:00\",\"dateModified\":\"2021-12-20T16:39:58+00:00\",\"mainEntityOfPage\":{\"@id\":\"https:\/\/cdmf.org.br\/es\/ernesto-chaves-pereira-de-souza\/\"},\"wordCount\":107,\"publisher\":{\"@id\":\"https:\/\/cdmf.org.br\/es\/#organization\"},\"image\":{\"@id\":\"https:\/\/cdmf.org.br\/es\/ernesto-chaves-pereira-de-souza\/#primaryimage\"},\"thumbnailUrl\":\"https:\/\/cdmf.org.br\/es\/wp-content\/uploads\/2021\/12\/Ernesto-Chaves-Pereira-de-Souza-cdmf-cepid-es.jpg\",\"articleSection\":[\"Coordinadores\",\"Investigadores principales\"],\"inLanguage\":\"es\"},{\"@type\":\"WebPage\",\"@id\":\"https:\/\/cdmf.org.br\/es\/ernesto-chaves-pereira-de-souza\/\",\"url\":\"https:\/\/cdmf.org.br\/es\/ernesto-chaves-pereira-de-souza\/\",\"name\":\"Ernesto Chaves Pereira de Souza - Centro de Desarrollo de Materiales Funcionales\",\"isPartOf\":{\"@id\":\"https:\/\/cdmf.org.br\/es\/#website\"},\"primaryImageOfPage\":{\"@id\":\"https:\/\/cdmf.org.br\/es\/ernesto-chaves-pereira-de-souza\/#primaryimage\"},\"image\":{\"@id\":\"https:\/\/cdmf.org.br\/es\/ernesto-chaves-pereira-de-souza\/#primaryimage\"},\"thumbnailUrl\":\"https:\/\/cdmf.org.br\/es\/wp-content\/uploads\/2021\/12\/Ernesto-Chaves-Pereira-de-Souza-cdmf-cepid-es.jpg\",\"datePublished\":\"2021-12-16T21:26:24+00:00\",\"dateModified\":\"2021-12-20T16:39:58+00:00\",\"breadcrumb\":{\"@id\":\"https:\/\/cdmf.org.br\/es\/ernesto-chaves-pereira-de-souza\/#breadcrumb\"},\"inLanguage\":\"es\",\"potentialAction\":[{\"@type\":\"ReadAction\",\"target\":[\"https:\/\/cdmf.org.br\/es\/ernesto-chaves-pereira-de-souza\/\"]}]},{\"@type\":\"ImageObject\",\"inLanguage\":\"es\",\"@id\":\"https:\/\/cdmf.org.br\/es\/ernesto-chaves-pereira-de-souza\/#primaryimage\",\"url\":\"https:\/\/cdmf.org.br\/es\/wp-content\/uploads\/2021\/12\/Ernesto-Chaves-Pereira-de-Souza-cdmf-cepid-es.jpg\",\"contentUrl\":\"https:\/\/cdmf.org.br\/es\/wp-content\/uploads\/2021\/12\/Ernesto-Chaves-Pereira-de-Souza-cdmf-cepid-es.jpg\",\"width\":400,\"height\":400},{\"@type\":\"BreadcrumbList\",\"@id\":\"https:\/\/cdmf.org.br\/es\/ernesto-chaves-pereira-de-souza\/#breadcrumb\",\"itemListElement\":[{\"@type\":\"ListItem\",\"position\":1,\"name\":\"Portada\",\"item\":\"https:\/\/cdmf.org.br\/es\/\"},{\"@type\":\"ListItem\",\"position\":2,\"name\":\"Ernesto Chaves Pereira de Souza\"}]},{\"@type\":\"WebSite\",\"@id\":\"https:\/\/cdmf.org.br\/es\/#website\",\"url\":\"https:\/\/cdmf.org.br\/es\/\",\"name\":\"Centro de Desarrollo de Materiales Funcionales\",\"description\":\"Producci\u00f3n de materiales funcionales y nanoestructurados para satisfacer las nuevas necesidades de la sociedad\",\"publisher\":{\"@id\":\"https:\/\/cdmf.org.br\/es\/#organization\"},\"potentialAction\":[{\"@type\":\"SearchAction\",\"target\":{\"@type\":\"EntryPoint\",\"urlTemplate\":\"https:\/\/cdmf.org.br\/es\/?s={search_term_string}\"},\"query-input\":{\"@type\":\"PropertyValueSpecification\",\"valueRequired\":true,\"valueName\":\"search_term_string\"}}],\"inLanguage\":\"es\"},{\"@type\":\"Organization\",\"@id\":\"https:\/\/cdmf.org.br\/es\/#organization\",\"name\":\"CENTRO DE DESARROLLO DE MATERIALES FUNCIONALES\",\"url\":\"https:\/\/cdmf.org.br\/es\/\",\"logo\":{\"@type\":\"ImageObject\",\"inLanguage\":\"es\",\"@id\":\"https:\/\/cdmf.org.br\/es\/#\/schema\/logo\/image\/\",\"url\":\"https:\/\/cdmf.org.br\/es\/wp-content\/uploads\/2021\/12\/logo-cdmf-labi-ufscar-site-es.png\",\"contentUrl\":\"https:\/\/cdmf.org.br\/es\/wp-content\/uploads\/2021\/12\/logo-cdmf-labi-ufscar-site-es.png\",\"width\":279,\"height\":92,\"caption\":\"CENTRO DE DESARROLLO DE MATERIALES FUNCIONALES\"},\"image\":{\"@id\":\"https:\/\/cdmf.org.br\/es\/#\/schema\/logo\/image\/\"},\"sameAs\":[\"https:\/\/www.facebook.com\/CDMFCEPID\/\",\"https:\/\/x.com\/CDMF_comunica\",\"https:\/\/www.instagram.com\/cdmf_fapesp\/\",\"https:\/\/www.linkedin.com\/company\/33200618\/admin\/\",\"https:\/\/www.youtube.com\/playlist?list=UU3F0dJH6jQgFUC66RLxfetg\"]},{\"@type\":\"Person\",\"@id\":\"https:\/\/cdmf.org.br\/es\/#\/schema\/person\/0c86b5758e48bcdd7bf9766739759855\",\"name\":\"LAbI\",\"image\":{\"@type\":\"ImageObject\",\"inLanguage\":\"es\",\"@id\":\"https:\/\/secure.gravatar.com\/avatar\/12a7eca69d80041ba1ec4d8a982f14f38d7ebc5ec1d6e844decf3c74fc0f27bb?s=96&d=mm&r=g\",\"url\":\"https:\/\/secure.gravatar.com\/avatar\/12a7eca69d80041ba1ec4d8a982f14f38d7ebc5ec1d6e844decf3c74fc0f27bb?s=96&d=mm&r=g\",\"contentUrl\":\"https:\/\/secure.gravatar.com\/avatar\/12a7eca69d80041ba1ec4d8a982f14f38d7ebc5ec1d6e844decf3c74fc0f27bb?s=96&d=mm&r=g\",\"caption\":\"LAbI\"},\"sameAs\":[\"https:\/\/cdmf.org.br\/es\"],\"url\":\"https:\/\/cdmf.org.br\/es\/author\/labi\/\"}]}<\/script>\n<!-- \/ Yoast SEO plugin. -->","yoast_head_json":{"title":"Ernesto Chaves Pereira de Souza - Centro de Desarrollo de Materiales Funcionales","robots":{"index":"index","follow":"follow","max-snippet":"max-snippet:-1","max-image-preview":"max-image-preview:large","max-video-preview":"max-video-preview:-1"},"canonical":"https:\/\/cdmf.org.br\/es\/ernesto-chaves-pereira-de-souza\/","og_locale":"es_ES","og_type":"article","og_title":"Ernesto Chaves Pereira de Souza - Centro de Desarrollo de Materiales Funcionales","og_description":"COORDINADOR DE TRANSFERENCIA DE TECNOLOGIA Universidad Federal de S\u00e3o Carlos (UFSCAR). Centro de Ciencias Exactas y Tecnolog\u00eda (CCET) Pa\u00eds: Brasil BV-CDI-FAPESP CV Lattes GoogleMyCitations ResearcherID ORCID Licenciatura en Qu\u00edmica por la Universidad Federal de S\u00e3o [...]","og_url":"https:\/\/cdmf.org.br\/es\/ernesto-chaves-pereira-de-souza\/","og_site_name":"Centro de Desarrollo de Materiales Funcionales","article_publisher":"https:\/\/www.facebook.com\/CDMFCEPID\/","article_published_time":"2021-12-16T21:26:24+00:00","article_modified_time":"2021-12-20T16:39:58+00:00","og_image":[{"width":400,"height":400,"url":"https:\/\/cdmf.org.br\/es\/wp-content\/uploads\/2021\/12\/Ernesto-Chaves-Pereira-de-Souza-cdmf-cepid-es.jpg","type":"image\/jpeg"}],"author":"LAbI","twitter_card":"summary_large_image","twitter_creator":"@CDMF_comunica","twitter_site":"@CDMF_comunica","twitter_misc":{"Escrito por":"LAbI"},"schema":{"@context":"https:\/\/schema.org","@graph":[{"@type":"Article","@id":"https:\/\/cdmf.org.br\/es\/ernesto-chaves-pereira-de-souza\/#article","isPartOf":{"@id":"https:\/\/cdmf.org.br\/es\/ernesto-chaves-pereira-de-souza\/"},"author":{"name":"LAbI","@id":"https:\/\/cdmf.org.br\/es\/#\/schema\/person\/0c86b5758e48bcdd7bf9766739759855"},"headline":"Ernesto Chaves Pereira de Souza","datePublished":"2021-12-16T21:26:24+00:00","dateModified":"2021-12-20T16:39:58+00:00","mainEntityOfPage":{"@id":"https:\/\/cdmf.org.br\/es\/ernesto-chaves-pereira-de-souza\/"},"wordCount":107,"publisher":{"@id":"https:\/\/cdmf.org.br\/es\/#organization"},"image":{"@id":"https:\/\/cdmf.org.br\/es\/ernesto-chaves-pereira-de-souza\/#primaryimage"},"thumbnailUrl":"https:\/\/cdmf.org.br\/es\/wp-content\/uploads\/2021\/12\/Ernesto-Chaves-Pereira-de-Souza-cdmf-cepid-es.jpg","articleSection":["Coordinadores","Investigadores principales"],"inLanguage":"es"},{"@type":"WebPage","@id":"https:\/\/cdmf.org.br\/es\/ernesto-chaves-pereira-de-souza\/","url":"https:\/\/cdmf.org.br\/es\/ernesto-chaves-pereira-de-souza\/","name":"Ernesto Chaves Pereira de Souza - Centro de Desarrollo de Materiales Funcionales","isPartOf":{"@id":"https:\/\/cdmf.org.br\/es\/#website"},"primaryImageOfPage":{"@id":"https:\/\/cdmf.org.br\/es\/ernesto-chaves-pereira-de-souza\/#primaryimage"},"image":{"@id":"https:\/\/cdmf.org.br\/es\/ernesto-chaves-pereira-de-souza\/#primaryimage"},"thumbnailUrl":"https:\/\/cdmf.org.br\/es\/wp-content\/uploads\/2021\/12\/Ernesto-Chaves-Pereira-de-Souza-cdmf-cepid-es.jpg","datePublished":"2021-12-16T21:26:24+00:00","dateModified":"2021-12-20T16:39:58+00:00","breadcrumb":{"@id":"https:\/\/cdmf.org.br\/es\/ernesto-chaves-pereira-de-souza\/#breadcrumb"},"inLanguage":"es","potentialAction":[{"@type":"ReadAction","target":["https:\/\/cdmf.org.br\/es\/ernesto-chaves-pereira-de-souza\/"]}]},{"@type":"ImageObject","inLanguage":"es","@id":"https:\/\/cdmf.org.br\/es\/ernesto-chaves-pereira-de-souza\/#primaryimage","url":"https:\/\/cdmf.org.br\/es\/wp-content\/uploads\/2021\/12\/Ernesto-Chaves-Pereira-de-Souza-cdmf-cepid-es.jpg","contentUrl":"https:\/\/cdmf.org.br\/es\/wp-content\/uploads\/2021\/12\/Ernesto-Chaves-Pereira-de-Souza-cdmf-cepid-es.jpg","width":400,"height":400},{"@type":"BreadcrumbList","@id":"https:\/\/cdmf.org.br\/es\/ernesto-chaves-pereira-de-souza\/#breadcrumb","itemListElement":[{"@type":"ListItem","position":1,"name":"Portada","item":"https:\/\/cdmf.org.br\/es\/"},{"@type":"ListItem","position":2,"name":"Ernesto Chaves Pereira de Souza"}]},{"@type":"WebSite","@id":"https:\/\/cdmf.org.br\/es\/#website","url":"https:\/\/cdmf.org.br\/es\/","name":"Centro de Desarrollo de Materiales Funcionales","description":"Producci\u00f3n de materiales funcionales y nanoestructurados para satisfacer las nuevas necesidades de la sociedad","publisher":{"@id":"https:\/\/cdmf.org.br\/es\/#organization"},"potentialAction":[{"@type":"SearchAction","target":{"@type":"EntryPoint","urlTemplate":"https:\/\/cdmf.org.br\/es\/?s={search_term_string}"},"query-input":{"@type":"PropertyValueSpecification","valueRequired":true,"valueName":"search_term_string"}}],"inLanguage":"es"},{"@type":"Organization","@id":"https:\/\/cdmf.org.br\/es\/#organization","name":"CENTRO DE DESARROLLO DE MATERIALES FUNCIONALES","url":"https:\/\/cdmf.org.br\/es\/","logo":{"@type":"ImageObject","inLanguage":"es","@id":"https:\/\/cdmf.org.br\/es\/#\/schema\/logo\/image\/","url":"https:\/\/cdmf.org.br\/es\/wp-content\/uploads\/2021\/12\/logo-cdmf-labi-ufscar-site-es.png","contentUrl":"https:\/\/cdmf.org.br\/es\/wp-content\/uploads\/2021\/12\/logo-cdmf-labi-ufscar-site-es.png","width":279,"height":92,"caption":"CENTRO DE DESARROLLO DE MATERIALES FUNCIONALES"},"image":{"@id":"https:\/\/cdmf.org.br\/es\/#\/schema\/logo\/image\/"},"sameAs":["https:\/\/www.facebook.com\/CDMFCEPID\/","https:\/\/x.com\/CDMF_comunica","https:\/\/www.instagram.com\/cdmf_fapesp\/","https:\/\/www.linkedin.com\/company\/33200618\/admin\/","https:\/\/www.youtube.com\/playlist?list=UU3F0dJH6jQgFUC66RLxfetg"]},{"@type":"Person","@id":"https:\/\/cdmf.org.br\/es\/#\/schema\/person\/0c86b5758e48bcdd7bf9766739759855","name":"LAbI","image":{"@type":"ImageObject","inLanguage":"es","@id":"https:\/\/secure.gravatar.com\/avatar\/12a7eca69d80041ba1ec4d8a982f14f38d7ebc5ec1d6e844decf3c74fc0f27bb?s=96&d=mm&r=g","url":"https:\/\/secure.gravatar.com\/avatar\/12a7eca69d80041ba1ec4d8a982f14f38d7ebc5ec1d6e844decf3c74fc0f27bb?s=96&d=mm&r=g","contentUrl":"https:\/\/secure.gravatar.com\/avatar\/12a7eca69d80041ba1ec4d8a982f14f38d7ebc5ec1d6e844decf3c74fc0f27bb?s=96&d=mm&r=g","caption":"LAbI"},"sameAs":["https:\/\/cdmf.org.br\/es"],"url":"https:\/\/cdmf.org.br\/es\/author\/labi\/"}]}},"_links":{"self":[{"href":"https:\/\/cdmf.org.br\/es\/wp-json\/wp\/v2\/posts\/54","targetHints":{"allow":["GET"]}}],"collection":[{"href":"https:\/\/cdmf.org.br\/es\/wp-json\/wp\/v2\/posts"}],"about":[{"href":"https:\/\/cdmf.org.br\/es\/wp-json\/wp\/v2\/types\/post"}],"author":[{"embeddable":true,"href":"https:\/\/cdmf.org.br\/es\/wp-json\/wp\/v2\/users\/1"}],"replies":[{"embeddable":true,"href":"https:\/\/cdmf.org.br\/es\/wp-json\/wp\/v2\/comments?post=54"}],"version-history":[{"count":3,"href":"https:\/\/cdmf.org.br\/es\/wp-json\/wp\/v2\/posts\/54\/revisions"}],"predecessor-version":[{"id":165,"href":"https:\/\/cdmf.org.br\/es\/wp-json\/wp\/v2\/posts\/54\/revisions\/165"}],"wp:featuredmedia":[{"embeddable":true,"href":"https:\/\/cdmf.org.br\/es\/wp-json\/wp\/v2\/media\/55"}],"wp:attachment":[{"href":"https:\/\/cdmf.org.br\/es\/wp-json\/wp\/v2\/media?parent=54"}],"wp:term":[{"taxonomy":"category","embeddable":true,"href":"https:\/\/cdmf.org.br\/es\/wp-json\/wp\/v2\/categories?post=54"},{"taxonomy":"post_tag","embeddable":true,"href":"https:\/\/cdmf.org.br\/es\/wp-json\/wp\/v2\/tags?post=54"}],"curies":[{"name":"wp","href":"https:\/\/api.w.org\/{rel}","templated":true}]}}