{"id":66,"date":"2021-12-16T21:50:07","date_gmt":"2021-12-16T21:50:07","guid":{"rendered":"https:\/\/cdmf.org.br\/es\/?p=66"},"modified":"2021-12-20T16:43:32","modified_gmt":"2021-12-20T16:43:32","slug":"adilson-jesus-aparecido-de-oliveira","status":"publish","type":"post","link":"https:\/\/cdmf.org.br\/es\/adilson-jesus-aparecido-de-oliveira\/","title":{"rendered":"Adilson Jesus Aparecido de Oliveira"},"content":{"rendered":"\n<figure class=\"wp-block-image size-full is-resized\"><img loading=\"lazy\" decoding=\"async\" src=\"https:\/\/cdmf.org.br\/es\/wp-content\/uploads\/2021\/12\/WhatsApp-Image-2021-12-17-at-12.44.01.jpeg\" alt=\"\" class=\"wp-image-144\" width=\"200\" height=\"200\"\/><\/figure>\n\n\n\n<p>COORDINADOR DE EDUCACI\u00d3N Y DIFUSI\u00d3N DE CONOCIMIENTOS<\/p>\n\n\n\n<p><strong>Universidad Federal de S\u00e3o Carlos (UFSCAR). Centro de Ciencias Exactas y Tecnolog\u00eda (CCET)<\/strong><\/p>\n\n\n\n<p>Pa\u00eds: Brasil<\/p>\n\n\n\n<ul class=\"wp-block-list\"><li><a rel=\"noreferrer noopener\" href=\"http:\/\/www.bv.fapesp.br\/pt\/pesquisador\/2203\/adilson-jesus-aparecido-de-oliveira\/\" target=\"_blank\">BV-CDI-FAPESP<\/a><\/li><li><a rel=\"noreferrer noopener\" href=\"http:\/\/lattes.cnpq.br\/4640148190073166\" target=\"_blank\">CV Lattes<\/a><\/li><li><a rel=\"noreferrer noopener\" href=\"https:\/\/scholar.google.com.br\/citations?hl=pt-%20BR&amp;user=5ZsFgcw2dZYC&amp;hl=pt-BR\" target=\"_blank\">GoogleMyCitations<\/a><\/li><\/ul>\n\n\n\n<p>Adilson Jesus Aparecido de Oliveira es Doctor en Ciencias por la UFSCar (1996) profesor titular del Departamento de F\u00edsica y fue vicepresidente de la Universidad Federal de S\u00e3o Carlos entre noviembre de 2012. Miembro del Grupo de Superconductividad y Magnetismo (GSM) e Investigador Principal del CEPID FAPESP -Centro de Desarrollo de Materiales Multifuncionales (CDMF), donde es Coordinador de la Divisi\u00f3n de Difusi\u00f3n del Conocimiento. Coordinador del Laboratorio Abierto de Interactividad (LaBi) UFSCar. Trabaja en el \u00e1rea de F\u00edsica, con \u00e9nfasis en Materiales Magn\u00e9ticos y Propiedades Magn\u00e9ticas, y Divulgaci\u00f3n Cient\u00edfica. Es el responsable del blog de divulgaci\u00f3n cient\u00edfica (www.pordentrodaciencia.blogspot.com), editor y creador de la revista electr\u00f3nica de comunicaci\u00f3n de la ciencia Click Ci\u00eancia (www.clickciencia.ufscar.br) y columnista de la Ci\u00eancia Hoje Online desde 2006.<\/p>\n","protected":false},"excerpt":{"rendered":"<div class=\"mh-excerpt\"><p>COORDINADOR DE EDUCACI\u00d3N Y DIFUSI\u00d3N DE CONOCIMIENTOS Universidad Federal de S\u00e3o Carlos (UFSCAR). Centro de Ciencias Exactas y Tecnolog\u00eda (CCET) Pa\u00eds: Brasil BV-CDI-FAPESP CV Lattes GoogleMyCitations Adilson Jesus Aparecido de Oliveira es Doctor en Ciencias <a class=\"mh-excerpt-more\" href=\"https:\/\/cdmf.org.br\/es\/adilson-jesus-aparecido-de-oliveira\/\" title=\"Adilson Jesus Aparecido de Oliveira\">[&#8230;]<\/a><\/p>\n<\/div>","protected":false},"author":1,"featured_media":144,"comment_status":"closed","ping_status":"open","sticky":false,"template":"","format":"standard","meta":{"_monsterinsights_skip_tracking":false,"_monsterinsights_sitenote_active":false,"_monsterinsights_sitenote_note":"","_monsterinsights_sitenote_category":0,"footnotes":""},"categories":[7,6],"tags":[],"class_list":{"0":"post-66","1":"post","2":"type-post","3":"status-publish","4":"format-standard","5":"has-post-thumbnail","7":"category-coordinadores","8":"category-investigadores-principales"},"yoast_head":"<!-- This site is optimized with the Yoast SEO plugin v27.2 - https:\/\/yoast.com\/product\/yoast-seo-wordpress\/ -->\n<title>Adilson Jesus Aparecido de Oliveira - Centro de Desarrollo de Materiales Funcionales<\/title>\n<meta name=\"robots\" content=\"index, follow, max-snippet:-1, max-image-preview:large, max-video-preview:-1\" \/>\n<link rel=\"canonical\" href=\"https:\/\/cdmf.org.br\/es\/adilson-jesus-aparecido-de-oliveira\/\" \/>\n<meta property=\"og:locale\" content=\"es_ES\" \/>\n<meta property=\"og:type\" content=\"article\" \/>\n<meta property=\"og:title\" content=\"Adilson Jesus Aparecido de Oliveira - Centro de Desarrollo de Materiales Funcionales\" \/>\n<meta property=\"og:description\" content=\"COORDINADOR DE EDUCACI\u00d3N Y DIFUSI\u00d3N DE CONOCIMIENTOS Universidad Federal de S\u00e3o Carlos (UFSCAR). Centro de Ciencias Exactas y Tecnolog\u00eda (CCET) Pa\u00eds: Brasil BV-CDI-FAPESP CV Lattes GoogleMyCitations Adilson Jesus Aparecido de Oliveira es Doctor en Ciencias [...]\" \/>\n<meta property=\"og:url\" content=\"https:\/\/cdmf.org.br\/es\/adilson-jesus-aparecido-de-oliveira\/\" \/>\n<meta property=\"og:site_name\" content=\"Centro de Desarrollo de Materiales Funcionales\" \/>\n<meta property=\"article:publisher\" content=\"https:\/\/www.facebook.com\/CDMFCEPID\/\" \/>\n<meta property=\"article:published_time\" content=\"2021-12-16T21:50:07+00:00\" \/>\n<meta property=\"article:modified_time\" content=\"2021-12-20T16:43:32+00:00\" \/>\n<meta property=\"og:image\" content=\"https:\/\/cdmf.org.br\/es\/wp-content\/uploads\/2021\/12\/WhatsApp-Image-2021-12-17-at-12.44.01-e1639755919664.jpeg\" \/>\n\t<meta property=\"og:image:width\" content=\"400\" \/>\n\t<meta property=\"og:image:height\" content=\"400\" \/>\n\t<meta property=\"og:image:type\" content=\"image\/jpeg\" \/>\n<meta name=\"author\" content=\"LAbI\" \/>\n<meta name=\"twitter:card\" content=\"summary_large_image\" \/>\n<meta name=\"twitter:creator\" content=\"@CDMF_comunica\" \/>\n<meta name=\"twitter:site\" content=\"@CDMF_comunica\" \/>\n<meta name=\"twitter:label1\" content=\"Escrito por\" \/>\n\t<meta name=\"twitter:data1\" content=\"LAbI\" \/>\n\t<meta name=\"twitter:label2\" content=\"Tiempo de lectura\" \/>\n\t<meta name=\"twitter:data2\" content=\"1 minuto\" \/>\n<script type=\"application\/ld+json\" class=\"yoast-schema-graph\">{\"@context\":\"https:\/\/schema.org\",\"@graph\":[{\"@type\":\"Article\",\"@id\":\"https:\/\/cdmf.org.br\/es\/adilson-jesus-aparecido-de-oliveira\/#article\",\"isPartOf\":{\"@id\":\"https:\/\/cdmf.org.br\/es\/adilson-jesus-aparecido-de-oliveira\/\"},\"author\":{\"name\":\"LAbI\",\"@id\":\"https:\/\/cdmf.org.br\/es\/#\/schema\/person\/0c86b5758e48bcdd7bf9766739759855\"},\"headline\":\"Adilson Jesus Aparecido de Oliveira\",\"datePublished\":\"2021-12-16T21:50:07+00:00\",\"dateModified\":\"2021-12-20T16:43:32+00:00\",\"mainEntityOfPage\":{\"@id\":\"https:\/\/cdmf.org.br\/es\/adilson-jesus-aparecido-de-oliveira\/\"},\"wordCount\":176,\"publisher\":{\"@id\":\"https:\/\/cdmf.org.br\/es\/#organization\"},\"image\":{\"@id\":\"https:\/\/cdmf.org.br\/es\/adilson-jesus-aparecido-de-oliveira\/#primaryimage\"},\"thumbnailUrl\":\"https:\/\/cdmf.org.br\/es\/wp-content\/uploads\/2021\/12\/WhatsApp-Image-2021-12-17-at-12.44.01-e1639755919664.jpeg\",\"articleSection\":[\"Coordinadores\",\"Investigadores principales\"],\"inLanguage\":\"es\"},{\"@type\":\"WebPage\",\"@id\":\"https:\/\/cdmf.org.br\/es\/adilson-jesus-aparecido-de-oliveira\/\",\"url\":\"https:\/\/cdmf.org.br\/es\/adilson-jesus-aparecido-de-oliveira\/\",\"name\":\"Adilson Jesus Aparecido de Oliveira - Centro de Desarrollo de Materiales Funcionales\",\"isPartOf\":{\"@id\":\"https:\/\/cdmf.org.br\/es\/#website\"},\"primaryImageOfPage\":{\"@id\":\"https:\/\/cdmf.org.br\/es\/adilson-jesus-aparecido-de-oliveira\/#primaryimage\"},\"image\":{\"@id\":\"https:\/\/cdmf.org.br\/es\/adilson-jesus-aparecido-de-oliveira\/#primaryimage\"},\"thumbnailUrl\":\"https:\/\/cdmf.org.br\/es\/wp-content\/uploads\/2021\/12\/WhatsApp-Image-2021-12-17-at-12.44.01-e1639755919664.jpeg\",\"datePublished\":\"2021-12-16T21:50:07+00:00\",\"dateModified\":\"2021-12-20T16:43:32+00:00\",\"breadcrumb\":{\"@id\":\"https:\/\/cdmf.org.br\/es\/adilson-jesus-aparecido-de-oliveira\/#breadcrumb\"},\"inLanguage\":\"es\",\"potentialAction\":[{\"@type\":\"ReadAction\",\"target\":[\"https:\/\/cdmf.org.br\/es\/adilson-jesus-aparecido-de-oliveira\/\"]}]},{\"@type\":\"ImageObject\",\"inLanguage\":\"es\",\"@id\":\"https:\/\/cdmf.org.br\/es\/adilson-jesus-aparecido-de-oliveira\/#primaryimage\",\"url\":\"https:\/\/cdmf.org.br\/es\/wp-content\/uploads\/2021\/12\/WhatsApp-Image-2021-12-17-at-12.44.01-e1639755919664.jpeg\",\"contentUrl\":\"https:\/\/cdmf.org.br\/es\/wp-content\/uploads\/2021\/12\/WhatsApp-Image-2021-12-17-at-12.44.01-e1639755919664.jpeg\",\"width\":400,\"height\":400},{\"@type\":\"BreadcrumbList\",\"@id\":\"https:\/\/cdmf.org.br\/es\/adilson-jesus-aparecido-de-oliveira\/#breadcrumb\",\"itemListElement\":[{\"@type\":\"ListItem\",\"position\":1,\"name\":\"Portada\",\"item\":\"https:\/\/cdmf.org.br\/es\/\"},{\"@type\":\"ListItem\",\"position\":2,\"name\":\"Adilson Jesus Aparecido de Oliveira\"}]},{\"@type\":\"WebSite\",\"@id\":\"https:\/\/cdmf.org.br\/es\/#website\",\"url\":\"https:\/\/cdmf.org.br\/es\/\",\"name\":\"Centro de Desarrollo de Materiales Funcionales\",\"description\":\"Producci\u00f3n de materiales funcionales y nanoestructurados para satisfacer las nuevas necesidades de la sociedad\",\"publisher\":{\"@id\":\"https:\/\/cdmf.org.br\/es\/#organization\"},\"potentialAction\":[{\"@type\":\"SearchAction\",\"target\":{\"@type\":\"EntryPoint\",\"urlTemplate\":\"https:\/\/cdmf.org.br\/es\/?s={search_term_string}\"},\"query-input\":{\"@type\":\"PropertyValueSpecification\",\"valueRequired\":true,\"valueName\":\"search_term_string\"}}],\"inLanguage\":\"es\"},{\"@type\":\"Organization\",\"@id\":\"https:\/\/cdmf.org.br\/es\/#organization\",\"name\":\"CENTRO DE DESARROLLO DE MATERIALES FUNCIONALES\",\"url\":\"https:\/\/cdmf.org.br\/es\/\",\"logo\":{\"@type\":\"ImageObject\",\"inLanguage\":\"es\",\"@id\":\"https:\/\/cdmf.org.br\/es\/#\/schema\/logo\/image\/\",\"url\":\"https:\/\/cdmf.org.br\/es\/wp-content\/uploads\/2021\/12\/logo-cdmf-labi-ufscar-site-es.png\",\"contentUrl\":\"https:\/\/cdmf.org.br\/es\/wp-content\/uploads\/2021\/12\/logo-cdmf-labi-ufscar-site-es.png\",\"width\":279,\"height\":92,\"caption\":\"CENTRO DE DESARROLLO DE MATERIALES FUNCIONALES\"},\"image\":{\"@id\":\"https:\/\/cdmf.org.br\/es\/#\/schema\/logo\/image\/\"},\"sameAs\":[\"https:\/\/www.facebook.com\/CDMFCEPID\/\",\"https:\/\/x.com\/CDMF_comunica\",\"https:\/\/www.instagram.com\/cdmf_fapesp\/\",\"https:\/\/www.linkedin.com\/company\/33200618\/admin\/\",\"https:\/\/www.youtube.com\/playlist?list=UU3F0dJH6jQgFUC66RLxfetg\"]},{\"@type\":\"Person\",\"@id\":\"https:\/\/cdmf.org.br\/es\/#\/schema\/person\/0c86b5758e48bcdd7bf9766739759855\",\"name\":\"LAbI\",\"image\":{\"@type\":\"ImageObject\",\"inLanguage\":\"es\",\"@id\":\"https:\/\/secure.gravatar.com\/avatar\/12a7eca69d80041ba1ec4d8a982f14f38d7ebc5ec1d6e844decf3c74fc0f27bb?s=96&d=mm&r=g\",\"url\":\"https:\/\/secure.gravatar.com\/avatar\/12a7eca69d80041ba1ec4d8a982f14f38d7ebc5ec1d6e844decf3c74fc0f27bb?s=96&d=mm&r=g\",\"contentUrl\":\"https:\/\/secure.gravatar.com\/avatar\/12a7eca69d80041ba1ec4d8a982f14f38d7ebc5ec1d6e844decf3c74fc0f27bb?s=96&d=mm&r=g\",\"caption\":\"LAbI\"},\"sameAs\":[\"https:\/\/cdmf.org.br\/es\"],\"url\":\"https:\/\/cdmf.org.br\/es\/author\/labi\/\"}]}<\/script>\n<!-- \/ Yoast SEO plugin. -->","yoast_head_json":{"title":"Adilson Jesus Aparecido de Oliveira - Centro de Desarrollo de Materiales Funcionales","robots":{"index":"index","follow":"follow","max-snippet":"max-snippet:-1","max-image-preview":"max-image-preview:large","max-video-preview":"max-video-preview:-1"},"canonical":"https:\/\/cdmf.org.br\/es\/adilson-jesus-aparecido-de-oliveira\/","og_locale":"es_ES","og_type":"article","og_title":"Adilson Jesus Aparecido de Oliveira - Centro de Desarrollo de Materiales Funcionales","og_description":"COORDINADOR DE EDUCACI\u00d3N Y DIFUSI\u00d3N DE CONOCIMIENTOS Universidad Federal de S\u00e3o Carlos (UFSCAR). Centro de Ciencias Exactas y Tecnolog\u00eda (CCET) Pa\u00eds: Brasil BV-CDI-FAPESP CV Lattes GoogleMyCitations Adilson Jesus Aparecido de Oliveira es Doctor en Ciencias [...]","og_url":"https:\/\/cdmf.org.br\/es\/adilson-jesus-aparecido-de-oliveira\/","og_site_name":"Centro de Desarrollo de Materiales Funcionales","article_publisher":"https:\/\/www.facebook.com\/CDMFCEPID\/","article_published_time":"2021-12-16T21:50:07+00:00","article_modified_time":"2021-12-20T16:43:32+00:00","og_image":[{"width":400,"height":400,"url":"https:\/\/cdmf.org.br\/es\/wp-content\/uploads\/2021\/12\/WhatsApp-Image-2021-12-17-at-12.44.01-e1639755919664.jpeg","type":"image\/jpeg"}],"author":"LAbI","twitter_card":"summary_large_image","twitter_creator":"@CDMF_comunica","twitter_site":"@CDMF_comunica","twitter_misc":{"Escrito por":"LAbI","Tiempo de lectura":"1 minuto"},"schema":{"@context":"https:\/\/schema.org","@graph":[{"@type":"Article","@id":"https:\/\/cdmf.org.br\/es\/adilson-jesus-aparecido-de-oliveira\/#article","isPartOf":{"@id":"https:\/\/cdmf.org.br\/es\/adilson-jesus-aparecido-de-oliveira\/"},"author":{"name":"LAbI","@id":"https:\/\/cdmf.org.br\/es\/#\/schema\/person\/0c86b5758e48bcdd7bf9766739759855"},"headline":"Adilson Jesus Aparecido de Oliveira","datePublished":"2021-12-16T21:50:07+00:00","dateModified":"2021-12-20T16:43:32+00:00","mainEntityOfPage":{"@id":"https:\/\/cdmf.org.br\/es\/adilson-jesus-aparecido-de-oliveira\/"},"wordCount":176,"publisher":{"@id":"https:\/\/cdmf.org.br\/es\/#organization"},"image":{"@id":"https:\/\/cdmf.org.br\/es\/adilson-jesus-aparecido-de-oliveira\/#primaryimage"},"thumbnailUrl":"https:\/\/cdmf.org.br\/es\/wp-content\/uploads\/2021\/12\/WhatsApp-Image-2021-12-17-at-12.44.01-e1639755919664.jpeg","articleSection":["Coordinadores","Investigadores principales"],"inLanguage":"es"},{"@type":"WebPage","@id":"https:\/\/cdmf.org.br\/es\/adilson-jesus-aparecido-de-oliveira\/","url":"https:\/\/cdmf.org.br\/es\/adilson-jesus-aparecido-de-oliveira\/","name":"Adilson Jesus Aparecido de Oliveira - Centro de Desarrollo de Materiales Funcionales","isPartOf":{"@id":"https:\/\/cdmf.org.br\/es\/#website"},"primaryImageOfPage":{"@id":"https:\/\/cdmf.org.br\/es\/adilson-jesus-aparecido-de-oliveira\/#primaryimage"},"image":{"@id":"https:\/\/cdmf.org.br\/es\/adilson-jesus-aparecido-de-oliveira\/#primaryimage"},"thumbnailUrl":"https:\/\/cdmf.org.br\/es\/wp-content\/uploads\/2021\/12\/WhatsApp-Image-2021-12-17-at-12.44.01-e1639755919664.jpeg","datePublished":"2021-12-16T21:50:07+00:00","dateModified":"2021-12-20T16:43:32+00:00","breadcrumb":{"@id":"https:\/\/cdmf.org.br\/es\/adilson-jesus-aparecido-de-oliveira\/#breadcrumb"},"inLanguage":"es","potentialAction":[{"@type":"ReadAction","target":["https:\/\/cdmf.org.br\/es\/adilson-jesus-aparecido-de-oliveira\/"]}]},{"@type":"ImageObject","inLanguage":"es","@id":"https:\/\/cdmf.org.br\/es\/adilson-jesus-aparecido-de-oliveira\/#primaryimage","url":"https:\/\/cdmf.org.br\/es\/wp-content\/uploads\/2021\/12\/WhatsApp-Image-2021-12-17-at-12.44.01-e1639755919664.jpeg","contentUrl":"https:\/\/cdmf.org.br\/es\/wp-content\/uploads\/2021\/12\/WhatsApp-Image-2021-12-17-at-12.44.01-e1639755919664.jpeg","width":400,"height":400},{"@type":"BreadcrumbList","@id":"https:\/\/cdmf.org.br\/es\/adilson-jesus-aparecido-de-oliveira\/#breadcrumb","itemListElement":[{"@type":"ListItem","position":1,"name":"Portada","item":"https:\/\/cdmf.org.br\/es\/"},{"@type":"ListItem","position":2,"name":"Adilson Jesus Aparecido de Oliveira"}]},{"@type":"WebSite","@id":"https:\/\/cdmf.org.br\/es\/#website","url":"https:\/\/cdmf.org.br\/es\/","name":"Centro de Desarrollo de Materiales Funcionales","description":"Producci\u00f3n de materiales funcionales y nanoestructurados para satisfacer las nuevas necesidades de la sociedad","publisher":{"@id":"https:\/\/cdmf.org.br\/es\/#organization"},"potentialAction":[{"@type":"SearchAction","target":{"@type":"EntryPoint","urlTemplate":"https:\/\/cdmf.org.br\/es\/?s={search_term_string}"},"query-input":{"@type":"PropertyValueSpecification","valueRequired":true,"valueName":"search_term_string"}}],"inLanguage":"es"},{"@type":"Organization","@id":"https:\/\/cdmf.org.br\/es\/#organization","name":"CENTRO DE DESARROLLO DE MATERIALES FUNCIONALES","url":"https:\/\/cdmf.org.br\/es\/","logo":{"@type":"ImageObject","inLanguage":"es","@id":"https:\/\/cdmf.org.br\/es\/#\/schema\/logo\/image\/","url":"https:\/\/cdmf.org.br\/es\/wp-content\/uploads\/2021\/12\/logo-cdmf-labi-ufscar-site-es.png","contentUrl":"https:\/\/cdmf.org.br\/es\/wp-content\/uploads\/2021\/12\/logo-cdmf-labi-ufscar-site-es.png","width":279,"height":92,"caption":"CENTRO DE DESARROLLO DE MATERIALES FUNCIONALES"},"image":{"@id":"https:\/\/cdmf.org.br\/es\/#\/schema\/logo\/image\/"},"sameAs":["https:\/\/www.facebook.com\/CDMFCEPID\/","https:\/\/x.com\/CDMF_comunica","https:\/\/www.instagram.com\/cdmf_fapesp\/","https:\/\/www.linkedin.com\/company\/33200618\/admin\/","https:\/\/www.youtube.com\/playlist?list=UU3F0dJH6jQgFUC66RLxfetg"]},{"@type":"Person","@id":"https:\/\/cdmf.org.br\/es\/#\/schema\/person\/0c86b5758e48bcdd7bf9766739759855","name":"LAbI","image":{"@type":"ImageObject","inLanguage":"es","@id":"https:\/\/secure.gravatar.com\/avatar\/12a7eca69d80041ba1ec4d8a982f14f38d7ebc5ec1d6e844decf3c74fc0f27bb?s=96&d=mm&r=g","url":"https:\/\/secure.gravatar.com\/avatar\/12a7eca69d80041ba1ec4d8a982f14f38d7ebc5ec1d6e844decf3c74fc0f27bb?s=96&d=mm&r=g","contentUrl":"https:\/\/secure.gravatar.com\/avatar\/12a7eca69d80041ba1ec4d8a982f14f38d7ebc5ec1d6e844decf3c74fc0f27bb?s=96&d=mm&r=g","caption":"LAbI"},"sameAs":["https:\/\/cdmf.org.br\/es"],"url":"https:\/\/cdmf.org.br\/es\/author\/labi\/"}]}},"_links":{"self":[{"href":"https:\/\/cdmf.org.br\/es\/wp-json\/wp\/v2\/posts\/66","targetHints":{"allow":["GET"]}}],"collection":[{"href":"https:\/\/cdmf.org.br\/es\/wp-json\/wp\/v2\/posts"}],"about":[{"href":"https:\/\/cdmf.org.br\/es\/wp-json\/wp\/v2\/types\/post"}],"author":[{"embeddable":true,"href":"https:\/\/cdmf.org.br\/es\/wp-json\/wp\/v2\/users\/1"}],"replies":[{"embeddable":true,"href":"https:\/\/cdmf.org.br\/es\/wp-json\/wp\/v2\/comments?post=66"}],"version-history":[{"count":4,"href":"https:\/\/cdmf.org.br\/es\/wp-json\/wp\/v2\/posts\/66\/revisions"}],"predecessor-version":[{"id":171,"href":"https:\/\/cdmf.org.br\/es\/wp-json\/wp\/v2\/posts\/66\/revisions\/171"}],"wp:featuredmedia":[{"embeddable":true,"href":"https:\/\/cdmf.org.br\/es\/wp-json\/wp\/v2\/media\/144"}],"wp:attachment":[{"href":"https:\/\/cdmf.org.br\/es\/wp-json\/wp\/v2\/media?parent=66"}],"wp:term":[{"taxonomy":"category","embeddable":true,"href":"https:\/\/cdmf.org.br\/es\/wp-json\/wp\/v2\/categories?post=66"},{"taxonomy":"post_tag","embeddable":true,"href":"https:\/\/cdmf.org.br\/es\/wp-json\/wp\/v2\/tags?post=66"}],"curies":[{"name":"wp","href":"https:\/\/api.w.org\/{rel}","templated":true}]}}